{"id":118288,"date":"2025-11-25T20:44:08","date_gmt":"2025-11-25T20:44:08","guid":{"rendered":"https:\/\/www.europesays.com\/pl\/118288\/"},"modified":"2025-11-25T20:44:08","modified_gmt":"2025-11-25T20:44:08","slug":"filip-kopczynski-chce-pojsc-w-slady-markowskiej-i-kopczynskiego-nastolatek-rozkreca-medialna-kariere","status":"publish","type":"post","link":"https:\/\/www.europesays.com\/pl\/118288\/","title":{"rendered":"Filip Kopczy\u0144ski chce p\u00f3j\u015b\u0107 w \u015blady Markowskiej i Kopczy\u0144skiego. Nastolatek rozkr\u0119ca medialn\u0105 karier\u0119"},"content":{"rendered":"<p>Patrycja Markowska i Jacek Kopczy\u0144ski rozstali si\u0119 po 16 latach<\/p>\n<p class=\"typography ids-typeset-body ids-typeset-body--preset-large link paragraph ids-paragraph ids-paragraph--default\"><a href=\"https:\/\/www.pomponik.pl\/gwiazdy-i-produkcje-patrycja-markowska,gsbi,731\" rel=\"nofollow noopener\" target=\"_blank\">Patrycja Markowska<\/a> przez kilkana\u015bcie lat tworzy\u0142a zwi\u0105zek z <a href=\"https:\/\/www.pomponik.pl\/tagi-jacek-kopczynski,tId,120244\" target=\"_blank\" rel=\"nofollow noopener\">Jackiem Kopczy\u0144skim<\/a>. Pomimo tego, \u017ce para doczeka\u0142a si\u0119 wsp\u00f3lnej pociechy i mog\u0142a pochwali\u0107 si\u0119 imponuj\u0105cym sta\u017cem, nigdy nie zdecydowa\u0142a si\u0119 na legalizacj\u0119 swojej relacji.<\/p>\n<p class=\"typography ids-typeset-body ids-typeset-body--preset-large link paragraph ids-paragraph ids-paragraph--default\">W pewnym momencie w mediach pojawi\u0142y si\u0119 plotki o kryzysie. P\u00f3\u017aniej wybranek c\u00f3rki lidera Perfectu zacz\u0105\u0142 pojawia\u0107 si\u0119 na bran\u017cowych imprezach w towarzystwie innej kobiety i szybko sta\u0142o si\u0119 jasne, \u017ce dosz\u0142o do rozstania.<\/p>\n<p>Maryla Rodowicz o szcz\u0119\u015bciu i wielkim marzeniu. Co robi\u0107, aby lekko \u017cy\u0107?pomponik.pl<\/p>\n<p class=\"typography ids-typeset-body ids-typeset-body--preset-large link paragraph ids-paragraph ids-paragraph--default\">Chocia\u017c ka\u017cde z nich posz\u0142o w swoj\u0105 stron\u0119, by\u0142ych wybrank\u00f3w wci\u0105\u017c \u0142\u0105czy syn.\u00a0Filip Kopczy\u0144ski nie jest jeszcze pe\u0142noletni, ale ju\u017c teraz wygl\u0105da na to, \u017ce ma zamiar p\u00f3j\u015b\u0107 w \u015blady rodzic\u00f3w i marzy o karierze w show-biznesie.<\/p>\n<p>Syn Patrycji Markowskiej i Jacka Kopczy\u0144skiego rozkr\u0119ca medialn\u0105 karier\u0119<\/p>\n<p class=\"typography ids-typeset-body ids-typeset-body--preset-large link paragraph ids-paragraph ids-paragraph--default\">Ucze\u0144 liceum filmowego pocz\u0105tkowo kierowa\u0142 si\u0119 w stron\u0119 rockowego brzmienia, z czasem\u00a0postanowi\u0142 zaj\u0105\u0107 si\u0119 innym gatunkiem muzyki i dzi\u015b spe\u0142nia si\u0119 jako raper &#8211; pisze oraz nagrywa w\u0142asne piosenki, a jego kompozycje dost\u0119pne s\u0105 w serwisach streamingowych.<\/p>\n<p class=\"typography ids-typeset-body ids-typeset-body--preset-large link paragraph ids-paragraph ids-paragraph--default\">&#8222;Kiedy\u015b bra\u0142 gitar\u0119 i gra\u0142 przy ognisku, a\u00a0teraz, mam wra\u017cenie, \u017ce m\u0142odzi ludzie kochaj\u0105 po prostu rapowa\u0107, a przynajmniej m\u00f3j syn. Pisze sam teksty, co mnie wzrusza, bo zacz\u0119\u0142am pisa\u0107, jak mia\u0142am 15 lat. (&#8230;) Przychodzi do mnie z tekstami, o nic nie pyta, a jak ja pr\u00f3buj\u0119 co\u015b zmieni\u0107, to m\u00f3wi: chyba sobie \u017cartujesz, b\u0119dzie tak, jak ja chc\u0119 i za to go szanuj\u0119&#8221; &#8211; m\u00f3wi\u0142a Patrycja Markowska w rozmowie z Onetem.<\/p>\n<p>Filip Kopczy\u0144ski do\u0142\u0105czy\u0142 do obsady &#8222;Uroczyska&#8221;<\/p>\n<p class=\"typography ids-typeset-body ids-typeset-body--preset-large link paragraph ids-paragraph ids-paragraph--default\">Na tym nie ko\u0144cz\u0105 si\u0119 jego ambicje. Niedawno okaza\u0142o si\u0119, \u017ce Filip Kopczy\u0144ski ma ju\u017c za sob\u0105 debiut aktorski. Syn s\u0142ynnej pary do\u0142\u0105czy\u0142 do obsady serialu &#8222;Uroczysko&#8221;, gdzie wciela si\u0119 w rol\u0119 Olafa &#8211; brata bohaterki granej przez Julit\u0119 Koper.<\/p>\n<p class=\"typography ids-typeset-body ids-typeset-body--preset-large link paragraph ids-paragraph ids-paragraph--default\">W obsadzie serialu nie brakuje tak\u017ce innych znanych nazwisk &#8211; nastolatek ma okazj\u0119 wyst\u0119powa\u0107 mi\u0119dzy innymi u boku Katarzyny Ucherskiej, <a href=\"https:\/\/www.pomponik.pl\/gwiazdy-i-produkcje-antoni-krolikowski,gsbi,182\" rel=\"nofollow noopener\" target=\"_blank\">Antoniego Kr\u00f3likowskiego<\/a> czy Micha\u0142a Milowicza.<\/p>\n<p class=\"typography ids-typeset-body ids-typeset-body--preset-large link paragraph ids-paragraph ids-paragraph--default\">Czy Filip Kopczy\u0144ski zrobi karier\u0119 na miar\u0119 s\u0142awnych rodzic\u00f3w?<\/p>\n<p>Czytaj tak\u017ce:<a id=\"a-img\" class=\"hl-6\"><img class=\"hl-8\"\/><\/a><a id=\"a-main\" class=\"hl-9\"\/>Halo! Wejd\u017a na <a id=\"halo-text-a\" href=\"https:\/\/halotu.polsat.pl#parametr=link_halo\" rel=\"nofollow noopener\" target=\"_blank\">halotu.polsat.pl<\/a> i nie przegap naj\u015bwie\u017cszych informacji z poranka w Polsacie.<\/p>\n<ul class=\"typography ids-typeset-body ids-typeset-body--preset-small list--article-list ids-list ids-list--unordered ids-list--size-small \" datatype=\"disc\">\n<li class=\"ids-list-item ids-list-item__content brief-list-item\"><a class=\"ids-undecorated-link link ids-link \" data-spons=\"false\" href=\"https:\/\/www.pomponik.pl\/relacje-i-zwiazki\/news-w-rolniku-wyjawila-prawdziwa-twarz-seweryna-teraz-sama-znala,nId,22460078\" rel=\"nofollow noopener\" target=\"_blank\">W &#8222;Rolniku&#8221; wyjawi\u0142a prawdziw\u0105 twarz Seweryna. Teraz sama znalaz\u0142a szcz\u0119\u015bliwe zako\u0144czenie<\/a><\/li>\n<li class=\"ids-list-item ids-list-item__content brief-list-item\"><a class=\"ids-undecorated-link link ids-link \" data-spons=\"false\" href=\"https:\/\/www.pomponik.pl\/plotki\/news-wielka-radosc-w-domu-kurskich-joanna-oficjalnie-potwierdzila,nId,22460158\" rel=\"nofollow noopener\" target=\"_blank\">Wielka rado\u015b\u0107 w domu Kurskich. Joanna oficjalnie potwierdzi\u0142a nowin\u0119. P\u0142yn\u0105 gratulacje nawet od niedowiark\u00f3w<\/a><\/li>\n<\/ul>\n","protected":false},"excerpt":{"rendered":"Patrycja Markowska i Jacek Kopczy\u0144ski rozstali si\u0119 po 16 latach Patrycja Markowska przez kilkana\u015bcie lat tworzy\u0142a zwi\u0105zek z&hellip;\n","protected":false},"author":2,"featured_media":108558,"comment_status":"","ping_status":"","sticky":false,"template":"","format":"standard","meta":{"footnotes":""},"categories":[22],"tags":[122,42,38,40,39,41,123],"class_list":{"0":"post-118288","1":"post","2":"type-post","3":"status-publish","4":"format-standard","5":"has-post-thumbnail","7":"category-rozrywka","8":"tag-entertainment","9":"tag-pl","10":"tag-poland","11":"tag-polish","12":"tag-polska","13":"tag-polski","14":"tag-rozrywka"},"share_on_mastodon":{"url":"https:\/\/pubeurope.com\/@pl\/115612291121057405","error":""},"_links":{"self":[{"href":"https:\/\/www.europesays.com\/pl\/wp-json\/wp\/v2\/posts\/118288","targetHints":{"allow":["GET"]}}],"collection":[{"href":"https:\/\/www.europesays.com\/pl\/wp-json\/wp\/v2\/posts"}],"about":[{"href":"https:\/\/www.europesays.com\/pl\/wp-json\/wp\/v2\/types\/post"}],"author":[{"embeddable":true,"href":"https:\/\/www.europesays.com\/pl\/wp-json\/wp\/v2\/users\/2"}],"replies":[{"embeddable":true,"href":"https:\/\/www.europesays.com\/pl\/wp-json\/wp\/v2\/comments?post=118288"}],"version-history":[{"count":0,"href":"https:\/\/www.europesays.com\/pl\/wp-json\/wp\/v2\/posts\/118288\/revisions"}],"wp:featuredmedia":[{"embeddable":true,"href":"https:\/\/www.europesays.com\/pl\/wp-json\/wp\/v2\/media\/108558"}],"wp:attachment":[{"href":"https:\/\/www.europesays.com\/pl\/wp-json\/wp\/v2\/media?parent=118288"}],"wp:term":[{"taxonomy":"category","embeddable":true,"href":"https:\/\/www.europesays.com\/pl\/wp-json\/wp\/v2\/categories?post=118288"},{"taxonomy":"post_tag","embeddable":true,"href":"https:\/\/www.europesays.com\/pl\/wp-json\/wp\/v2\/tags?post=118288"}],"curies":[{"name":"wp","href":"https:\/\/api.w.org\/{rel}","templated":true}]}}