{"id":118297,"date":"2025-11-25T20:51:15","date_gmt":"2025-11-25T20:51:15","guid":{"rendered":"https:\/\/www.europesays.com\/pl\/118297\/"},"modified":"2025-11-25T20:51:15","modified_gmt":"2025-11-25T20:51:15","slug":"sara-janicka-potwierdzila-doniesienia-ws-rozwodu-sprawa-zakonczyla-sie-kilka-miesiecy-temu","status":"publish","type":"post","link":"https:\/\/www.europesays.com\/pl\/118297\/","title":{"rendered":"Sara Janicka potwierdzi\u0142a doniesienia ws. rozwodu. &#8222;Sprawa zako\u0144czy\u0142a si\u0119 kilka miesi\u0119cy temu&#8221;"},"content":{"rendered":"<p class=\"typography ids-typeset-body ids-typeset-body--preset-large link paragraph ids-paragraph ids-paragraph--default\">Materia\u0142 zawiera linki partner\u00f3w reklamowych<\/p>\n<p>Sara Janicka i Maurycy Popiel zaj\u0119li drugie miejsce w &#8222;Ta\u0144cu z gwiazdami&#8221;<\/p>\n<p class=\"typography ids-typeset-body ids-typeset-body--preset-large link paragraph ids-paragraph ids-paragraph--default\"><a href=\"https:\/\/www.pomponik.pl\/tagi-sara-janicka,tId,453412\" target=\"_self\" rel=\"nofollow noopener\">Sara Janicka<\/a> jest dzi\u015b jedn\u0105 z najlepiej rozpoznawanych tancerek w naszym kraju. Ogromn\u0105 popularno\u015b\u0107 przyni\u00f3s\u0142 jej program <a href=\"https:\/\/www.pomponik.pl\/gwiazdy-i-produkcje-taniec-z-gwiazdami,gsbi,69\" target=\"_self\" rel=\"nofollow noopener\">&#8222;Taniec z gwiazdami&#8221;<\/a>. Ledwie tydzie\u0144 temu zako\u0144czy\u0142a si\u0119 17. edycja, w kt\u00f3rej 30-latka wraz z <a href=\"https:\/\/www.pomponik.pl\/gwiazdy-i-produkcje-maurycy-popiel,gsbi,6862\" target=\"_self\" rel=\"nofollow noopener\">Maurycym Popielem<\/a> zaj\u0119\u0142a drugie miejsce.<\/p>\n<p class=\"typography ids-typeset-body ids-typeset-body--preset-large link paragraph ids-paragraph ids-paragraph--default\">&#8222;Ja czuj\u0119 si\u0119 wspaniale, czuj\u0119 si\u0119 bardzo dobrze, zaskakuj\u0105co dobrze. Mam gdzie\u015b ducha tego sportowca, wi\u0119c sama zastanawia\u0142am si\u0119, jak to b\u0119dzie z tym, \u017ce gdzie\u015b nie uda\u0142o si\u0119 zdoby\u0107 tej nagrody g\u0142\u00f3wnej (\u2026)&#8221; &#8211; m\u00f3wi\u0142a w rozmowie z serwisem Jastrz\u0105b Post. Tancerka podkre\u015bli\u0142a tak\u017ce, \u017ce ma ju\u017c podobne do\u015bwiadczenia z poprzednich edycji.<\/p>\n<p class=\"typography ids-typeset-body ids-typeset-body--preset-large link paragraph ids-paragraph ids-paragraph--default\">&#8222;(\u2026) Na tyle sobie pouk\u0142ada\u0142am wszystko, \u017ce to kompletnie nie jest o miejscu i s\u0142owa uznania, kt\u00f3re do nas docieraj\u0105 s\u0105 kompletnie wystarczaj\u0105ce do tego, \u017cebym si\u0119 czu\u0142a w tych koncertach zrealizowana&#8221;\u00a0&#8211; og\u0142osi\u0142a.<\/p>\n<p class=\"typography ids-typeset-body ids-typeset-body--preset-large link paragraph ids-paragraph ids-paragraph--default\"><a href=\"https:\/\/polsatboxgo.pl\/kolekcja\/929?ktw=eyJhbGciOiJIUzI1NiJ9.WzUzLDMwOSwxNF0.W42tScCE-wMnNstWKZTQnFtyUrVZdk6I9i1MEQYKGgQ\" target=\"_self\" rel=\"nofollow noopener\">Ogl\u0105daj &#8222;Taniec z gwiazdami&#8221; w Polsat Box Go<\/a><\/p>\n<p>Bagi komentuje awans do fina\u0142u. Co s\u0105dzi o krytyce \u017bugaj?pomponik.pl<\/p>\n<p>Wie\u015bci ws. Sary Janickiej to nie by\u0142y plotki. Oficjalnie og\u0142osi\u0142a rozw\u00f3d<\/p>\n<p class=\"typography ids-typeset-body ids-typeset-body--preset-large link paragraph ids-paragraph ids-paragraph--default\">Tu\u017c po og\u0142oszeniu wynik\u00f3w na scenie uwielbianego show Polsatu pojawi\u0142 si\u0119 <a href=\"https:\/\/www.pomponik.pl\/gwiazdy-i-produkcje-maciej-zakoscielny,gsbi,111\" target=\"_self\" rel=\"nofollow noopener\">Maciej Zako\u015bcielny<\/a>, z kt\u00f3rym Janicka zaj\u0119\u0142a trzecie miejsce w 15. edycji &#8222;Ta\u0144ca z gwiazdami&#8221;. Nie pojawi\u0142 si\u0119 natomiast m\u0105\u017c 30-latki, kt\u00f3ry mocno wspiera\u0142 j\u0105 podczas poprzednich edycji. Reporterka serwisu Jastrz\u0105b Post postanowi\u0142a dopyta\u0107, dlaczego tak si\u0119 sta\u0142o. W odpowiedzi Sara Janicka niespodziewanie wyzna\u0142a, \u017ce jest ju\u017c po rozwodzie:<\/p>\n<p class=\"typography ids-typeset-body ids-typeset-body--preset-large link paragraph ids-paragraph ids-paragraph--default\">&#8222;Powiem tak, kilka artyku\u0142\u00f3w si\u0119 ukaza\u0142o na temat mojego m\u0119\u017ca aktualnie, ale to nie s\u0105 prawdziwe informacje, poniewa\u017c ja nie jestem m\u0119\u017catk\u0105&#8221; &#8211; og\u0142osi\u0142a.<\/p>\n<p class=\"typography ids-typeset-body ids-typeset-body--preset-large link paragraph ids-paragraph ids-paragraph--default\">Tancerka podkre\u015bli\u0142a r\u00f3wnie\u017c, \u017ce obecnie jej serce jest wolne. Sara Janicka odnios\u0142a si\u0119 tak\u017ce do plotek na temat jej rzekomego romansu z Maciejem Zako\u015bcielnym.<\/p>\n<p class=\"typography ids-typeset-body ids-typeset-body--preset-large link paragraph ids-paragraph ids-paragraph--default\">&#8222;Nie, nie jeste\u015bmy par\u0105, oczywi\u015bcie my nie, ale tak, mog\u0119 potwierdzi\u0107 sytuacja w\u0142a\u015bnie a propos mojego rozwodu to ju\u017c jest dosy\u0107\u2026 Nie chc\u0119 si\u0119 na ten temat wypowiada\u0107, bo jest to bardzo moja prywatna rzecz, ale na pewno jest to sprawa, kt\u00f3ra si\u0119 zako\u0144czy\u0142a kilka miesi\u0119cy temu. W zwi\u0105zku z tym tak, teraz tak sytuacja wygl\u0105da, a nie z Ma\u0107kiem, to jest bardzo dobra relacja kole\u017canka&#8221; &#8211; podsumowa\u0142a.<\/p>\n<p class=\"typography ids-typeset-body ids-typeset-body--preset-large link paragraph ids-paragraph ids-paragraph--default\">Materia\u0142 zawiera\u0142 linki partner\u00f3w reklamowych<\/p>\n","protected":false},"excerpt":{"rendered":"Materia\u0142 zawiera linki partner\u00f3w reklamowych Sara Janicka i Maurycy Popiel zaj\u0119li drugie miejsce w &#8222;Ta\u0144cu z gwiazdami&#8221; Sara&hellip;\n","protected":false},"author":2,"featured_media":118298,"comment_status":"","ping_status":"","sticky":false,"template":"","format":"standard","meta":{"footnotes":""},"categories":[22],"tags":[122,42,38,40,39,41,123],"class_list":{"0":"post-118297","1":"post","2":"type-post","3":"status-publish","4":"format-standard","5":"has-post-thumbnail","7":"category-rozrywka","8":"tag-entertainment","9":"tag-pl","10":"tag-poland","11":"tag-polish","12":"tag-polska","13":"tag-polski","14":"tag-rozrywka"},"share_on_mastodon":{"url":"https:\/\/pubeurope.com\/@pl\/115612318660614215","error":""},"_links":{"self":[{"href":"https:\/\/www.europesays.com\/pl\/wp-json\/wp\/v2\/posts\/118297","targetHints":{"allow":["GET"]}}],"collection":[{"href":"https:\/\/www.europesays.com\/pl\/wp-json\/wp\/v2\/posts"}],"about":[{"href":"https:\/\/www.europesays.com\/pl\/wp-json\/wp\/v2\/types\/post"}],"author":[{"embeddable":true,"href":"https:\/\/www.europesays.com\/pl\/wp-json\/wp\/v2\/users\/2"}],"replies":[{"embeddable":true,"href":"https:\/\/www.europesays.com\/pl\/wp-json\/wp\/v2\/comments?post=118297"}],"version-history":[{"count":0,"href":"https:\/\/www.europesays.com\/pl\/wp-json\/wp\/v2\/posts\/118297\/revisions"}],"wp:featuredmedia":[{"embeddable":true,"href":"https:\/\/www.europesays.com\/pl\/wp-json\/wp\/v2\/media\/118298"}],"wp:attachment":[{"href":"https:\/\/www.europesays.com\/pl\/wp-json\/wp\/v2\/media?parent=118297"}],"wp:term":[{"taxonomy":"category","embeddable":true,"href":"https:\/\/www.europesays.com\/pl\/wp-json\/wp\/v2\/categories?post=118297"},{"taxonomy":"post_tag","embeddable":true,"href":"https:\/\/www.europesays.com\/pl\/wp-json\/wp\/v2\/tags?post=118297"}],"curies":[{"name":"wp","href":"https:\/\/api.w.org\/{rel}","templated":true}]}}