{"id":118311,"date":"2025-11-25T21:02:09","date_gmt":"2025-11-25T21:02:09","guid":{"rendered":"https:\/\/www.europesays.com\/pl\/118311\/"},"modified":"2025-11-25T21:02:09","modified_gmt":"2025-11-25T21:02:09","slug":"spotkanie-donalda-trumpa-i-wolodymyra-zelenskiego-tylko-wtedy","status":"publish","type":"post","link":"https:\/\/www.europesays.com\/pl\/118311\/","title":{"rendered":"Spotkanie Donalda Trumpa i Wo\u0142odymyra Ze\u0142enskiego. &#8222;Tylko wtedy&#8221;"},"content":{"rendered":"<ul class=\"UnorderedList_container__nmfSl\">\n<li class=\"UnorderedList_listElement__Py7xi\" data-id=\"ai-summary-link\">Du\u017co czytania, a ma\u0142o czasu? Sprawd\u017a\u00a0skr\u00f3t\u00a0artyku\u0142u<\/li>\n<\/ul>\n<p class=\"Paragraph_desktopParagraph__U31Gm\">&#8222;W ci\u0105gu ostatniego tygodnia m\u00f3j zesp\u00f3\u0142 poczyni\u0142 ogromne post\u0119py w d\u0105\u017ceniu do zako\u0144czenia wojny mi\u0119dzy Rosj\u0105 a Ukrain\u0105&#8221; \u2014 podkre\u015bli\u0142 Donald Trump we wtorek wpisie na swoim portalu spo\u0142eczno\u015bciowym Truth.<\/p>\n<p class=\"Paragraph_desktopParagraph__U31Gm\">Przyw\u00f3dca USA podkre\u015bli\u0142, \u017ce &#8222;pierwotny 28-punktowy plan pokojowy, opracowany przez Stany Zjednoczone, zosta\u0142 dopracowany dzi\u0119ki dodatkowym konsultacjom z obiema stronami i pozosta\u0142o tylko kilka punkt\u00f3w spornych&#8221;.<\/p>\n<p class=\"Paragraph_desktopParagraph__U31Gm\">&#8222;W nadziei na sfinalizowanie tego planu pokojowego, poleci\u0142em mojemu specjalnemu wys\u0142annikowi Steve&#8217;owi Witkoffowi do spraw Rosji i Ukrainy spotkanie z prezydentem W\u0142adimirem Putinem w Moskwie. W tym samym czasie sekretarz armii Dan Driscoll spotka si\u0119 z Ukrai\u0144cami&#8221; \u2014 opisa\u0142.<\/p>\n<p class=\"VideoPlayerText_videoPlayerText__iDwyz\">Dalszy ci\u0105g materia\u0142u pod wideo<\/p>\n<ul class=\"OchatFollowUps_wrapper__1ry7X\">\n<li class=\"OchatFollowUps_item__Dhyly OchatFollowUps_itemDesktop__R6aBv\">Czy Donald Trump zamierza spotka\u0107 si\u0119 z Wo\u0142odymyrem Ze\u0142enskim?<\/li>\n<li class=\"OchatFollowUps_item__Dhyly OchatFollowUps_itemDesktop__R6aBv\">Jakie warunki stawia Donald Trump przed spotkaniem?<\/li>\n<li class=\"OchatFollowUps_item__Dhyly OchatFollowUps_itemDesktop__R6aBv\">Czy s\u0105 plany spotkania Trumpa z Ze\u0142enskim wed\u0142ug Bia\u0142ego Domu?<\/li>\n<li class=\"OchatFollowUps_item__Dhyly OchatFollowUps_itemDesktop__R6aBv\">Kto b\u0119dzie informowany o post\u0119pach negocjacji przez Trumpa?<\/li>\n<\/ul>\n<p>Donald Trump chce spotka\u0107 si\u0119 z Ze\u0142enskim i Putinem. &#8222;Tylko wtedy&#8221; <\/p>\n<p class=\"Paragraph_desktopParagraph__U31Gm\">Prezydent USA stwierdzi\u0142, \u017ce on oraz wiceprezydent J.D. Vance, sekretarz stanu Marco Rubio, sekretarz wojny Pete Hegseth i szefowa personelu Bia\u0142ego Domu Susie Wiles b\u0119d\u0105 na bie\u017c\u0105co informowani o post\u0119pach negocjacji.<\/p>\n<p class=\"Paragraph_desktopParagraph__U31Gm\">&#8222;Mam nadziej\u0119, \u017ce wkr\u00f3tce spotkam si\u0119 z prezydentem Wo\u0142odymyrem Ze\u0142enskim i prezydentem W\u0142adimirem Putinem, ale tylko wtedy, gdy porozumienie ko\u0144cz\u0105ce t\u0119 wojn\u0119 b\u0119dzie ostateczne lub w ko\u0144cowej fazie&#8221; \u2014 zaznaczy\u0142.<\/p>\n<p class=\"Paragraph_desktopParagraph__U31Gm\">Donald Trump doda\u0142 tak\u017ce, \u017ce ma nadziej\u0119, i\u017c pok\u00f3j zostanie zaprowadzony &#8222;tak szybko, jak to mo\u017cliwe&#8221;.<\/p>\n<p>Bia\u0142y Dom: nie ma plan\u00f3w spotkania Trumpa z Ze\u0142enskim <\/p>\n<p class=\"Paragraph_desktopParagraph__U31Gm\">\u2014 Nie ma obecnie w planach spotkania Donalda Trumpa z Wo\u0142odymyrem Ze\u0142enskim \u2014 poinformowa\u0142 wcze\u015bniej ukrai\u0144ski serwis Suspilne, powo\u0142uj\u0105c si\u0119 na anonimowe \u017ar\u00f3d\u0142o w Bia\u0142ym Domu. W poniedzia\u0142ek takiej mo\u017cliwo\u015bci nie wykluczy\u0142a jednak rzeczniczka Bia\u0142ego Domu Caroline Leavitt, kt\u00f3ra stwierdzi\u0142a, \u017ce spotkania nie ma w planach, ale &#8222;wszystko mo\u017ce si\u0119 szybko zmieni\u0107&#8221;.<\/p>\n<p class=\"Paragraph_desktopParagraph__U31Gm\">Wcze\u015bniej ukrai\u0144ski przyw\u00f3dca zapowiedzia\u0142, \u017ce <a href=\"https:\/\/wiadomosci.onet.pl\/swiat\/wolodymyr-zelenski-o-planie-pokojowym-zdecydowana-deklaracja-prezydenta\/0zpebr6\" id=\"946f5901-7b45-4fe9-8925-87dc7499a8c8\" rel=\"nofollow noopener\" target=\"_blank\">jest gotowy om\u00f3wi\u0107 z prezydentem USA najbardziej newralgiczne punkty planu pokojowego<\/a> dotycz\u0105cego wojny z Rosj\u0105. Zdaniem polityka w rozmowie powinni wzi\u0105\u0107 udzia\u0142 europejscy przyw\u00f3dcy \u2014 podaje Agencja Reutera.<\/p>\n","protected":false},"excerpt":{"rendered":"Du\u017co czytania, a ma\u0142o czasu? Sprawd\u017a\u00a0skr\u00f3t\u00a0artyku\u0142u &#8222;W ci\u0105gu ostatniego tygodnia m\u00f3j zesp\u00f3\u0142 poczyni\u0142 ogromne post\u0119py w d\u0105\u017ceniu do&hellip;\n","protected":false},"author":2,"featured_media":118312,"comment_status":"","ping_status":"","sticky":false,"template":"","format":"standard","meta":{"footnotes":""},"categories":[14],"tags":[32,33,58,27,67,34,35,28,31,53,25,52,68,51,55,40,41,62,47,80,29,30,390,65,50,26,418,309,82,83,84],"class_list":{"0":"post-118311","1":"post","2":"type-post","3":"status-publish","4":"format-standard","5":"has-post-thumbnail","7":"category-swiat","8":"tag-breaking-news","9":"tag-breakingnews","10":"tag-donald_trump_prezydent_usa","11":"tag-headlines","12":"tag-intextvideo_splayer","13":"tag-latest-news","14":"tag-latestnews","15":"tag-naglowki","16":"tag-najwazniejsze-artykuly","17":"tag-new_header","18":"tag-news","19":"tag-onet3","20":"tag-onet3d","21":"tag-onet3d_2i","22":"tag-phx","23":"tag-polish","24":"tag-polski","25":"tag-rosja_kraj_rosjanin_rosjanie_rosjanka_rosjanki","26":"tag-screening_general","27":"tag-swiat","28":"tag-top-stories","29":"tag-topstories","30":"tag-ukraina_ukrainiec_ukrainka_ukraincy_ukrainki","31":"tag-update_me","32":"tag-v2021","33":"tag-wiadomosci","34":"tag-wladimir_putin_rosyjski_prezydent","35":"tag-wolodymyr_zelenski","36":"tag-world","37":"tag-world-news","38":"tag-worldnews"},"share_on_mastodon":{"url":"","error":"Validation failed: Text character limit of 500 exceeded"},"_links":{"self":[{"href":"https:\/\/www.europesays.com\/pl\/wp-json\/wp\/v2\/posts\/118311","targetHints":{"allow":["GET"]}}],"collection":[{"href":"https:\/\/www.europesays.com\/pl\/wp-json\/wp\/v2\/posts"}],"about":[{"href":"https:\/\/www.europesays.com\/pl\/wp-json\/wp\/v2\/types\/post"}],"author":[{"embeddable":true,"href":"https:\/\/www.europesays.com\/pl\/wp-json\/wp\/v2\/users\/2"}],"replies":[{"embeddable":true,"href":"https:\/\/www.europesays.com\/pl\/wp-json\/wp\/v2\/comments?post=118311"}],"version-history":[{"count":0,"href":"https:\/\/www.europesays.com\/pl\/wp-json\/wp\/v2\/posts\/118311\/revisions"}],"wp:featuredmedia":[{"embeddable":true,"href":"https:\/\/www.europesays.com\/pl\/wp-json\/wp\/v2\/media\/118312"}],"wp:attachment":[{"href":"https:\/\/www.europesays.com\/pl\/wp-json\/wp\/v2\/media?parent=118311"}],"wp:term":[{"taxonomy":"category","embeddable":true,"href":"https:\/\/www.europesays.com\/pl\/wp-json\/wp\/v2\/categories?post=118311"},{"taxonomy":"post_tag","embeddable":true,"href":"https:\/\/www.europesays.com\/pl\/wp-json\/wp\/v2\/tags?post=118311"}],"curies":[{"name":"wp","href":"https:\/\/api.w.org\/{rel}","templated":true}]}}