{"id":118363,"date":"2025-11-25T21:34:09","date_gmt":"2025-11-25T21:34:09","guid":{"rendered":"https:\/\/www.europesays.com\/pl\/118363\/"},"modified":"2025-11-25T21:34:09","modified_gmt":"2025-11-25T21:34:09","slug":"komunikat-tvp-ws-konkursu-eurowizji-2026-tak-teraz-wybiora-reprezentanta","status":"publish","type":"post","link":"https:\/\/www.europesays.com\/pl\/118363\/","title":{"rendered":"Komunikat TVP ws. Konkursu Eurowizji 2026. Tak teraz wybior\u0105 reprezentanta"},"content":{"rendered":"<p>TVP wyda\u0142o komunikat ws. Eurowizji 2026<\/p>\n<p class=\"typography ids-typeset-body ids-typeset-body--preset-large link paragraph ids-paragraph ids-paragraph--default\">W maju 2026 roku odb\u0119dzie si\u0119 70. <a href=\"https:\/\/www.pomponik.pl\/tagi-konkurs-piosenki-eurowizji,tId,149895\" target=\"_self\" rel=\"nofollow noopener\">Konkurs Piosenki Eurowizji<\/a>. Tym razem wydarzenie ma miejsce w Wiedniu. Ju\u017c od miesi\u0119cy pojawiaj\u0105 si\u0119 g\u0142osy artyst\u00f3w, deklaruj\u0105cych ch\u0119\u0107 wzi\u0119cia udzia\u0142u w preselekcjach, niezniech\u0119conych <a href=\"https:\/\/www.pomponik.pl\/plotki\/news-steczkowska-nie-zachwycila-jury-a-tak-zareagowali-zagraniczn,nId,7969373\" target=\"_self\" rel=\"nofollow noopener\">14. miejscem Justyny Steczkowskiej<\/a>.<\/p>\n<p class=\"typography ids-typeset-body ids-typeset-body--preset-large link paragraph ids-paragraph ids-paragraph--default\">25 listopada TVP wyda\u0142a oficjalny komunikat, zwi\u0105zany z wyborem reprezentanta do przysz\u0142orocznej <a href=\"https:\/\/www.pomponik.pl\/gwiazdy-i-produkcje-eurowizja,gsbi,286\" target=\"_self\" rel=\"nofollow noopener\">Eurowizji<\/a>. Zako\u0144czono ju\u017c przyjmowanie zg\u0142osze\u0144 &#8211; teraz przysz\u0142a pora na kolejne etapy.<\/p>\n<p class=\"typography ids-typeset-body ids-typeset-body--preset-large link paragraph ids-paragraph ids-paragraph--default\">&#8222;Cho\u0107 ten etap dobieg\u0142 ko\u0144ca, najwa\u017cniejsze emocje dopiero przed nami&#8221; &#8211; zapowiedzia\u0142a stacja, informuj\u0105c jednocze\u015bnie, kiedy zostanie ujawniona lista finalist\u00f3w preselekcji.<\/p>\n<p class=\"typography ids-typeset-body ids-typeset-body--preset-large link paragraph ids-paragraph ids-paragraph--default\">Wszyscy wyst\u0105pi\u0105 w Wielkim Finale Polskich Kwalifikacji 2026, czyli koncercie fina\u0142owym. Zanim to jednak nast\u0105pi, uczestnik\u00f3w czekaj\u0105 kolejne etapy.<\/p>\n<p>Agnieszka Kaczorowska wskazuje jednego celebryt\u0119 z ogromnym potencja\u0142em do wygranej w &#8222;Ta\u0144cu z gwiazdami&#8221;pomponik.pl<\/p>\n<p>Konkurs Eurowizji 2026. Etapy wyboru reprezentanta<\/p>\n<p class=\"typography ids-typeset-body ids-typeset-body--preset-large link paragraph ids-paragraph ids-paragraph--default\">TVP poinformowa\u0142o, \u017ce w\u0142a\u015bnie rozpocz\u0105\u0142 si\u0119 wieloetapowy proces wyboru reprezentantki lub reprezentanta na Eurowizj\u0119 2026. W najbli\u017cszych tygodniach komisja konkursowa oceni wszystkie zg\u0142oszenia. Jej sk\u0142ad nie zosta\u0142 jeszcze ujawniony &#8211; nast\u0105pi to 14 stycznia 2026 roku.<\/p>\n<p class=\"typography ids-typeset-body ids-typeset-body--preset-large link paragraph ids-paragraph ids-paragraph--default\">Komisja oceni jako\u015b\u0107 utworu, potencja\u0142 konkursowy oraz prezentacj\u0119 wykonawcy na nagraniu live. Nast\u0119pnie wybrani arty\u015bci zostan\u0105 nast\u0119pnie zaproszeni na przes\u0142uchania na \u017cywo. W tym etapie poka\u017c\u0105, czy ich wykonanie na scenie wypada r\u00f3wnie dobrze, co w studiu nagraniowym. Jednocze\u015bnie TVP mo\u017ce przyzna\u0107 od jednej do trzech tak zwanych kart uczestnictwa, kt\u00f3re dadz\u0105 wybranym artystom automatyczny awans do koncertu fina\u0142owego.<\/p>\n<p>Koncert Fina\u0142owy. Wielki Fina\u0142 Polskich Kwalifikacji 2026<\/p>\n<p class=\"typography ids-typeset-body ids-typeset-body--preset-large link paragraph ids-paragraph ids-paragraph--default\">Stacja og\u0142osi nazwiska artyst\u00f3w, kt\u00f3rzy wyst\u0105pi\u0105 w Wielkim Finale Polskich Kwalifikacji ju\u017c 14 stycznia. Sam koncert odb\u0119dzie si\u0119 jednak dopiero w lutym. Reprezentant naszego kraju zostanie wy\u0142oniony podczas transmisji z wydarzenia, wy\u0142\u0105cznie przez widz\u00f3w w g\u0142osowaniu SMS.<\/p>\n<p class=\"typography ids-typeset-body ids-typeset-body--preset-large link paragraph ids-paragraph ids-paragraph--default\">&#8222;Zwyci\u0119zca zostanie wy\u0142oniony wy\u0142\u0105cznie na podstawie g\u0142osowania SMS, a je\u015bli dojdzie do remisu lub awarii systemu, w\u00f3wczas decyzj\u0119 podejmie pi\u0119cioosobowe jury rezerwowe, wybrane spo\u015br\u00f3d cz\u0142onk\u00f3w komisji&#8221; &#8211; zastrzega TVP.<\/p>\n<p class=\"typography ids-typeset-body ids-typeset-body--preset-large link paragraph ids-paragraph ids-paragraph--default\">Wy\u0142oniony artysta b\u0119dzie mia\u0142 troch\u0119 czasu, aby przygotowa\u0107 si\u0119 do wyst\u0119pu w Wiedniu. P\u00f3\u0142fina\u0142y Eurowizji odb\u0119d\u0105 si\u0119 12 i 14 maja, a wielki fina\u0142 &#8211; 16 maja.<\/p>\n<ul class=\"typography ids-typeset-body ids-typeset-body--preset-small list--article-list ids-list ids-list--unordered ids-list--size-small \" datatype=\"disc\">\n<li class=\"ids-list-item ids-list-item__content brief-list-item\"><a class=\"ids-undecorated-link link ids-link \" data-spons=\"false\" href=\"https:\/\/www.pomponik.pl\/plotki\/news-gwiazdor-rancza-zdecydowal-sie-na-niespodziewany-krok-chce-j,nId,22451366\" rel=\"nofollow noopener\" target=\"_blank\">Gwiazdor &#8222;Rancza&#8221; zdecydowa\u0142 si\u0119 na niespodziewany krok. Chce jecha\u0107 na Eurowizj\u0119<\/a><\/li>\n<li class=\"ids-list-item ids-list-item__content brief-list-item\"><a class=\"ids-undecorated-link link ids-link \" data-spons=\"false\" href=\"https:\/\/www.pomponik.pl\/gwiazdy-telewizji\/news-eurowizja-2026-powoli-przestaje-byc-tajemnica-czesc-nazwisk,nId,8026376\" rel=\"nofollow noopener\" target=\"_blank\">Eurowizja 2026 powoli przestaje by\u0107 tajemnic\u0105. Cz\u0119\u015b\u0107 nazwisk ogromnym zaskoczeniem<\/a><\/li>\n<\/ul>\n","protected":false},"excerpt":{"rendered":"TVP wyda\u0142o komunikat ws. Eurowizji 2026 W maju 2026 roku odb\u0119dzie si\u0119 70. Konkurs Piosenki Eurowizji. Tym razem&hellip;\n","protected":false},"author":2,"featured_media":118364,"comment_status":"","ping_status":"","sticky":false,"template":"","format":"standard","meta":{"footnotes":""},"categories":[22],"tags":[122,42,38,40,39,41,123],"class_list":{"0":"post-118363","1":"post","2":"type-post","3":"status-publish","4":"format-standard","5":"has-post-thumbnail","7":"category-rozrywka","8":"tag-entertainment","9":"tag-pl","10":"tag-poland","11":"tag-polish","12":"tag-polska","13":"tag-polski","14":"tag-rozrywka"},"share_on_mastodon":{"url":"https:\/\/pubeurope.com\/@pl\/115612487712835267","error":""},"_links":{"self":[{"href":"https:\/\/www.europesays.com\/pl\/wp-json\/wp\/v2\/posts\/118363","targetHints":{"allow":["GET"]}}],"collection":[{"href":"https:\/\/www.europesays.com\/pl\/wp-json\/wp\/v2\/posts"}],"about":[{"href":"https:\/\/www.europesays.com\/pl\/wp-json\/wp\/v2\/types\/post"}],"author":[{"embeddable":true,"href":"https:\/\/www.europesays.com\/pl\/wp-json\/wp\/v2\/users\/2"}],"replies":[{"embeddable":true,"href":"https:\/\/www.europesays.com\/pl\/wp-json\/wp\/v2\/comments?post=118363"}],"version-history":[{"count":0,"href":"https:\/\/www.europesays.com\/pl\/wp-json\/wp\/v2\/posts\/118363\/revisions"}],"wp:featuredmedia":[{"embeddable":true,"href":"https:\/\/www.europesays.com\/pl\/wp-json\/wp\/v2\/media\/118364"}],"wp:attachment":[{"href":"https:\/\/www.europesays.com\/pl\/wp-json\/wp\/v2\/media?parent=118363"}],"wp:term":[{"taxonomy":"category","embeddable":true,"href":"https:\/\/www.europesays.com\/pl\/wp-json\/wp\/v2\/categories?post=118363"},{"taxonomy":"post_tag","embeddable":true,"href":"https:\/\/www.europesays.com\/pl\/wp-json\/wp\/v2\/tags?post=118363"}],"curies":[{"name":"wp","href":"https:\/\/api.w.org\/{rel}","templated":true}]}}