{"id":118365,"date":"2025-11-25T21:36:34","date_gmt":"2025-11-25T21:36:34","guid":{"rendered":"https:\/\/www.europesays.com\/pl\/118365\/"},"modified":"2025-11-25T21:36:34","modified_gmt":"2025-11-25T21:36:34","slug":"obnizka-stop-procentowych-szybciej-niz-myslimy-padl-termin-prognoza","status":"publish","type":"post","link":"https:\/\/www.europesays.com\/pl\/118365\/","title":{"rendered":"Obni\u017cka st\u00f3p procentowych szybciej ni\u017c my\u015blimy? Pad\u0142 termin [PROGNOZA]"},"content":{"rendered":"<p>    Dane GUS o przeci\u0119tnym wynagrodzeniu <\/p>\n<p class=\"hyphenate \" data-text-len=\"250\" data-scroll=\"paragraph_3\">W poniedzia\u0142ek GUS opublikowa\u0142 m.in. dane o wynagrodzeniach. Wynika z nich, \u017ce przeci\u0119tne wynagrodzenie brutto w sektorze przedsi\u0119biorstw w pa\u017adzierniku 2025 r. wynios\u0142o 8 tys. 865,12 z\u0142, co oznacza wzrost 6,6 proc. w uj\u0119ciu rocznym.<\/p>\n<p>    Obni\u017cka st\u00f3p procentowych mo\u017cliwa ju\u017c w grudniu <\/p>\n<p class=\"hyphenate \" data-text-len=\"312\" data-scroll=\"paragraph_5\">\u201eOznacza to, \u017ce znale\u017ali\u015bmy si\u0119 ju\u017c na terytorium neutralnego dla inflacji wzrostu p\u0142ac (5-6 proc. w skali roku). Otwiera to drog\u0119 do kolejnych ci\u0119\u0107 st\u00f3p procentowych. Najbli\u017csza obni\u017cka RPP nast\u0105pi naszym zdaniem ju\u017c w grudniu\u201d \u2013 poinformowali ekonomi\u015bci Banku Pekao w komentarzu do danych GUS.<\/p>\n<p class=\"hyphenate \" data-text-len=\"317\" data-scroll=\"paragraph_6\">Ich zdaniem zaskakuj\u0105ce okaza\u0142y si\u0119 dane z sektora publicznego. Wskazali, \u017ce w g\u00f3rnictwie p\u0142ace by\u0142y o 1,6 proc. ni\u017csze ni\u017c w pa\u017adzierniku 2024 r., co oznacza drugi z rz\u0119du ujemny odczyt w tej bran\u017cy. W energetyce \u2013 w ocenie analityk\u00f3w Banku Pekao &#8211; wzrost p\u0142ac by\u0142 symboliczny, bo wyni\u00f3s\u0142 1,3 proc. w uj\u0119ciu rocznym.<\/p>\n<p class=\"hyphenate \" data-text-len=\"553\" data-scroll=\"paragraph_7\">\u201eP\u0142ace hamuj\u0105 obecnie szybciej od inflacji, a ich realna dynamika spowolni\u0142a do 3,8 proc. r\/r, czyli jest ju\u017c zbli\u017cona do realnego wzrostu <a href=\"https:\/\/forsal.pl\/tagi\/pkb\" id=\"e289a755-3805-4dac-94ee-5956f6d030c5\" title=\"PKB\" rel=\"nofollow noopener\" target=\"_blank\">PKB<\/a> (3,7 proc. za III kw. 2025), a wi\u0119c i w przybli\u017ceniu wzrostu produktywno\u015bci pracy. Oznacza to, \u017ce wzrost p\u0142ac nie generuje ju\u017c w\u0142a\u015bciwie presji inflacyjnej. Nale\u017cy si\u0119 wi\u0119c spodziewa\u0107 wyhamowania wzrostu cen us\u0142ug w naszym kraju &#8211; ostatniego powidoku g\u00f3rki inflacyjnej z 2023 r.\u201d \u2013 czytamy w komentarzu Banku Pekao.<\/p>\n<p>    Dane o zatrudnieniu <\/p>\n<p class=\"hyphenate \" data-text-len=\"133\" data-scroll=\"paragraph_9\">GUS poda\u0142 tak\u017ce dane o zatrudnieniu. Zatrudnienie w sektorze przedsi\u0119biorstw spad\u0142o o 0,8 proc., licz\u0105c rok do roku.<\/p>\n<p class=\"hyphenate \" data-text-len=\"535\" data-scroll=\"paragraph_10\">\u201e(\u2026) w pa\u017adzierniku uby\u0142o kolejne 5 tys. etat\u00f3w w sektorze przedsi\u0119biorstw. Rok 2025 wygl\u0105da pod tym wzgl\u0119dem podobnie jak poprzedni, co nie jest dobr\u0105 wiadomo\u015bci\u0105. Og\u00f3lnej poprawie koniunktury w Polsce nie towarzyszy mocny rynek pracy. Bezrobocie wprawdzie nie ro\u015bnie (pomijaj\u0105c efekty zmian regulacyjnych), ale znajdujemy si\u0119 w kruchej r\u00f3wnowadze, a powolnym na razie spadkom zatrudnienia w cz\u0119\u015bci bran\u017c (g\u00f3rnictwo, przetw\u00f3rstwo przemys\u0142owe) nie towarzyszy kreacja miejsc pracy w innych sektorach\u201d \u2013 wskazali ekonomi\u015bci Banku Pekao. <\/p>\n","protected":false},"excerpt":{"rendered":"Dane GUS o przeci\u0119tnym wynagrodzeniu W poniedzia\u0142ek GUS opublikowa\u0142 m.in. dane o wynagrodzeniach. Wynika z nich, \u017ce przeci\u0119tne&hellip;\n","protected":false},"author":2,"featured_media":41619,"comment_status":"","ping_status":"","sticky":false,"template":"","format":"standard","meta":{"footnotes":""},"categories":[16],"tags":[113,112,42,38,40,39,41],"class_list":{"0":"post-118365","1":"post","2":"type-post","3":"status-publish","4":"format-standard","5":"has-post-thumbnail","7":"category-biznes","8":"tag-biznes","9":"tag-business","10":"tag-pl","11":"tag-poland","12":"tag-polish","13":"tag-polska","14":"tag-polski"},"share_on_mastodon":{"url":"https:\/\/pubeurope.com\/@pl\/115612495603400324","error":""},"_links":{"self":[{"href":"https:\/\/www.europesays.com\/pl\/wp-json\/wp\/v2\/posts\/118365","targetHints":{"allow":["GET"]}}],"collection":[{"href":"https:\/\/www.europesays.com\/pl\/wp-json\/wp\/v2\/posts"}],"about":[{"href":"https:\/\/www.europesays.com\/pl\/wp-json\/wp\/v2\/types\/post"}],"author":[{"embeddable":true,"href":"https:\/\/www.europesays.com\/pl\/wp-json\/wp\/v2\/users\/2"}],"replies":[{"embeddable":true,"href":"https:\/\/www.europesays.com\/pl\/wp-json\/wp\/v2\/comments?post=118365"}],"version-history":[{"count":0,"href":"https:\/\/www.europesays.com\/pl\/wp-json\/wp\/v2\/posts\/118365\/revisions"}],"wp:featuredmedia":[{"embeddable":true,"href":"https:\/\/www.europesays.com\/pl\/wp-json\/wp\/v2\/media\/41619"}],"wp:attachment":[{"href":"https:\/\/www.europesays.com\/pl\/wp-json\/wp\/v2\/media?parent=118365"}],"wp:term":[{"taxonomy":"category","embeddable":true,"href":"https:\/\/www.europesays.com\/pl\/wp-json\/wp\/v2\/categories?post=118365"},{"taxonomy":"post_tag","embeddable":true,"href":"https:\/\/www.europesays.com\/pl\/wp-json\/wp\/v2\/tags?post=118365"}],"curies":[{"name":"wp","href":"https:\/\/api.w.org\/{rel}","templated":true}]}}