{"id":118379,"date":"2025-11-25T21:53:10","date_gmt":"2025-11-25T21:53:10","guid":{"rendered":"https:\/\/www.europesays.com\/pl\/118379\/"},"modified":"2025-11-25T21:53:10","modified_gmt":"2025-11-25T21:53:10","slug":"tyle-zarobil-18-latek-z-polski-za-12-miejsce-w-konkursie","status":"publish","type":"post","link":"https:\/\/www.europesays.com\/pl\/118379\/","title":{"rendered":"Tyle zarobi\u0142 18-latek z Polski za 12. miejsce w konkursie"},"content":{"rendered":"\n<p class=\"contentpart contentpart--default contentpart--text\" data-position=\"0\">Utalentowany skoczek na pocz\u0105tku sezonu bardzo dobrze pokazuje si\u0119 w Pucharze \u015awiata. Podczas swoich debiutanckich zawod\u00f3w w Lillehammer by\u0142 kolejno 18. i 22.<\/p>\n<p class=\"contentpart contentpart--default contentpart--text\" data-position=\"1\">Jeszcze lepiej posz\u0142o mu we wtorek. W pierwszej serii konkursu na normalnej skoczni w <a href=\"https:\/\/sportowefakty.wp.pl\/szwecja\/falun\" rel=\"nofollow noopener\" target=\"_blank\">Falun<\/a>\u00a0uzyska\u0142 93 metry, co na p\u00f3\u0142metku zmaga\u0144 dawa\u0142o mu 8. lokat\u0119. W fina\u0142owej ods\u0142onie powt\u00f3rzy\u0142 t\u0119 odleg\u0142o\u015b\u0107, jednak nie uda\u0142o mu si\u0119 utrzyma\u0107 pozycji w pierwszej dziesi\u0105tce i ostatecznie spad\u0142 na 12. miejsce. Mimo to i tak mo\u017ce by\u0107 zadowolony ze swojej postawy.<\/p>\n<p> <img role=\"presentation\" src=\"https:\/\/std.wpcdn.pl\/images\/adv\/placeholder_wp.svg\" loading=\"lazy\" alt=\"\" decoding=\"async\"\/>  <\/p>\n<p class=\"contentpart contentpart--default contentpart--text\" data-position=\"2\">ZOBACZ WIDEO: By\u0142a Miss Polski nadal zachwyca. W\u0142a\u015bnie odnios\u0142a sukces<\/p>\n<p class=\"contentpart contentpart--default contentpart--text\" data-position=\"4\">Zgodnie z rozpisk\u0105 nagr\u00f3d finansowych na ten sezon Pucharu \u015awiata, <a href=\"https:\/\/sportowefakty.wp.pl\/skoki-narciarskie\/kacper-tomasiak\" rel=\"nofollow noopener\" target=\"_blank\">Kacper  Tomasiak<\/a>\u00a0za sw\u00f3j wtorkowy wyst\u0119p zarobi 2,8 tys. euro, co po przewalutowaniu daje oko\u0142o 11,84 tys. z\u0142otych. Przyzwoita sumka jak na zawodnika, kt\u00f3ry dopiero wchodzi do elity skok\u00f3w narciarskich.<\/p>\n<p class=\"contentpart contentpart--default contentpart--text\" data-position=\"5\">Je\u017celi natomiast dodamy do tego jego zarobki z wcze\u015bniejszych konkurs\u00f3w w\u00a0Lillehammer, oka\u017ce si\u0119, \u017ce w tym sezonie na jego konto wp\u0142yn\u0119\u0142o ju\u017c 5,9 tys. euro. To niespe\u0142na 25 tys. z\u0142otych.\u00a0<\/p>\n<p class=\"contentpart contentpart--default contentpart--text\" data-position=\"6\">Tomasiak we wtorek by\u0142 najwy\u017cej sklasyfikowanym Polakiem. Do drugiej serii awansowali jeszcze Kamil Stoch (15. miejsce) i Pawe\u0142 W\u0105sek (27. lokata). Zabrak\u0142o w niej za to Aleksandra Zniszczo\u0142a, Dawida Kubackiego i Piotra \u017by\u0142y.<\/p>\n<p> <img role=\"presentation\" src=\"https:\/\/std.wpcdn.pl\/images\/adv\/placeholder_wp.svg\" loading=\"lazy\" alt=\"\" decoding=\"async\"\/>  <\/p>\n<p class=\"contentpart contentpart--default contentpart--text\" data-position=\"7\">Konkurs wygra\u0142 Stefan Kraft, drugi by\u0142 Anze Lanisek, a trzeci Philipp Raimund. Pe\u0142n\u0105 relacj\u0119 znajdziecie <a href=\"https:\/\/sportowefakty.wp.pl\/skoki-narciarskie\/1221432\/18-letni-polak-znow-blysnal-byl-liderem-bialo-czerwonych\" rel=\"nofollow noopener\" target=\"_blank\">TUTAJ<\/a>.<\/p>\n","protected":false},"excerpt":{"rendered":"Utalentowany skoczek na pocz\u0105tku sezonu bardzo dobrze pokazuje si\u0119 w Pucharze \u015awiata. Podczas swoich debiutanckich zawod\u00f3w w Lillehammer&hellip;\n","protected":false},"author":2,"featured_media":118380,"comment_status":"","ping_status":"","sticky":false,"template":"","format":"standard","meta":{"footnotes":""},"categories":[5],"tags":[32,33,25010,36,37,27,6799,34,35,28,31,25,42,38,40,39,41,13539,1538,447,29,30,26],"class_list":{"0":"post-118379","1":"post","2":"type-post","3":"status-publish","4":"format-standard","5":"has-post-thumbnail","7":"category-naglowki","8":"tag-breaking-news","9":"tag-breakingnews","10":"tag-falun","11":"tag-featured-news","12":"tag-featurednews","13":"tag-headlines","14":"tag-kacper-tomasiak","15":"tag-latest-news","16":"tag-latestnews","17":"tag-naglowki","18":"tag-najwazniejsze-artykuly","19":"tag-news","20":"tag-pl","21":"tag-poland","22":"tag-polish","23":"tag-polska","24":"tag-polski","25":"tag-ps-w-skokach-narciarskich","26":"tag-skoki-narciarskie","27":"tag-sporty-zimowe","28":"tag-top-stories","29":"tag-topstories","30":"tag-wiadomosci"},"share_on_mastodon":{"url":"https:\/\/pubeurope.com\/@pl\/115612562626491565","error":""},"_links":{"self":[{"href":"https:\/\/www.europesays.com\/pl\/wp-json\/wp\/v2\/posts\/118379","targetHints":{"allow":["GET"]}}],"collection":[{"href":"https:\/\/www.europesays.com\/pl\/wp-json\/wp\/v2\/posts"}],"about":[{"href":"https:\/\/www.europesays.com\/pl\/wp-json\/wp\/v2\/types\/post"}],"author":[{"embeddable":true,"href":"https:\/\/www.europesays.com\/pl\/wp-json\/wp\/v2\/users\/2"}],"replies":[{"embeddable":true,"href":"https:\/\/www.europesays.com\/pl\/wp-json\/wp\/v2\/comments?post=118379"}],"version-history":[{"count":0,"href":"https:\/\/www.europesays.com\/pl\/wp-json\/wp\/v2\/posts\/118379\/revisions"}],"wp:featuredmedia":[{"embeddable":true,"href":"https:\/\/www.europesays.com\/pl\/wp-json\/wp\/v2\/media\/118380"}],"wp:attachment":[{"href":"https:\/\/www.europesays.com\/pl\/wp-json\/wp\/v2\/media?parent=118379"}],"wp:term":[{"taxonomy":"category","embeddable":true,"href":"https:\/\/www.europesays.com\/pl\/wp-json\/wp\/v2\/categories?post=118379"},{"taxonomy":"post_tag","embeddable":true,"href":"https:\/\/www.europesays.com\/pl\/wp-json\/wp\/v2\/tags?post=118379"}],"curies":[{"name":"wp","href":"https:\/\/api.w.org\/{rel}","templated":true}]}}