{"id":118416,"date":"2025-11-25T22:30:14","date_gmt":"2025-11-25T22:30:14","guid":{"rendered":"https:\/\/www.europesays.com\/pl\/118416\/"},"modified":"2025-11-25T22:30:14","modified_gmt":"2025-11-25T22:30:14","slug":"katarzyna-tusk-padla-ofiara-oszustwa-bezprawnie-wykorzystano-jej-zdjecie","status":"publish","type":"post","link":"https:\/\/www.europesays.com\/pl\/118416\/","title":{"rendered":"Katarzyna Tusk pad\u0142a ofiar\u0105 oszustwa. Bezprawnie wykorzystano jej zdj\u0119cie"},"content":{"rendered":"<p class=\"ods-c-paragraph \">Katarzyna Tusk od lat prowadzi bloga &#8222;Make Life Easier&#8221; i aktywnie dzia\u0142a w mediach spo\u0142eczno\u015bciowych. Cho\u0107 cz\u0119\u015bciej porusza tam tematy zwi\u0105zane z prac\u0105 i stylem \u017cycia, okazjonalnie dzieli si\u0119 r\u00f3wnie\u017c w\u0105tkami prywatnymi. Obecnie jest zwi\u0105zana ze Staszkiem Cudnym, kt\u00f3rego po\u015blubi\u0142a ponad dekad\u0119 temu, i razem wychowuj\u0105 dw\u00f3jk\u0119 c\u00f3rek.<\/p>\n<p>Dalszy ci\u0105g artyku\u0142u pod materia\u0142em wideo<\/p>\n<p> Kto jest Katarzyna Tusk? <\/p>\n<p> Jakie zdj\u0119cie wykorzystano w oszustwie? <\/p>\n<p> Kiedy Katarzyna Tusk zauwa\u017cy\u0142a oszustwo? <\/p>\n<p> Z kim jest zwi\u0105zana Katarzyna Tusk? <\/p>\n<p>  Katarzyna Tusk pad\u0142a ofiar\u0105 oszustwa. Wszystko ujawni\u0142a w sieci<\/p>\n<p class=\"ods-c-paragraph \">Wiele znanych os\u00f3b ostrzega przed internetowymi oszustami, kt\u00f3re same czasem padaj\u0105 ich ofiar\u0105 \u2014 np. gdy kto\u015b kradnie ich wizerunek. Teraz o podobnej sytuacji poinformowa\u0142a Katarzyna Tusk, kt\u00f3ra na platformie Pinterest natkn\u0119\u0142a si\u0119 na reklam\u0119 wykorzystuj\u0105c\u0105 jej zdj\u0119cie sprzed pi\u0119ciu lat.<\/p>\n<p>   <img decoding=\"async\" src=\"https:\/\/www.europesays.com\/pl\/wp-content\/uploads\/2025\/11\/4xmk9lBaHR0cHM6Ly9vY2RuLmV1L3B1bHNjbXMvTURBXy8zYzAxMThmZDA0NDlkYzNlMmE5ZWFlOTU4MmFiZjA1ZC5wbmeRlQLNA.jpeg\" height=\"529\" width=\"940\" alt=\"Katarzyna Tusk na Instagramie\" loading=\"lazy\" class=\"ods-c-image__img ods-c-image__img--vertical\"\/><\/p>\n<p>Katarzyna Tusk na InstagramieInstagram<\/p>\n<blockquote class=\"ods-o-quota\">\n<p class=\"ods-o-quota__paragraph\">Gdy wchodzisz na Pinterest i widzisz, \u017ce Temu ju\u017c ruszy\u0142o z reklamami na BF. (&#8230;) No i zdj\u0119cie pochodzi z mojego bloga z 2020 r.<\/p>\n<\/blockquote>\n<p class=\"ods-c-paragraph \">\u2014 napisa\u0142a na InstaStories, do\u0142\u0105czaj\u0105c zdj\u0119cia ze wspomnianej platformy.<\/p>\n<p><img decoding=\"async\" src=\"https:\/\/www.europesays.com\/pl\/wp-content\/uploads\/2025\/11\/2Eyk9lBaHR0cHM6Ly9vY2RuLmV1L3B1bHNjbXMvTURBXy9iNDY1OTNiNmM4MmE5NzFjZGQzNzM2ZWJmODc2ODkzNC5wbmeRlQLNA.jpeg\" height=\"529\" width=\"940\" alt=\"Katarzyna Tusk na Instagramie\" loading=\"lazy\" class=\"ods-c-image__img ods-c-image__img--vertical\"\/><\/p>\n<p>Katarzyna Tusk na InstagramieInstagram<\/p>\n<p> <img decoding=\"async\" src=\"https:\/\/www.europesays.com\/pl\/wp-content\/uploads\/2025\/11\/7ffk9lBaHR0cHM6Ly9vY2RuLmV1L3B1bHNjbXMvTURBXy9kNjVlOTk0NzRkNWRkZDA5Njk4ODg5Y2E5YjA0MTdiNy5qcGeRlQLNB.jpeg\" height=\"625\" width=\"940\" alt=\"Katarzyna Tusk\" loading=\"lazy\" class=\"ods-c-image__img ods-c-image__img--viewport-width\"\/><\/p>\n<p>Katarzyna TuskPiotr Andrzejczak \/ MW Media<\/p>\n<p class=\"ods-c-paragraph \">Dzi\u0119kujemy, \u017ce przeczyta\u0142a\u015b\/e\u015b nasz artyku\u0142 do ko\u0144ca. W serwisie Plejada.pl ka\u017cdego dnia piszemy o najwa\u017cniejszych wydarzeniach show-biznesowych. B\u0105d\u017a na bie\u017c\u0105co! <a rel=\"nofollow noopener\" href=\"https:\/\/profile.google.com\/cp\/Cg0vZy8xMWJ6X19wdHBx\" id=\"4edc5135-4f7e-4462-9541-01d2d992f196\" target=\"_blank\">Obserwuj<\/a> Plejad\u0119 w Google. Odwied\u017a nas tak\u017ce na <a rel=\"nofollow noopener\" href=\"https:\/\/www.facebook.com\/plejadapl\" id=\"b9d345ed-0c5c-4901-b3be-b6dd7ec621e2\" target=\"_blank\">Facebooku<\/a>, <a rel=\"nofollow noopener\" href=\"https:\/\/www.instagram.com\/plejadapl\/\" id=\"d54101e9-db83-42f3-aa7b-2d248209899d\" target=\"_blank\">Instagramie<\/a>, <a rel=\"nofollow noopener\" href=\"https:\/\/www.youtube.com\/c\/plejada\" id=\"19ad5da3-4037-4eb0-83a5-572b434e0151\" target=\"_blank\">YouTubie<\/a> oraz <a rel=\"nofollow noopener\" href=\"https:\/\/www.tiktok.com\/@plejada_pl\" id=\"e243fb4b-c60a-4423-9fe9-642fdba0f3d7\" target=\"_blank\">TikToku<\/a>.<\/p>\n<p class=\"ods-c-paragraph \">Chcesz podzieli\u0107 si\u0119 ciekawym newsem lub zaproponowa\u0107 temat? Skontaktuj si\u0119 z nami, pisz\u0105c maila na adres: <a rel=\"nofollow noopener\" href=\"https:\/\/plejada.pl\/newsy\/katarzyna-tusk-padla-ofiara-oszustwa-bezprawnie-wykorzystano-jej-zdjecie\/mailto:plejada@redakcjaonet.pl\" id=\"e123b888-dadc-4c7f-b082-f6e45bfb6489\" target=\"_blank\">plejada@redakcjaon<\/a><a rel=\"nofollow noopener\" href=\"https:\/\/et.pl\/\" id=\"717b300e-8652-4b7f-8650-612104a77b80\" target=\"_blank\">et.pl<\/a>.<\/p>\n<p><script async src=\"\/\/www.instagram.com\/embed.js\"><\/script><script async src=\"\/\/www.tiktok.com\/embed.js\"><\/script><\/p>\n","protected":false},"excerpt":{"rendered":"Katarzyna Tusk od lat prowadzi bloga &#8222;Make Life Easier&#8221; i aktywnie dzia\u0142a w mediach spo\u0142eczno\u015bciowych. Cho\u0107 cz\u0119\u015bciej porusza&hellip;\n","protected":false},"author":2,"featured_media":118417,"comment_status":"","ping_status":"","sticky":false,"template":"","format":"standard","meta":{"footnotes":""},"categories":[22],"tags":[122,16011,48,125,46,42,38,40,39,41,123,47],"class_list":{"0":"post-118416","1":"post","2":"type-post","3":"status-publish","4":"format-standard","5":"has-post-thumbnail","7":"category-rozrywka","8":"tag-entertainment","9":"tag-katarzyna_tusk","10":"tag-nat_styl","11":"tag-newsy","12":"tag-omp","13":"tag-pl","14":"tag-poland","15":"tag-polish","16":"tag-polska","17":"tag-polski","18":"tag-rozrywka","19":"tag-screening_general"},"share_on_mastodon":{"url":"https:\/\/pubeurope.com\/@pl\/115612708100775182","error":""},"_links":{"self":[{"href":"https:\/\/www.europesays.com\/pl\/wp-json\/wp\/v2\/posts\/118416","targetHints":{"allow":["GET"]}}],"collection":[{"href":"https:\/\/www.europesays.com\/pl\/wp-json\/wp\/v2\/posts"}],"about":[{"href":"https:\/\/www.europesays.com\/pl\/wp-json\/wp\/v2\/types\/post"}],"author":[{"embeddable":true,"href":"https:\/\/www.europesays.com\/pl\/wp-json\/wp\/v2\/users\/2"}],"replies":[{"embeddable":true,"href":"https:\/\/www.europesays.com\/pl\/wp-json\/wp\/v2\/comments?post=118416"}],"version-history":[{"count":0,"href":"https:\/\/www.europesays.com\/pl\/wp-json\/wp\/v2\/posts\/118416\/revisions"}],"wp:featuredmedia":[{"embeddable":true,"href":"https:\/\/www.europesays.com\/pl\/wp-json\/wp\/v2\/media\/118417"}],"wp:attachment":[{"href":"https:\/\/www.europesays.com\/pl\/wp-json\/wp\/v2\/media?parent=118416"}],"wp:term":[{"taxonomy":"category","embeddable":true,"href":"https:\/\/www.europesays.com\/pl\/wp-json\/wp\/v2\/categories?post=118416"},{"taxonomy":"post_tag","embeddable":true,"href":"https:\/\/www.europesays.com\/pl\/wp-json\/wp\/v2\/tags?post=118416"}],"curies":[{"name":"wp","href":"https:\/\/api.w.org\/{rel}","templated":true}]}}