{"id":118438,"date":"2025-11-25T22:49:09","date_gmt":"2025-11-25T22:49:09","guid":{"rendered":"https:\/\/www.europesays.com\/pl\/118438\/"},"modified":"2025-11-25T22:49:09","modified_gmt":"2025-11-25T22:49:09","slug":"plan-pokojowy-dla-ukrainy-polska-nie-bedzie-ofiara-tego-porozumienia-2","status":"publish","type":"post","link":"https:\/\/www.europesays.com\/pl\/118438\/","title":{"rendered":"Plan pokojowy dla Ukrainy. &#8222;Polska nie b\u0119dzie ofiar\u0105 tego porozumienia&#8221;"},"content":{"rendered":"<p class=\"ods-c-paragraph \">Zalewski poinformowa\u0142, \u017ce podczas rozmowy w Waszyngtonie z wiceszefem Pentagonu Elbridge\u2019em Colbym przedstawi\u0142 gotowo\u015b\u0107 podniesienia dwustronnych relacji we wsp\u00f3\u0142pracy obronnej na jeszcze wy\u017cszy poziom. \u2014 Uwa\u017camy, \u017ce jest to mo\u017cliwe \u2014 doda\u0142.<\/p>\n<p>Dalszy ci\u0105g artyku\u0142u pod materia\u0142em wideo<\/p>\n<p> Jakie s\u0105 polskie zastrze\u017cenia dotycz\u0105ce planu pokojowego? <\/p>\n<p> Co powiedzia\u0142 wiceszef MON na temat stacjonowania wojsk ameryka\u0144skich? <\/p>\n<p> Jakie relacje obronne chce podnie\u015b\u0107 Polska z USA? <\/p>\n<p> Czy s\u0105 obawy o redukcj\u0119 si\u0142 sojuszniczych w Polsce? <\/p>\n<p class=\"ods-c-paragraph \">\u2014 To dotyczy kwestii wsp\u00f3\u0142pracy przemys\u0142\u00f3w obronnych. Ona jest wa\u017cna dla Polski i dla USA ze wzgl\u0119du na zagro\u017cenia nie tylko ze strony Rosji, ale tak\u017ce ze wzgl\u0119du na interesy ameryka\u0144skie na Indopacyfiku. Przedstawi\u0142em nasz punkt widzenia dotycz\u0105cy stworzenia w Polsce hubu logistycznego dla wojsk ameryka\u0144skich \u2014 powiedzia\u0142 polskim dziennikarzom.<\/p>\n<p class=\"ods-c-paragraph \">Jak przekaza\u0142, rozmawiano te\u017c o stacjonowaniu wojsk ameryka\u0144skich w Polsce. \u2014 Mamy potwierdzenie, \u017ce nie b\u0119dzie tutaj \u017cadnych zmian, je\u017celi chodzi o zmniejszenie tych jednostek. Natomiast kwestia zwi\u0119kszenia jest otwarta. Potwierdzi\u0142em, \u017ce jeste\u015bmy gotowi na to, aby stworzy\u0107 odpowiedni\u0105 infrastruktur\u0119 dla \u017co\u0142nierzy ameryka\u0144skich \u2014 podkre\u015bli\u0142 Zalewski.<\/p>\n<p>   &#8222;Polska nie b\u0119dzie ofiar\u0105 tego porozumienia&#8221;<\/p>\n<p class=\"ods-c-paragraph \">Zalewski poinformowa\u0142 te\u017c, \u017ce przedstawi\u0142 polskie zastrze\u017cenia dotycz\u0105ce cz\u0119\u015bci punkt\u00f3w, kt\u00f3re pierwotnie znalaz\u0142y si\u0119 w propozycji ameryka\u0144skiej dotycz\u0105cej planu pokojowego dla Ukrainy.<\/p>\n<p class=\"ods-c-paragraph \">\u2014 Sekretarz Colby potwierdzi\u0142 nasz punkt widzenia i [\u2026] te punkty zosta\u0142y wyeliminowane z tych propozycji, kt\u00f3re s\u0105 dzisiaj na stole. Nie ma \u017cadnego punktu dotycz\u0105cego tego, \u017ce europejskie my\u015bliwce b\u0119d\u0105 stacjonowa\u0142y w Polsce \u2014 podkre\u015bli\u0142. Zwr\u00f3ci\u0142 uwag\u0119, \u017ce takie kwestie zale\u017c\u0105 nie od uzgodnie\u0144, w kt\u00f3rych b\u0119dzie bra\u0142a udzia\u0142 Rosja, ale od decyzji Polski i sojusznik\u00f3w.<\/p>\n<p class=\"ods-c-paragraph \">Oceni\u0142, \u017ce Colby &#8222;doskonale rozumie znaczenie Europy w procesie pokojowym w Ukrainie i znaczenie Polski, je\u017celi chodzi o kwesti\u0119 zapewnienia pokoju na Ukrainie&#8221;. Wiceminister zosta\u0142 zapytany, czy nie obawia si\u0119, \u017ce w porozumieniu pokojowym zostanie wynegocjowany zapis dotycz\u0105cy redukcji si\u0142 sojuszniczych w Polsce.<\/p>\n<p class=\"ods-c-paragraph \">\u2014 Ja mog\u0119 odwo\u0142ywa\u0107 si\u0119 wy\u0142\u0105cznie do rozmowy, kt\u00f3r\u0105 przeprowadzi\u0142em z tw\u00f3rc\u0105 strategii obronnej Stan\u00f3w Zjednoczonych [Colbym]. [&#8230;] W tej kwestii nie ma \u017cadnej w\u0105tpliwo\u015bci, \u017ce Polska i wschodnia flanka nie b\u0119d\u0105 ofiarami tego porozumienia, \u017ce tutaj po stronie ameryka\u0144skiej nie ma takiego sposobu my\u015blenia \u2014 podkre\u015bli\u0142.<\/p>\n","protected":false},"excerpt":{"rendered":"Zalewski poinformowa\u0142, \u017ce podczas rozmowy w Waszyngtonie z wiceszefem Pentagonu Elbridge\u2019em Colbym przedstawi\u0142 gotowo\u015b\u0107 podniesienia dwustronnych relacji we&hellip;\n","protected":false},"author":2,"featured_media":118439,"comment_status":"","ping_status":"","sticky":false,"template":"","format":"standard","meta":{"footnotes":""},"categories":[5],"tags":[32,33,36,37,27,76,49,34,35,28,31,48,25,46,42,13037,38,40,39,41,47,29,30,71,26,617],"class_list":{"0":"post-118438","1":"post","2":"type-post","3":"status-publish","4":"format-standard","5":"has-post-thumbnail","7":"category-naglowki","8":"tag-breaking-news","9":"tag-breakingnews","10":"tag-featured-news","11":"tag-featurednews","12":"tag-headlines","13":"tag-inwazja_rosji_na_ukraine","14":"tag-kraj","15":"tag-latest-news","16":"tag-latestnews","17":"tag-naglowki","18":"tag-najwazniejsze-artykuly","19":"tag-nat_styl","20":"tag-news","21":"tag-omp","22":"tag-pl","23":"tag-plan_pokojowy","24":"tag-poland","25":"tag-polish","26":"tag-polska","27":"tag-polski","28":"tag-screening_general","29":"tag-top-stories","30":"tag-topstories","31":"tag-usa","32":"tag-wiadomosci","33":"tag-wladyslaw_kosiniak_kamysz"},"share_on_mastodon":{"url":"https:\/\/pubeurope.com\/@pl\/115612782792841918","error":""},"_links":{"self":[{"href":"https:\/\/www.europesays.com\/pl\/wp-json\/wp\/v2\/posts\/118438","targetHints":{"allow":["GET"]}}],"collection":[{"href":"https:\/\/www.europesays.com\/pl\/wp-json\/wp\/v2\/posts"}],"about":[{"href":"https:\/\/www.europesays.com\/pl\/wp-json\/wp\/v2\/types\/post"}],"author":[{"embeddable":true,"href":"https:\/\/www.europesays.com\/pl\/wp-json\/wp\/v2\/users\/2"}],"replies":[{"embeddable":true,"href":"https:\/\/www.europesays.com\/pl\/wp-json\/wp\/v2\/comments?post=118438"}],"version-history":[{"count":0,"href":"https:\/\/www.europesays.com\/pl\/wp-json\/wp\/v2\/posts\/118438\/revisions"}],"wp:featuredmedia":[{"embeddable":true,"href":"https:\/\/www.europesays.com\/pl\/wp-json\/wp\/v2\/media\/118439"}],"wp:attachment":[{"href":"https:\/\/www.europesays.com\/pl\/wp-json\/wp\/v2\/media?parent=118438"}],"wp:term":[{"taxonomy":"category","embeddable":true,"href":"https:\/\/www.europesays.com\/pl\/wp-json\/wp\/v2\/categories?post=118438"},{"taxonomy":"post_tag","embeddable":true,"href":"https:\/\/www.europesays.com\/pl\/wp-json\/wp\/v2\/tags?post=118438"}],"curies":[{"name":"wp","href":"https:\/\/api.w.org\/{rel}","templated":true}]}}