{"id":118470,"date":"2025-11-25T23:18:09","date_gmt":"2025-11-25T23:18:09","guid":{"rendered":"https:\/\/www.europesays.com\/pl\/118470\/"},"modified":"2025-11-25T23:18:09","modified_gmt":"2025-11-25T23:18:09","slug":"zespol-mourinho-odbil-sie-od-dna-niespodzianka-w-stambule","status":"publish","type":"post","link":"https:\/\/www.europesays.com\/pl\/118470\/","title":{"rendered":"Zesp\u00f3\u0142 Mourinho odbi\u0142 si\u0119 od dna. Niespodzianka w Stambule"},"content":{"rendered":"\n<p class=\"contentpart contentpart--default contentpart--text\" data-position=\"0\">Na pocz\u0105tku meczu w Amsterdamie\u00a0Richard Rios doszed\u0142 do g\u0142osu w polu karnym, natomiast swoim strza\u0142em g\u0142ow\u0105 nie zaskoczy\u0142 bramkarza.\u00a0Vitezslav Jaros skutecznie interweniowa\u0142, chocia\u017c nie za\u017cegna\u0142 niebezpiecze\u0144stwa. Po chwili Samuel Dahl dopad\u0142 do bezpa\u0144skiej pi\u0142ki w polu i silnym uderzeniem pod poprzeczk\u0119 nie pozostawi\u0142 z\u0142udze\u0144 Jarosowi. Po analizie VAR s\u0119dzia Sven Jablonski wskaza\u0142 na \u015brodek, daj\u0105c Portugalczykom pow\u00f3d do rado\u015bci.<\/p>\n<p class=\"contentpart contentpart--default contentpart--text\" data-position=\"1\">Ajax nie pokazywa\u0142 zbyt wielu argument\u00f3w z przodu. W pierwszej ods\u0142onie jedynie Davy Klaassen zmusi\u0142 do reakcji bramkarza Benfiki. Z kolei\u00a0Rayane Bounida po przerwie przetestowa\u0142 Anatolija Trubina, kt\u00f3ry z najwy\u017cszym trudem przeni\u00f3s\u0142 futbol\u00f3wk\u0119 nad poprzeczk\u0105.<\/p>\n<p> <img role=\"presentation\" src=\"https:\/\/std.wpcdn.pl\/images\/adv\/placeholder_wp.svg\" loading=\"lazy\" alt=\"\" decoding=\"async\"\/>  <\/p>\n<p class=\"contentpart contentpart--default contentpart--text\" data-position=\"2\">ZOBACZ WIDEO: #dziejesiewsporcie: Hukn\u0105\u0142 nie do obrony. Asysta pi\u0119t\u0105 skrad\u0142a show<\/p>\n<p class=\"contentpart contentpart--default contentpart--text\" data-position=\"4\">Klaassen raz jeszcze doszed\u0142 do g\u0142osu i mia\u0142 wyborn\u0105 szans\u0119, jednak z kilku metr\u00f3w katastrofalnie przestrzeli\u0142. Potem prowadzenie Benfiki m\u00f3g\u0142 podwoi\u0107 Amar Dedi\u0107, lecz Jaros by\u0142 na posterunku.<\/p>\n<p class=\"contentpart contentpart--default contentpart--text\" data-position=\"5\">W 90. minucie przyjezdni dwoma podaniami rozmontowali obron\u0119 Holendr\u00f3w i Leandro Barreiro pot\u0119\u017cnym strza\u0142em pod poprzeczk\u0119 sfinalizowa\u0142 ca\u0142\u0105 akcj\u0119. &#8222;Or\u0142y&#8221; prze\u0142ama\u0142y si\u0119 po czterech pora\u017ckach w <a href=\"https:\/\/sportowefakty.wp.pl\/pilka-nozna\/liga-mistrzow\" rel=\"nofollow noopener\" target=\"_blank\">Lidze Mistrz\u00f3w<\/a>, pokonuj\u0105c Ajax 2:0.<\/p>\n<p class=\"contentpart contentpart--default contentpart--text\" data-position=\"6\">R\u00f3wnolegle ekipa Galatasaray podejmowa\u0142a Royale Union Saint-Gilloise.\u00a0Wynik m\u00f3g\u0142 otworzy\u0107 Gabriel Sara. Zawodnik miejscowych zdecydowa\u0142 si\u0119 na strza\u0142 z dystansu i musia\u0142 obej\u015b\u0107 si\u0119 smakiem, bo pi\u0142ka odbi\u0142a si\u0119 od prawego s\u0142upka.<\/p>\n<p> <img role=\"presentation\" src=\"https:\/\/std.wpcdn.pl\/images\/adv\/placeholder_wp.svg\" loading=\"lazy\" alt=\"\" decoding=\"async\"\/>  <\/p>\n<p class=\"contentpart contentpart--default contentpart--text\" data-position=\"7\">Z drugiej strony\u00a0Ross Sykes sprawi\u0142, \u017ce zrobi\u0142o si\u0119 gor\u0105co w polu karnym Turk\u00f3w. Po jego strzale\u00a0zatrz\u0119s\u0142a si\u0119 poprzeczka bramki strze\u017conej przez\u00a0Ugurcana Cakira. Belgijski zesp\u00f3\u0142 dopi\u0105\u0142 swego w minucie 57. W\u00f3wczas Adem Zorgane obs\u0142u\u017cy\u0142 Promise Davida, kt\u00f3ry tylko dope\u0142ni\u0142 formalno\u015bci.<\/p>\n<p class=\"contentpart contentpart--default contentpart--text\" data-position=\"8\">Galatasaray ko\u0144czy\u0142o mecz w os\u0142abieniu, bowiem w 89. minucie Arda Unyay obejrza\u0142 drug\u0105 \u017c\u00f3\u0142t\u0105 i w konsekwencji czerwon\u0105 kartk\u0119. Po zwyci\u0119stwie 1:0 Royale Union Saint-Gilloise awansowa\u0142 na 18. pozycj\u0119 w stawce.<\/p>\n<p class=\"contentpart contentpart--default contentpart--text\" data-position=\"9\"><a href=\"https:\/\/sportowefakty.wp.pl\/pilka-nozna\/ajax-amsterdam\" rel=\"nofollow noopener\" target=\"_blank\">AFC Ajax<\/a>\u00a0&#8211; <a href=\"https:\/\/sportowefakty.wp.pl\/pilka-nozna\/benfica-lizbona\" rel=\"nofollow noopener\" target=\"_blank\">SL Benfica<\/a>\u00a00:2 (0:1)<br \/>0:1 &#8211;\u00a0Samuel Dahl 6&#8242;<br \/>0:2 &#8211; Leandro Barreiro 90&#8242;<\/p>\n<p class=\"contentpart contentpart--default contentpart--text\" data-position=\"10\"><a href=\"https:\/\/sportowefakty.wp.pl\/pilka-nozna\/galatasaray-stambul\" rel=\"nofollow noopener\" target=\"_blank\">Galatasaray SK<\/a>\u00a0&#8211; <a href=\"https:\/\/sportowefakty.wp.pl\/pilka-nozna\/royale-union-saint-gilloise\" rel=\"nofollow noopener\" target=\"_blank\">Royale Union Saint-Gilloise<\/a>\u00a00:1 (0:0)<br \/>0:1 &#8211; Promise David 57&#8242;<\/p>\n","protected":false},"excerpt":{"rendered":"Na pocz\u0105tku meczu w Amsterdamie\u00a0Richard Rios doszed\u0142 do g\u0142osu w polu karnym, natomiast swoim strza\u0142em g\u0142ow\u0105 nie zaskoczy\u0142&hellip;\n","protected":false},"author":2,"featured_media":118471,"comment_status":"","ping_status":"","sticky":false,"template":"","format":"standard","meta":{"footnotes":""},"categories":[24],"tags":[7804,693,7802,270,269,42,38,40,39,41,15701,498,127,126],"class_list":{"0":"post-118470","1":"post","2":"type-post","3":"status-publish","4":"format-standard","5":"has-post-thumbnail","7":"category-sport","8":"tag-afc-ajax","9":"tag-europejskie-puchary","10":"tag-galatasaray-sk","11":"tag-liga-mistrzow","12":"tag-pilka-nozna","13":"tag-pl","14":"tag-poland","15":"tag-polish","16":"tag-polska","17":"tag-polski","18":"tag-royale-union-saint-gilloise","19":"tag-sl-benfica","20":"tag-sport","21":"tag-sports"},"share_on_mastodon":{"url":"https:\/\/pubeurope.com\/@pl\/115612897235672478","error":""},"_links":{"self":[{"href":"https:\/\/www.europesays.com\/pl\/wp-json\/wp\/v2\/posts\/118470","targetHints":{"allow":["GET"]}}],"collection":[{"href":"https:\/\/www.europesays.com\/pl\/wp-json\/wp\/v2\/posts"}],"about":[{"href":"https:\/\/www.europesays.com\/pl\/wp-json\/wp\/v2\/types\/post"}],"author":[{"embeddable":true,"href":"https:\/\/www.europesays.com\/pl\/wp-json\/wp\/v2\/users\/2"}],"replies":[{"embeddable":true,"href":"https:\/\/www.europesays.com\/pl\/wp-json\/wp\/v2\/comments?post=118470"}],"version-history":[{"count":0,"href":"https:\/\/www.europesays.com\/pl\/wp-json\/wp\/v2\/posts\/118470\/revisions"}],"wp:featuredmedia":[{"embeddable":true,"href":"https:\/\/www.europesays.com\/pl\/wp-json\/wp\/v2\/media\/118471"}],"wp:attachment":[{"href":"https:\/\/www.europesays.com\/pl\/wp-json\/wp\/v2\/media?parent=118470"}],"wp:term":[{"taxonomy":"category","embeddable":true,"href":"https:\/\/www.europesays.com\/pl\/wp-json\/wp\/v2\/categories?post=118470"},{"taxonomy":"post_tag","embeddable":true,"href":"https:\/\/www.europesays.com\/pl\/wp-json\/wp\/v2\/tags?post=118470"}],"curies":[{"name":"wp","href":"https:\/\/api.w.org\/{rel}","templated":true}]}}