{"id":118472,"date":"2025-11-25T23:19:10","date_gmt":"2025-11-25T23:19:10","guid":{"rendered":"https:\/\/www.europesays.com\/pl\/118472\/"},"modified":"2025-11-25T23:19:10","modified_gmt":"2025-11-25T23:19:10","slug":"wiesci-ws-doroty-wellman-nikt-sie-nie-spodziewal-nagle-potwierdzila-cud-2","status":"publish","type":"post","link":"https:\/\/www.europesays.com\/pl\/118472\/","title":{"rendered":"Wie\u015bci ws. Doroty Wellman nikt si\u0119 nie spodziewa\u0142. Nagle potwierdzi\u0142a cud"},"content":{"rendered":"<p class=\"typography ids-typeset-body ids-typeset-body--preset-large link paragraph ids-paragraph ids-paragraph--default\"><a href=\"https:\/\/www.pomponik.pl\/gwiazdy-i-produkcje-dorota-wellman,gsbi,156\" rel=\"nofollow noopener\" target=\"_blank\">Dorota Wellman<\/a> jest nie tylko gwiazd\u0105 <a href=\"https:\/\/www.pomponik.pl\/gwiazdy-i-produkcje-dzien-dobry-tvn,gsbi,293\" rel=\"nofollow noopener\" target=\"_blank\">&#8222;Dzie\u0144 Dobry TVN&#8221;<\/a>, ale od pewnego czasu spe\u0142nia si\u0119 w roli podkasterki. Dziennikarka wraz z synem Jakubem za\u0142o\u017cyli kana\u0142 na YouTube, gdzie przeprowadzaj\u0105 wywiady ze znanymi osobami.<\/p>\n<p class=\"typography ids-typeset-body ids-typeset-body--preset-large link paragraph ids-paragraph ids-paragraph--default\">Ostatnio go\u015bcili wr\u00f3\u017ck\u0119 <a href=\"https:\/\/www.pomponik.pl\/gwiazdy-i-produkcje-aida-kosojan-przybysz,gsbi,418\" rel=\"nofollow noopener\" target=\"_blank\">Aid\u0119 Kosojan-Przybysz<\/a>. Rozmow\u0119 reklamowali tymi oto s\u0142owami:<\/p>\n<p class=\"typography ids-typeset-body ids-typeset-body--preset-large link paragraph ids-paragraph ids-paragraph--default\">&#8222;Co widzi wizjonerka Aida? Na czym polega jej praca z osobami, kt\u00f3re przychodz\u0105 do niej po pomoc?&#8221; &#8211; mogli\u015bmy przeczyta\u0107 w zapowiedzi odcinka.<\/p>\n<p class=\"typography ids-typeset-body ids-typeset-body--preset-large link paragraph ids-paragraph ids-paragraph--default\">O wizycie u Wellman\u00f3w wspomnia\u0142a tak\u017ce sama Aida, kt\u00f3ra zabra\u0142a g\u0142os na swoim Instagramie.\u00a0Wizjonerka wprost przyzna\u0142a, \u017ce w trakcie rozmowy Dorota ujawni\u0142a jej rodzinn\u0105 tajemnice, kt\u00f3ra mocno poruszy\u0142a Kosojan-Przybysz. To prawdziwy cud!<\/p>\n<p>Wr\u00f3\u017cka Aida przekaza\u0142a pilne wie\u015bci ws. Doroty Wellman. Sta\u0142 si\u0119 cud. Ludzie nie mieli poj\u0119cia<\/p>\n<p class=\"typography ids-typeset-body ids-typeset-body--preset-large link paragraph ids-paragraph ids-paragraph--default\">&#8222;Dorota Wellman powiedzia\u0142a co\u015b, co bardzo mnie poruszy\u0142o. Opowiedzia\u0142a, \u017ce jej babcia by\u0142a jasnowidzk\u0105. \u017be jej mama te\u017c mia\u0142a ten dar. I \u017ce ona sama coraz cz\u0119\u015bciej czuje, \u017ce r\u00f3wnie\u017c go posiada &#8211; tylko jeszcze nie do ko\u0144ca chce to nazwa\u0107&#8221; &#8211; przekaza\u0142a pilnie fanom Aida.<\/p>\n<p class=\"typography ids-typeset-body ids-typeset-body--preset-large link paragraph ids-paragraph ids-paragraph--default\">W wywiadzie Dorota przyzna\u0142a, \u017ce przede wszystkim babcia mia\u0142a ten niespotykany &#8222;dar&#8221;, bowiem przewidywa\u0142a przysz\u0142o\u015b\u0107.\u00a0Mama dziennikarki te\u017c przejawia\u0142a tego typu zdolno\u015bci, ale pono\u0107 w pewien spos\u00f3b \u00f3w dar &#8222;zablokowa\u0142a w sobie&#8221;.<\/p>\n<p class=\"typography ids-typeset-body ids-typeset-body--preset-large link paragraph ids-paragraph ids-paragraph--default\">&#8222;S\u0142ucha\u0142am jej i bardzo rozumia\u0142am t\u0119 rodzinn\u0105 opowie\u015b\u0107. (&#8230;) Bo czasem dar przechodzi po cichu, z pokolenia na pokolenie\u2026 tak jest w mojej rodzinie &#8211; gdzie ja sw\u00f3j dar odziedziczy\u0142am po moich babciach i prababciach. To by\u0142a pi\u0119kna, intymna chwila. Dwie kobiety, dwa rody, dwie historie &#8211; a mi\u0119dzy nimi co\u015b wsp\u00f3lnego, niewidzialnego, ale bardzo prawdziwego&#8221; &#8211; wzrusza\u0142a si\u0119 Adia.<\/p>\n<p class=\"typography ids-typeset-body ids-typeset-body--preset-large link paragraph ids-paragraph ids-paragraph--default\">Spodziewaliby\u015bcie si\u0119, \u017ce Dorota Wellman ma dar jasnowidzenia?<\/p>\n<p>Agnieszka Kaczorowska wskazuje jednego celebryt\u0119 z ogromnym potencja\u0142em do wygranej w &#8222;Ta\u0144cu z gwiazdami&#8221;pomponik.pl<\/p>\n","protected":false},"excerpt":{"rendered":"Dorota Wellman jest nie tylko gwiazd\u0105 &#8222;Dzie\u0144 Dobry TVN&#8221;, ale od pewnego czasu spe\u0142nia si\u0119 w roli podkasterki.&hellip;\n","protected":false},"author":2,"featured_media":118166,"comment_status":"","ping_status":"","sticky":false,"template":"","format":"standard","meta":{"footnotes":""},"categories":[22],"tags":[122,42,38,40,39,41,123],"class_list":{"0":"post-118472","1":"post","2":"type-post","3":"status-publish","4":"format-standard","5":"has-post-thumbnail","7":"category-rozrywka","8":"tag-entertainment","9":"tag-pl","10":"tag-poland","11":"tag-polish","12":"tag-polska","13":"tag-polski","14":"tag-rozrywka"},"share_on_mastodon":{"url":"https:\/\/pubeurope.com\/@pl\/115612900807378578","error":""},"_links":{"self":[{"href":"https:\/\/www.europesays.com\/pl\/wp-json\/wp\/v2\/posts\/118472","targetHints":{"allow":["GET"]}}],"collection":[{"href":"https:\/\/www.europesays.com\/pl\/wp-json\/wp\/v2\/posts"}],"about":[{"href":"https:\/\/www.europesays.com\/pl\/wp-json\/wp\/v2\/types\/post"}],"author":[{"embeddable":true,"href":"https:\/\/www.europesays.com\/pl\/wp-json\/wp\/v2\/users\/2"}],"replies":[{"embeddable":true,"href":"https:\/\/www.europesays.com\/pl\/wp-json\/wp\/v2\/comments?post=118472"}],"version-history":[{"count":0,"href":"https:\/\/www.europesays.com\/pl\/wp-json\/wp\/v2\/posts\/118472\/revisions"}],"wp:featuredmedia":[{"embeddable":true,"href":"https:\/\/www.europesays.com\/pl\/wp-json\/wp\/v2\/media\/118166"}],"wp:attachment":[{"href":"https:\/\/www.europesays.com\/pl\/wp-json\/wp\/v2\/media?parent=118472"}],"wp:term":[{"taxonomy":"category","embeddable":true,"href":"https:\/\/www.europesays.com\/pl\/wp-json\/wp\/v2\/categories?post=118472"},{"taxonomy":"post_tag","embeddable":true,"href":"https:\/\/www.europesays.com\/pl\/wp-json\/wp\/v2\/tags?post=118472"}],"curies":[{"name":"wp","href":"https:\/\/api.w.org\/{rel}","templated":true}]}}