{"id":118483,"date":"2025-11-25T23:32:10","date_gmt":"2025-11-25T23:32:10","guid":{"rendered":"https:\/\/www.europesays.com\/pl\/118483\/"},"modified":"2025-11-25T23:32:10","modified_gmt":"2025-11-25T23:32:10","slug":"pge-narodowy-czeka-rewolucja-rzad-analizuje-gruntowna-przebudowe-stadiony-net","status":"publish","type":"post","link":"https:\/\/www.europesays.com\/pl\/118483\/","title":{"rendered":"PGE Narodowy czeka rewolucja? Rz\u0105d analizuje gruntown\u0105 przebudow\u0119 \u2013 Stadiony.net"},"content":{"rendered":"<p>\n        25.11.2025 13:49<br \/>\n        \u017ar\u00f3d\u0142o: Stadiony.net; autor: Paulina Sk\u00f3ra\n    <\/p>\n<p class=\"lead\">\n                    <img loading=\"lazy\" decoding=\"async\" class=\"thumbnail\" width=\"160\" height=\"100\" src=\"https:\/\/www.europesays.com\/pl\/wp-content\/uploads\/2025\/11\/26303-thumbnail.jpg\" alt=\"Warszawa: PGE Narodowy czeka rewolucja? Rz\u0105d analizuje gruntown\u0105 przebudow\u0119 \"\/><br \/>\n        Zaledwie 13 lat po otwarciu PGE Narodowego Ministerstwo Sportu i Turystyki rozpocz\u0119\u0142o oficjalne analizy dotycz\u0105ce jego g\u0142\u0119bokiej modernizacji. Pomys\u0142 zwi\u0105zany jest zar\u00f3wno z planami ubiegania si\u0119 przez Warszaw\u0119 o organizacj\u0119 igrzysk olimpijskich w 2040 lub 2044 roku, jak i sprowadzeniem do Polski fina\u0142u Ligi Mistrz\u00f3w.\n<\/p>\n<p>Prze\u0142omowa koncepcja: 80 tysi\u0119cy miejsc i bie\u017cnia olimpijska<\/p>\n<p>Z dokument\u00f3w i wypowiedzi przedstawicieli rz\u0105du wy\u0142ania si\u0119 wizja, jakiej jeszcze nikt w Polsce oficjalnie nie przedstawia\u0142. Proponowana modernizacja zak\u0142ada rozbi\u00f3rk\u0119 znacznej cz\u0119\u015bci pierwszego pier\u015bcienia trybun oraz obecnej konstrukcji dachu. Ma to umo\u017cliwi\u0107 dobudowanie nowych sektor\u00f3w stadionu, dzi\u0119ki kt\u00f3rym pojemno\u015b\u0107 <a href=\"https:\/\/stadiony.net\/stadiony\/pol\/stadion_narodowy\" rel=\"nofollow noopener\" target=\"_blank\">PGE Narodowego<\/a> wzros\u0142aby z 58 000 do oko\u0142o 80 000 miejsc \u2013 a by\u0107 mo\u017ce nawet wi\u0119cej.<\/p>\n<p>Najwi\u0119ksz\u0105 zmian\u0105 by\u0142oby jednak umieszczenie na p\u0142ycie stadionu pe\u0142nowymiarowej, 400-metrowej bie\u017cni lekkoatletycznej. Oznacza\u0142oby to przej\u015bcie od konstrukcji typowo pi\u0142karskiej do formy hybrydowej, zdolnej pomie\u015bci\u0107 najwa\u017cniejsze wydarzenia lekkoatletyczne, w tym sesje medalowe igrzysk olimpijskich.<\/p>\n<p>Minister sportu Jakub Rutnicki wprost przyzna\u0142, \u017ce trwaj\u0105 prace koncepcyjne: Przygotowujemy analizy, a moim marzeniem by\u0142by nowy PGE Narodowy w tym samym miejscu, ale w zupe\u0142nie nowej ods\u0142onie. Jak doda\u0142, modernizacja mog\u0142aby przybli\u017cy\u0107 Warszaw\u0119 do najlepszych wzorc\u00f3w, jakie wyznaczaj\u0105 przebudowy stadion\u00f3w w Barcelonie i Madrycie.<\/p>\n<p>Przedstawiciele lekkoatletyki m\u00f3wi\u0105: wreszcie<\/p>\n<p>Cho\u0107 jeszcze do niedawna w Polsce panowa\u0142o przekonanie, \u017ce m\u0142ody i kosztowny obiekt nie powinien by\u0107 dotykany, propozycja Rutnickiego szybko zyska\u0142a wsparcie \u015brodowisk sportowych \u2013 zw\u0142aszcza lekkoatletycznych. Dwukrotny mistrz olimpijski i wiceprezes Polskiego Zwi\u0105zku Lekkiej Atletyki (PZLA), Tomasz Majewski, uzna\u0142 pomys\u0142 za rozs\u0105dny kierunek. Jego zdaniem przebudowa mo\u017ce by\u0107 nie tylko ta\u0144sza, ale r\u00f3wnie\u017c korzystniejsza dla sportu ni\u017c budowa zupe\u0142nie nowego obiektu: To zdecydowanie najlepsza i najta\u0144sza opcja, by PGE Narodowy spe\u0142nia\u0142 najwy\u017csze standardy \u2013 powiedzia\u0142, podkre\u015blaj\u0105c, \u017ce lekkoatletyka potrzebuje impulsu, a Warszawa jako stolica powinna by\u0107 gospodarzem najwa\u017cniejszych wydarze\u0144.<\/p>\n<p><img loading=\"lazy\" decoding=\"async\" class=\"pic-center\" src=\"https:\/\/www.europesays.com\/pl\/wp-content\/uploads\/2025\/11\/58Pge01.jpg\" alt=\"PGE Narodowy (Stadion Narodowy im. Kazimierza G\u00f3rskiego)\" width=\"1344\" height=\"755\"\/>\u00a9\u00a0<a href=\"https:\/\/www.instagram.com\/grzegorz_kaliciak\/\" rel=\"nofollow noopener\" target=\"_blank\">Grzegorz Kaliciak<\/a>\u00a0\/\u00a0<a href=\"http:\/\/stadiumdb.com\/\" rel=\"nofollow noopener\" target=\"_blank\">StadiumDB.com<\/a><\/p>\n<p>Cel: Liga Mistrz\u00f3w. Ale co z widoczno\u015bci\u0105?<\/p>\n<p>Najpowa\u017cniejszym skutkiem przebudowy dla fan\u00f3w futbolu by\u0142oby odsuni\u0119cie trybun od boiska. Obecnie PGE Narodowy jest konstrukcj\u0105 typowo pi\u0142karsk\u0105, dlatego zbudowanie bie\u017cni nieuchronnie wp\u0142yn\u0119\u0142oby na widoczno\u015b\u0107. Rutnicki tonuje jednak emocje: Zdaj\u0119 sobie spraw\u0119, \u017ce obecnie jest to stadion typowo pi\u0142karski, dlatego nie chc\u0119 niczego rozstrzyga\u0107. Daj\u0119 jedynie zna\u0107, \u017ce analizy trwaj\u0105. Ten fragment wypowiedzi jasno wskazuje, \u017ce finalna forma stadionu zale\u017ce\u0107 b\u0119dzie od rezultat\u00f3w ekspertyz i p\u00f3\u017aniejszych decyzji rz\u0105du.<\/p>\n<p>Jednym z kluczowych argument\u00f3w za rozbudow\u0105 jest bowiem ch\u0119\u0107 sprowadzenia do Warszawy fina\u0142u Ligi Mistrz\u00f3w. To wydarzenie, kt\u00f3re \u2013 opr\u00f3cz presti\u017cu \u2013 generuje ogromne przychody i zasi\u0119g medialny. W obecnym stanie stadion nie spe\u0142nia wymog\u00f3w UEFA, przede wszystkim ze wzgl\u0119du na zbyt ma\u0142\u0105 liczb\u0119 miejsc. Minister nie ukrywa ambicji: Nowy PGE Narodowy powinien mie\u0107 70 000, a mo\u017ce nawet wi\u0119cej ni\u017c 80 000 miejsc.<\/p>\n<p>Nie tylko stadion<\/p>\n<p>Wraz z przebudow\u0105 stadionu rz\u0105d planuje r\u00f3wnie\u017c <a href=\"https:\/\/stadiony.net\/aktualnosci\/2024\/06\/warszawa_obok_pge_narodowego_stanie_hala_narodowa\" rel=\"nofollow noopener\" target=\"_blank\">budow\u0119 nowej hali widowiskowej<\/a> na ponad 20 000 miejsc, kt\u00f3ra stanowi\u0142aby drugi kluczowy punkt infrastruktury olimpijskiej. Zesp\u00f3\u0142 odpowiedzialny za przygotowania ma r\u00f3wnie\u017c uda\u0107 si\u0119 do Francji, aby konsultowa\u0107 si\u0119 z organizatorami igrzysk w Pary\u017cu.<\/p>\n<p><img loading=\"lazy\" decoding=\"async\" class=\"pic-center\" src=\"https:\/\/www.europesays.com\/pl\/wp-content\/uploads\/2025\/11\/58Pge02.jpg\" alt=\"PGE Narodowy (Stadion Narodowy im. Kazimierza G\u00f3rskiego)\" width=\"1344\" height=\"755\"\/>\u00a9\u00a0<a href=\"https:\/\/www.instagram.com\/grzegorz_kaliciak\/\" rel=\"nofollow noopener\" target=\"_blank\">Grzegorz Kaliciak<\/a>\u00a0\/\u00a0<a href=\"http:\/\/stadiumdb.com\/\" rel=\"nofollow noopener\" target=\"_blank\">StadiumDB.com<\/a><\/p>\n<p>Kiedy zapadn\u0105 decyzje?<\/p>\n<p>Cho\u0107 wizja jest niezwykle rozbudowana, na tym etapie nie ma jeszcze decyzji o rozpocz\u0119ciu prac. Rz\u0105d podkre\u015bla, \u017ce projekt wymaga szerokich konsultacji, oblicze\u0144 kosztowych i sprawdzenia wykonalno\u015bci in\u017cynieryjnej. Pewne jest natomiast, \u017ce jakakolwiek modernizacja oznacza\u0142aby czasowe zamkni\u0119cie obiektu.<\/p>\n<p>Rutnicki zaznacza, \u017ce perspektywa jest d\u0142ugofalowa, ale cel wyra\u017anie okre\u015blony: Chcemy, \u017ceby Narodowy za 10\u201320 lat by\u0142 najnowocze\u015bniejszym stadionem w Europie.<\/p>\n<p><script async src=\"\/\/www.instagram.com\/embed.js\"><\/script><\/p>\n","protected":false},"excerpt":{"rendered":"25.11.2025 13:49 \u017ar\u00f3d\u0142o: Stadiony.net; autor: Paulina Sk\u00f3ra Zaledwie 13 lat po otwarciu PGE Narodowego Ministerstwo Sportu i Turystyki&hellip;\n","protected":false},"author":2,"featured_media":118484,"comment_status":"","ping_status":"","sticky":false,"template":"","format":"standard","meta":{"footnotes":""},"categories":[24],"tags":[42,38,40,39,41,127,126],"class_list":{"0":"post-118483","1":"post","2":"type-post","3":"status-publish","4":"format-standard","5":"has-post-thumbnail","7":"category-sport","8":"tag-pl","9":"tag-poland","10":"tag-polish","11":"tag-polska","12":"tag-polski","13":"tag-sport","14":"tag-sports"},"share_on_mastodon":{"url":"https:\/\/pubeurope.com\/@pl\/115612952110157419","error":""},"_links":{"self":[{"href":"https:\/\/www.europesays.com\/pl\/wp-json\/wp\/v2\/posts\/118483","targetHints":{"allow":["GET"]}}],"collection":[{"href":"https:\/\/www.europesays.com\/pl\/wp-json\/wp\/v2\/posts"}],"about":[{"href":"https:\/\/www.europesays.com\/pl\/wp-json\/wp\/v2\/types\/post"}],"author":[{"embeddable":true,"href":"https:\/\/www.europesays.com\/pl\/wp-json\/wp\/v2\/users\/2"}],"replies":[{"embeddable":true,"href":"https:\/\/www.europesays.com\/pl\/wp-json\/wp\/v2\/comments?post=118483"}],"version-history":[{"count":0,"href":"https:\/\/www.europesays.com\/pl\/wp-json\/wp\/v2\/posts\/118483\/revisions"}],"wp:featuredmedia":[{"embeddable":true,"href":"https:\/\/www.europesays.com\/pl\/wp-json\/wp\/v2\/media\/118484"}],"wp:attachment":[{"href":"https:\/\/www.europesays.com\/pl\/wp-json\/wp\/v2\/media?parent=118483"}],"wp:term":[{"taxonomy":"category","embeddable":true,"href":"https:\/\/www.europesays.com\/pl\/wp-json\/wp\/v2\/categories?post=118483"},{"taxonomy":"post_tag","embeddable":true,"href":"https:\/\/www.europesays.com\/pl\/wp-json\/wp\/v2\/tags?post=118483"}],"curies":[{"name":"wp","href":"https:\/\/api.w.org\/{rel}","templated":true}]}}