{"id":118605,"date":"2025-11-26T03:41:10","date_gmt":"2025-11-26T03:41:10","guid":{"rendered":"https:\/\/www.europesays.com\/pl\/118605\/"},"modified":"2025-11-26T03:41:10","modified_gmt":"2025-11-26T03:41:10","slug":"pogon-odzyskala-moc-efektowne-zwyciestwo-z-zaglebiem","status":"publish","type":"post","link":"https:\/\/www.europesays.com\/pl\/118605\/","title":{"rendered":"Pogo\u0144 odzyska\u0142a moc! Efektowne zwyci\u0119stwo z Zag\u0142\u0119biem"},"content":{"rendered":"<p>Po\u00a0niez\u0142ym pocz\u0105tku kadencji Thomasa Thomasberga Pogo\u0144 ponios\u0142a w\u00a0ostatnich meczach dwie pora\u017cki i\u00a0entuzjazm w\u00a0Szczecinie nieco wyhamowa\u0142. Dzisiejszy wiecz\u00f3r na\u00a0nowo rozpali jednak w\u00a0kibicach przekonanie, \u017ce\u00a0z\u00a0tym szkoleniowcem Portowc\u00f3w sta\u0107 na\u00a0du\u017ce rzeczy. Nie\u00a0oby\u0142o si\u0119 bez\u00a0k\u0142opot\u00f3w, ale\u00a0po\u00a0przerwie Zag\u0142\u0119bie by\u0142o tylko\u00a0t\u0142em dla nap\u0119dzaj\u0105cych si\u0119 gospodarzy. Wynik m\u00f3g\u0142 by\u0107 nawet wy\u017cszy.<\/p>\n<p>Pora\u017cka z\u00a0Jagielloni\u0105 Bia\u0142ystok tu\u017c przed\u00a0przerw\u0105 na\u00a0kadr\u0119 mocno siedzia\u0142a w\u00a0g\u0142owach wszystkich zwi\u0105zanych z\u00a0Pogoni\u0105. Mn\u00f3stwo \u015bwietnych interwencji Mi\u0142osza Piekutowskiego oraz\u00a0gol w\u00a0ko\u0144c\u00f3wce Oskara Pietuszewskiego \u015bni\u0142y si\u0119 fanom Portowc\u00f3w w\u00a0nocnych koszmarach. Sytuacja w\u00a0tabeli r\u00f3wnie\u017c przyprawia\u0142a o\u00a0grymas b\u00f3lu, bo\u00a0przecie\u017c zdecydowanie bli\u017cej by\u0142o gospodarzom do\u00a0strefy spadkowej ni\u017c strefy europejskich puchar\u00f3w.<\/p>\n<p>Efektowne prze\u0142amanie Pogoni z\u00a0Zag\u0142\u0119biem. Portowcy odzyskali moc<\/p>\n<p>Na\u00a0drodze Kamila Grosickiego i\u00a0sp\u00f3\u0142ki stan\u0119\u0142o niez\u0142e w\u00a0tym sezonie Zag\u0142\u0119bie, kt\u00f3re niedawno rozprawi\u0142o si\u0119 przecie\u017c z\u00a0liderem z\u00a0Zabrza. Zapowiada\u0142o si\u0119 na\u00a0sporo emocji, chocia\u017c taki przebieg meczu trudno by\u0142o przewidzie\u0107.<\/p>\n<p>Pocz\u0105tek spotkania zwiastowa\u0142, \u017ce\u00a0Pogo\u0144 chce szybko zaznaczy\u0107 swoj\u0105 przewag\u0119. Ju\u017c w\u00a02. minucie Kamil Grosicki do\u015brodkowa\u0142 z\u00a0rzutu ro\u017cnego, pi\u0142k\u0119 zgra\u0142 Danijel Loncar, a\u00a0do\u00a0siatki wpakowa\u0142 j\u0105\u00a0Dimitrios Keramitsis. Grek strzeli\u0142 pierwszego gola w\u00a0Ekstraklasie i\u00a0wykorzysta\u0142 brak zdecydowania Aleksa \u0141awniczaka. By\u0142y stoper Warty Pozna\u0144 nie\u00a0potrafi\u0142 wybi\u0107 pi\u0142ki spod jego n\u00f3g, niezbyt dobrze ca\u0142\u0105 sytuacj\u0105 na\u00a0przedpolu zarz\u0105dzi\u0142 te\u017c Jasmin Buri\u0107. Zn\u00f3w potwierdzi\u0142o si\u0119, \u017ce\u00a0niewiele jest element\u00f3w, w\u00a0kt\u00f3rych\u00a0Pogo\u0144 czuje si\u0119 tak\u00a0dobrze, jak przy sta\u0142ych fragmentach gry.<\/p>\n<p>Rado\u015b\u0107 na\u00a0stadionie nie\u00a0prze\u0142o\u017cy\u0142a si\u0119 jednak na\u00a0dodatkowy wiatr w\u00a0\u017caglach zawodnik\u00f3w. Pogo\u0144 cofn\u0119\u0142a si\u0119 pod\u00a0w\u0142asn\u0105 bramk\u0119 i\u00a0d\u0142ugimi fragmentami nie\u00a0potrafi\u0142a wymieni\u0107 cho\u0107by trzech czy\u00a0czterech poda\u0144. Szczecinianie notowali mn\u00f3stwo strat, a\u00a0Zag\u0142\u0119bie zaczyna\u0142o czu\u0107 si\u0119 coraz pewniej. Dobry atak w\u00a010. minucie nap\u0119dzi\u0142 m\u0142ody Jakub Kolan, kt\u00f3ry\u00a0po\u00a0wymianie pi\u0142ki z\u00a0Luk\u0105 Luciciem uderzy\u0142 z\u00a0naro\u017cnika pola karnego w\u00a0s\u0142upek. P\u00f3\u017aniej \u017c\u00f3\u0142t\u0105 kartk\u0119 za\u00a0faul na\u00a0wychodz\u0105cym na\u00a0dobr\u0105 pozycj\u0119 Rochy otrzyma\u0142 Loncar, Zag\u0142\u0119bie mia\u0142o gro\u017any rzut wolny, ale\u00a0\u017ale uderzy\u0142 Kajetan Szmyt. Niez\u0142\u0105 okazj\u0119 zmarnowa\u0142 jeszcze p\u00f3\u017aniej po\u00a0strzale g\u0142ow\u0105 \u0141awniczak.<\/p>\n<p>Irytowa\u0107 mog\u0142y kiepskie decyzje podejmowane w\u00a0wa\u017cnych momentach przez\u00a0skrzyd\u0142owych, a\u00a0wi\u0119c\u00a0Kajetana Szmyta i\u00a0Jakuba Sypka. Go\u0142ym okiem wida\u0107 by\u0142o brak Marcela Regu\u0142y, kt\u00f3ry\u00a0pauzowa\u0142 za\u00a0\u017c\u00f3\u0142te kartki. Ekipie Leszka Ojrzy\u0144skiego zapewne pom\u00f3g\u0142by r\u00f3wnie\u017c Adam Radwa\u0144ski, ale\u00a0jego zabrak\u0142o z\u00a0kolei ze\u00a0wzgl\u0119du na\u00a0kontuzj\u0119 doznan\u0105 tu\u017c przed\u00a0wyjazdem na\u00a0mecz.<\/p>\n<p>Zag\u0142\u0119biu brakowa\u0142o konkretu, a\u00a0w\u00a0ko\u0144c\u00f3wce pierwszej po\u0142owy zn\u00f3w dosz\u0142y pomy\u0142ki w\u00a0defensywie. Miedziowi dali si\u0119 zaskoczy\u0107 w\u00a0bocznej strefie boiska, gdzie po\u00a0d\u0142ugiej drzemce obudzili si\u0119 Greenwood oraz\u00a0Grosicki. To\u00a0oni do\u00a0sp\u00f3\u0142ki z\u00a0Linusem Wahlqvistem rozegrali atak, kt\u00f3ry\u00a0z\u00a0zimn\u0105 krwi\u0105 wyko\u0144czy\u0142 Rajmund Molnar. Krytykowany W\u0119gier wreszcie si\u0119 prze\u0142ama\u0142, gdy\u017c\u00a0nie\u00a0by\u0142 w\u00a0stanie strzeli\u0107 gola od\u00a0swojego debiutu, a\u00a0wi\u0119c\u00a0meczu 21 wrze\u015bnia z\u00a0Lechi\u0105 Gda\u0144sk. Na\u00a0niez\u0142\u0105 karuzel\u0119 wsadzony zosta\u0142 \u0141awniczak, kt\u00f3ry\u00a0zdecydowanie nie\u00a0zaliczy tego meczu do\u00a0udanych.<\/p>\n<p>Trudne chwile obro\u0144c\u00f3w Zag\u0142\u0119bia<\/p>\n<p>Do\u00a0grona zawodnik\u00f3w, kt\u00f3rzy\u00a0b\u0119d\u0105 musieli kilka rzeczy przemy\u015ble\u0107 dorzucamy Filipa Kocab\u0119. To\u00a0on\u00a0chwil\u0119 p\u00f3\u017aniej w\u00a0prosty spos\u00f3b straci\u0142 pi\u0142k\u0119 w\u00a0\u015brodku pola na\u00a0rzecz Molnara. Podanie W\u0119gra by\u0142o niedok\u0142adne, ale\u00a0wybicie Igora Orlikowskiego jeszcze s\u0142absze, na\u00a0czym skorzysta\u0142 Adrian Przyborek. Wychowanek Pogoni precyzyjnym strza\u0142em podwy\u017cszy\u0142 prowadzenie gospodarzy i\u00a0sprawi\u0142, \u017ce\u00a0mimo braku wielu sytuacji Pogo\u0144 schodzi\u0142a z\u00a0wyra\u017anym prowadzeniem.<\/p>\n<p>W\u00a0przerwie Ojrzy\u0144ski pr\u00f3bowa\u0142 pobudzi\u0107 zesp\u00f3\u0142 nie\u00a0tylko\u00a0kwiecist\u0105 przemow\u0105, ale\u00a0r\u00f3wnie\u017c a\u017c\u00a0potr\u00f3jn\u0105 zmian\u0105. Na\u00a0boisku pojawili si\u0119 cho\u0107by Jesus Diaz i\u00a0Mateusz Dziewiatowski. To\u00a0w\u0142a\u015bnie ta\u00a0dw\u00f3jka do\u00a0sp\u00f3\u0142ki z\u00a0Kajetanem Szmytem przeprowadzi\u0142a atak, dzi\u0119ki kt\u00f3remu\u00a0w\u00a049. minucie nadzieja w\u00a0Lubinie powr\u00f3ci\u0142a. Zag\u0142\u0119bie strzeli\u0142o gola, a\u00a0nied\u0142ugo potem mog\u0142o mie\u0107 rzut karny za\u00a0poci\u0105ganie za\u00a0koszulk\u0119 Rochy przez\u00a0Keramitsisa. Arbiter uzna\u0142 jednak, \u017ce\u00a0wcze\u015bniej przy zagraniu z\u00a0w\u0142asnej po\u0142owy Nalepy na\u00a0spalonym znajdowa\u0142 si\u0119 Szmyt i\u00a0po\u00a0konsultacji z\u00a0VAR-em jedenastki nie\u00a0podyktowa\u0142.<\/p>\n<p>To\u00a0by\u0142 chyba ostatni moment w\u00a0tym starciu, gdy\u00a0realnie Zag\u0142\u0119bie mog\u0142o pod\u0142\u0105czy\u0107 si\u0119 do\u00a0rywalizacji. Ko\u0144cowe minuty to\u00a0totalna dominacja Pogoni, kt\u00f3ra\u00a0przynios\u0142a efekt w\u00a075. minucie. W\u00f3wczas rzutu karnego nie\u00a0wykorzysta\u0142 Sam Greenwood trafiaj\u0105c w\u00a0s\u0142upek, ale\u00a0momentalnie z\u00a0dobitk\u0105 pop\u0119dzi\u0142 Molnar i\u00a0by\u0142o ju\u017c 4:1. Faulowany przez\u00a0wprowadzonego z\u00a0\u0142awki Josipa Corluk\u0119 by\u0142 rozgrywaj\u0105cy dobry mecz Mor Ndiaye.<\/p>\n<p>S\u0119dziowie kazali d\u0142ugo czeka\u0107 na\u00a0decyzje<\/p>\n<p>Fan\u00f3w z\u00a0pewno\u015bci\u0105 denerwowa\u0142a jednak opiesza\u0142o\u015b\u0107 arbitr\u00f3w, kt\u00f3rzy\u00a0zn\u00f3w bardzo d\u0142ugo sprawdzali t\u0119\u00a0sytuacj\u0119 zanim podj\u0119li decyzj\u0119. By\u0107 mo\u017ce to\u00a0wytr\u0105ci\u0142o te\u017c z\u00a0koncentracji Greenwooda, ale\u00a0na\u00a0szcz\u0119\u015bcie dla Anglika, oby\u0142o si\u0119 bez\u00a0wielkich konsekwencji. Inna sprawa jest taka, \u017ce\u00a0Senegalczyk sporo do\u0142o\u017cy\u0142 w\u00a0tej\u00a0sytuacji od\u00a0siebie i\u00a0mo\u017cna mie\u0107 w\u0105tpliwo\u015bci, czy\u00a0rzut karny Pogoni si\u0119 nale\u017ca\u0142.<\/p>\n<p>Dziesi\u0119\u0107 minut po\u00a0trafieniu Molnara okaza\u0142o si\u0119, \u017ce\u00a0by\u0142y zawodnik Leeds mia\u0142 jeszcze przygotowane co\u015b w\u00a0zanadrzu. To\u00a0on\u00a0bowiem ustali\u0142 wynik tego spotkania po\u00a0efektownym rajdzie i\u00a0silnym strzale zza pola karnego. Dla najdro\u017cszego transferu w\u00a0historii Pogoni by\u0142 to\u00a0pierwszy gol w\u00a0Ekstraklasie.<\/p>\n<p>Ze\u00a0wzgl\u0119du na\u00a0d\u0142ugie przerwy \u0141ukasz Ku\u017ama doliczy\u0142 a\u017c\u00a010 minut i\u00a0wtedy bliski gola by\u0142 jeszcze wprowadzony z\u00a0\u0142awki Paul Mukairu, ale\u00a0zabrak\u0142o mu\u00a0dok\u0142adno\u015bci. Zag\u0142\u0119bie i\u00a0tak\u00a0czeka d\u0142uga podr\u00f3\u017c do\u00a0domu, w\u00a0kt\u00f3rej\u00a0niekoniecznie b\u0119dzie chodzi\u0142o o\u00a0kilometry.<\/p>\n<p>Mimo efektownego zwyci\u0119stwa Pogoni, to\u00a0nadal lubinianie znajduj\u0105 si\u0119 wy\u017cej w\u00a0tabeli i\u00a0maj\u0105 jeden punkt wi\u0119cej. To\u00a0pokazuje skal\u0119 zadania, jaka stoi w\u00a0tym sezonie przed\u00a0Thomasbergiem, ale\u00a0z\u00a0pewno\u015bci\u0105 takie spotkania pozytywnie nap\u0119dzaj\u0105. Dzi\u015b Pogo\u0144 pokaza\u0142a swoj\u0105 bardziej pragmatyczn\u0105 stron\u0119. Okaza\u0142o si\u0119, \u017ce\u00a0Greenwood, Molnar czy\u00a0Przyborek maj\u0105 w\u00a0sobie du\u017co jako\u015bci i\u00a0potrafi\u0105 zaprezentowa\u0107 j\u0105\u00a0w\u00a0sytuacji, gdy\u00a0Pogo\u0144 nie\u00a0zawsze prowadzi gr\u0119. Najwy\u017csza pora\u017cka Zag\u0142\u0119bia Lubin w\u00a0tym sezonie sta\u0142a si\u0119 faktem.<\/p>\n<p>\n                5                            <\/p>\n<p>Lon\u010dar<\/p>\n<p>                                                    <img decoding=\"async\" class=\"single-legend-image yellow-card\" src=\"https:\/\/weszlo.com\/wp-content\/public\/images\/yellow-card.svg\" alt=\"yellow-card\"\/><\/p>\n<p>\n                5                            <\/p>\n<p>Ulvestad<\/p>\n<p>                                                    <img decoding=\"async\" class=\"single-legend-image yellow-card\" src=\"https:\/\/weszlo.com\/wp-content\/public\/images\/yellow-card.svg\" alt=\"yellow-card\"\/><\/p>\n<p>\n                2                                    &#8211;\n                            <\/p>\n<p>Buri\u0107<\/p>\n<p>                                                    <img decoding=\"async\" class=\"single-legend-image yellow-card\" src=\"https:\/\/weszlo.com\/wp-content\/public\/images\/yellow-card.svg\" alt=\"yellow-card\"\/><\/p>\n<p>\n                    \u0141ukasz Ku\u017ama<br \/>\n                                            4\n                                    <\/p>\n<p>        Zmiany:<\/p>\n<p>        Legenda<\/p>\n<p>CZYTAJ WI\u0118CEJ O\u00a0EKSTRAKLASIE:<\/p>\n<p>fot.\u00a0Newspix<\/p>\n","protected":false},"excerpt":{"rendered":"Po\u00a0niez\u0142ym pocz\u0105tku kadencji Thomasa Thomasberga Pogo\u0144 ponios\u0142a w\u00a0ostatnich meczach dwie pora\u017cki i\u00a0entuzjazm w\u00a0Szczecinie nieco wyhamowa\u0142. Dzisiejszy wiecz\u00f3r na\u00a0nowo&hellip;\n","protected":false},"author":2,"featured_media":118606,"comment_status":"","ping_status":"","sticky":false,"template":"","format":"standard","meta":{"footnotes":""},"categories":[24],"tags":[42,1111,38,40,39,41,4363,127,126,3363],"class_list":{"0":"post-118605","1":"post","2":"type-post","3":"status-publish","4":"format-standard","5":"has-post-thumbnail","7":"category-sport","8":"tag-pl","9":"tag-pogon-szczecin","10":"tag-poland","11":"tag-polish","12":"tag-polska","13":"tag-polski","14":"tag-rajmund-molnar","15":"tag-sport","16":"tag-sports","17":"tag-zaglebie-lubin"},"share_on_mastodon":{"url":"https:\/\/pubeurope.com\/@pl\/115613931115809424","error":""},"_links":{"self":[{"href":"https:\/\/www.europesays.com\/pl\/wp-json\/wp\/v2\/posts\/118605","targetHints":{"allow":["GET"]}}],"collection":[{"href":"https:\/\/www.europesays.com\/pl\/wp-json\/wp\/v2\/posts"}],"about":[{"href":"https:\/\/www.europesays.com\/pl\/wp-json\/wp\/v2\/types\/post"}],"author":[{"embeddable":true,"href":"https:\/\/www.europesays.com\/pl\/wp-json\/wp\/v2\/users\/2"}],"replies":[{"embeddable":true,"href":"https:\/\/www.europesays.com\/pl\/wp-json\/wp\/v2\/comments?post=118605"}],"version-history":[{"count":0,"href":"https:\/\/www.europesays.com\/pl\/wp-json\/wp\/v2\/posts\/118605\/revisions"}],"wp:featuredmedia":[{"embeddable":true,"href":"https:\/\/www.europesays.com\/pl\/wp-json\/wp\/v2\/media\/118606"}],"wp:attachment":[{"href":"https:\/\/www.europesays.com\/pl\/wp-json\/wp\/v2\/media?parent=118605"}],"wp:term":[{"taxonomy":"category","embeddable":true,"href":"https:\/\/www.europesays.com\/pl\/wp-json\/wp\/v2\/categories?post=118605"},{"taxonomy":"post_tag","embeddable":true,"href":"https:\/\/www.europesays.com\/pl\/wp-json\/wp\/v2\/tags?post=118605"}],"curies":[{"name":"wp","href":"https:\/\/api.w.org\/{rel}","templated":true}]}}