{"id":118612,"date":"2025-11-26T04:05:13","date_gmt":"2025-11-26T04:05:13","guid":{"rendered":"https:\/\/www.europesays.com\/pl\/118612\/"},"modified":"2025-11-26T04:05:13","modified_gmt":"2025-11-26T04:05:13","slug":"przecena-ze-199-zl-na-39-zl-w-biedronce-klienci-laduja-do-wozkow-rmf-fm","status":"publish","type":"post","link":"https:\/\/www.europesays.com\/pl\/118612\/","title":{"rendered":"Przecena ze 199 z\u0142 na 39 z\u0142 w Biedronce. Klienci \u0142aduj\u0105 do w\u00f3zk\u00f3w :: RMF FM"},"content":{"rendered":"<p>Biedronka wprowadzi\u0142a promocj\u0119, jakiej jeszcze nie by\u0142o. Klienci mog\u0105 liczy\u0107 na a\u017c 80-procentow\u0105 zni\u017ck\u0119 na chodliwy sprz\u0119t. Dwa modele przeceniono odpowiednio ze 199 z\u0142 do 39 z\u0142 oraz z 299 z\u0142 do 59 z\u0142. Je\u015bli i tak planowa\u0142o si\u0119 kupi\u0107, lepszej okazji raczej nie b\u0119dzie.<\/p>\n<p><img decoding=\"async\" alt=\"\" src=\"https:\/\/www.europesays.com\/pl\/wp-content\/uploads\/2025\/11\/1f1149f8da161142e736a33760a4e81d.jpg\" class=\"w-100\"\/><\/p>\n<p>Do soboty wielka promocja w Biedronce, fot. Shutterstock<\/p>\n<p>&#13;<br \/>\n\tW Biedronce, podobnie jak m.in. <a href=\"https:\/\/www.rmf.fm\/magazyn\/news,85668,od-jutra-w-lidlu-11-za-grosz-to-dopiero-poczatek.html\" target=\"_blank\" rel=\"nofollow noopener\">w konkurencyjnym Lidlu<\/a>, trwa obecnie Black Week, czyli tydzie\u0144 wielkich promocji, kt\u00f3rego kulminacj\u0105 b\u0119dzie wypadaj\u0105cy 28 listopada Black Friday. Obie sieci od pocz\u0105tku tygodnia kusz\u0105 klient\u00f3w du\u017cymi jednodniowymi okazjami, np. spod szyldu \u201e1+1 gratis\u201d. W \u015brod\u0119 26 listopada Biedronka obejmie takimi ofertami m.in. oliw\u0119 z oliwek Delicado Gallo, wszystkie produkty Vanish czy majonez delikatesowy Madero. To jednak nie koniec.<\/p>\n<p>&#13;<br \/>\n\tPopularna sie\u0107 \u201ez owadem\u201d zaszala\u0142a, wprowadzaj\u0105c najprawdopodobniej najwi\u0119ksz\u0105 w historii promocj\u0119 na swoje flagowe urz\u0105dzenia. Dla uczestnik\u00f3w programu lojalno\u015bciowego Biedronka obj\u0119\u0142a popularne ekspresy do kawy na kapsu\u0142ki Delta Q a\u017c 80-procentowym rabatem. Taniej raczej ju\u017c nie b\u0119dzie.<\/p>\n<p>\t<a href=\"https:\/\/www.rmf.fm\/magazyn\/news,85751,od-dzisiaj-w-dino-33-gratis-i-55-gratis-to-dopiero-poczatek.html\" rel=\"nofollow noopener\" target=\"_blank\"><img decoding=\"async\" src=\"https:\/\/www.europesays.com\/pl\/wp-content\/uploads\/2025\/11\/37a0d34ba8c096063cb4d3837423a831.jpg\" width=\"290\"\/><\/a><a href=\"https:\/\/www.rmf.fm\/magazyn\/news,85751,od-dzisiaj-w-dino-33-gratis-i-55-gratis-to-dopiero-poczatek.html\" rel=\"nofollow noopener\" target=\"_blank\">Od dzisiaj w Dino. \u201e3+3 gratis\u201d i \u201e5+5 gratis\u201d to dopiero pocz\u0105tek<\/a><\/p>\n<p>26 listopada Dino rusza z wielkimi promocjami na Black Week. W nowej ofercie nie zabrak\u0142o lubianych akcji \u201e1+1 gratis\u201d, s\u0105 te\u017c \u201e3+3 gratis\u201d czy nawet \u201e5+5 gratis\u201d. Sie\u0107 wprowadza ponadto du\u017ce przeceny na rozmaite przydatne sprz\u0119ty&#8230;.<\/p>\n<p>\n&#13;<br \/>\n\tBiedronka \u2013 ekspresy 80% taniej<\/p>\n<p>&#13;<br \/>\n\tPromocj\u0105 dotyczy dw\u00f3ch modeli \u2013 podstawowy, bez spieniacza do mleka wychodzi za 39 z\u0142 zamiast regularnych 199 z\u0142, natomiast ze spieniaczem mo\u017cna dosta\u0107 za 59 z\u0142 zamiast standardowych 299 z\u0142. Oszcz\u0119dno\u015b\u0107 wynosi odpowiednio 160 z\u0142 oraz 240 z\u0142.<\/p>\n<p>&#13;<br \/>\n\tZ oferty mo\u017cna skorzysta\u0107 a\u017c do soboty 29 listopada w\u0142\u0105cznie, pami\u0119taj\u0105c przy tym o zeskanowaniu przy kasie swojej karty lojalno\u015bciowej lub aplikacji mobilnej. Biedronka ustali\u0142a limit dzienny na dwa urz\u0105dzenia na klienta. To tak\u017ce trzeba mie\u0107 na uwadze, je\u015bli chce si\u0119 np. kupi\u0107 wi\u0119cej dla siebie czy dla kogo\u015b bliskiego.<\/p>\n<p>&#13;<br \/>\n\tZ kart\u0105 sta\u0142ego klienta da si\u0119 te\u017c od razu taniej dokupi\u0107 kapsu\u0142ki, bo Biedronka ma na nie akcj\u0119 \u201e4+3 gratis\u201d. Rodzaje mo\u017cna miesza\u0107 dowolnie, sie\u0107 nie wyszczeg\u00f3lnia te\u017c limit\u00f3w, a jedynie zastrzega, \u017ce w gratisie b\u0119d\u0105 trzy najta\u0144sze produkty.<\/p>\n<p><a href=\"https:\/\/www.rmf.fm\/magazyn\/news,85503,lidl-przeceni-wielki-hit-o-900-zl-najtaniej-w-historii.html\" rel=\"nofollow noopener\" target=\"_blank\"><img decoding=\"async\" src=\"https:\/\/www.europesays.com\/pl\/wp-content\/uploads\/2025\/11\/07b77e730b9a03d072ed49800b7ad753.jpg\" width=\"290\"\/><\/a><a href=\"https:\/\/www.rmf.fm\/magazyn\/news,85503,lidl-przeceni-wielki-hit-o-900-zl-najtaniej-w-historii.html\" rel=\"nofollow noopener\" target=\"_blank\">Lidl przeceni wielki hit o 900 z\u0142. \u201eNajtaniej w historii\u201d<\/a><\/p>\n<p>W Lidlu zaczynaj\u0105 si\u0119 wielkie promocje. W czwartek 20 listopada sie\u0107 ruszy z nowymi okazjami m.in. na dziale spo\u017cywczym, ale prawdziwe szale\u0144stwo zacznie si\u0119 w poniedzia\u0142ek 24 listopada. Lidl przeceni wtedy sw\u00f3j najwi\u0119kszy hit o blisko&#8230;<\/p>\n<p><\/p>\n","protected":false},"excerpt":{"rendered":"Biedronka wprowadzi\u0142a promocj\u0119, jakiej jeszcze nie by\u0142o. Klienci mog\u0105 liczy\u0107 na a\u017c 80-procentow\u0105 zni\u017ck\u0119 na chodliwy sprz\u0119t. Dwa&hellip;\n","protected":false},"author":2,"featured_media":118613,"comment_status":"","ping_status":"","sticky":false,"template":"","format":"standard","meta":{"footnotes":""},"categories":[16],"tags":[1528,1532,1530,5415,113,112,42,38,40,39,41,863,862],"class_list":{"0":"post-118612","1":"post","2":"type-post","3":"status-publish","4":"format-standard","5":"has-post-thumbnail","7":"category-biznes","8":"tag-biedronka","9":"tag-biedronka-delta-q","10":"tag-biedronka-promocja","11":"tag-biedronka-promocja-dzisiaj","12":"tag-biznes","13":"tag-business","14":"tag-pl","15":"tag-poland","16":"tag-polish","17":"tag-polska","18":"tag-polski","19":"tag-promocja","20":"tag-promocje"},"share_on_mastodon":{"url":"https:\/\/pubeurope.com\/@pl\/115614025501838152","error":""},"_links":{"self":[{"href":"https:\/\/www.europesays.com\/pl\/wp-json\/wp\/v2\/posts\/118612","targetHints":{"allow":["GET"]}}],"collection":[{"href":"https:\/\/www.europesays.com\/pl\/wp-json\/wp\/v2\/posts"}],"about":[{"href":"https:\/\/www.europesays.com\/pl\/wp-json\/wp\/v2\/types\/post"}],"author":[{"embeddable":true,"href":"https:\/\/www.europesays.com\/pl\/wp-json\/wp\/v2\/users\/2"}],"replies":[{"embeddable":true,"href":"https:\/\/www.europesays.com\/pl\/wp-json\/wp\/v2\/comments?post=118612"}],"version-history":[{"count":0,"href":"https:\/\/www.europesays.com\/pl\/wp-json\/wp\/v2\/posts\/118612\/revisions"}],"wp:featuredmedia":[{"embeddable":true,"href":"https:\/\/www.europesays.com\/pl\/wp-json\/wp\/v2\/media\/118613"}],"wp:attachment":[{"href":"https:\/\/www.europesays.com\/pl\/wp-json\/wp\/v2\/media?parent=118612"}],"wp:term":[{"taxonomy":"category","embeddable":true,"href":"https:\/\/www.europesays.com\/pl\/wp-json\/wp\/v2\/categories?post=118612"},{"taxonomy":"post_tag","embeddable":true,"href":"https:\/\/www.europesays.com\/pl\/wp-json\/wp\/v2\/tags?post=118612"}],"curies":[{"name":"wp","href":"https:\/\/api.w.org\/{rel}","templated":true}]}}