{"id":118662,"date":"2025-11-26T05:02:07","date_gmt":"2025-11-26T05:02:07","guid":{"rendered":"https:\/\/www.europesays.com\/pl\/118662\/"},"modified":"2025-11-26T05:02:07","modified_gmt":"2025-11-26T05:02:07","slug":"plan-pokojowy-dla-ukrainy-donald-trump-zabral-glos","status":"publish","type":"post","link":"https:\/\/www.europesays.com\/pl\/118662\/","title":{"rendered":"Plan pokojowy dla Ukrainy. Donald Trump zabra\u0142 g\u0142os"},"content":{"rendered":"<ul class=\"UnorderedList_container__nmfSl\">\n<li class=\"UnorderedList_listElement__Py7xi\" data-id=\"ai-summary-link\">Du\u017co czytania, a ma\u0142o czasu? Sprawd\u017a\u00a0skr\u00f3t\u00a0artyku\u0142u<\/li>\n<\/ul>\n<p class=\"Paragraph_desktopParagraph__U31Gm\">\u2014 Prowadzimy dobre rozmowy. Prowadzimy rozmowy z Rosj\u0105. Ukraina dobrze sobie radzi. My\u015bl\u0119, \u017ce jest bardzo zadowolona (\u2026) Czynimy post\u0119py \u2014 powiedzia\u0142 prezydent dziennikarzom na pok\u0142adzie Air Force One.<\/p>\n<p class=\"Paragraph_desktopParagraph__U31Gm\">Przekaza\u0142, \u017ce nie ma wyznaczonego ostatecznego terminu osi\u0105gni\u0119cia porozumienia. \u2014 Nie mam deadline\u2019u. Wiecie, jaki jest m\u00f3j deadline? Gdy to si\u0119 zako\u0144czy \u2014 o\u015bwiadczy\u0142 Trump.<\/p>\n<p class=\"VideoPlayerText_videoPlayerText__iDwyz\">Dalszy ci\u0105g materia\u0142u pod wideo<\/p>\n<p class=\"Paragraph_desktopParagraph__U31Gm\">Wcze\u015bniej prezydent zapowiada\u0142, \u017ce czwartek, gdy w USA obchodzone jest \u015awi\u0119to Dzi\u0119kczynienia, to finalny termin na zaakceptowanie propozycji pokojowej przez prezydenta Ukrainy Wo\u0142odymyra Ze\u0142enskiego.<\/p>\n<ul class=\"OchatFollowUps_wrapper__1ry7X\">\n<li class=\"OchatFollowUps_item__Dhyly OchatFollowUps_itemDesktop__R6aBv\">Jaki jest termin ko\u0144cowy dla Ukrainy w sprawie planu pokojowego?<\/li>\n<li class=\"OchatFollowUps_item__Dhyly OchatFollowUps_itemDesktop__R6aBv\">Czy Ukraina jest zadowolona z projektu pokojowego?<\/li>\n<li class=\"OchatFollowUps_item__Dhyly OchatFollowUps_itemDesktop__R6aBv\">Co s\u0105dzi Trump o ust\u0119pstwach Rosji?<\/li>\n<li class=\"OchatFollowUps_item__Dhyly OchatFollowUps_itemDesktop__R6aBv\">Jakie s\u0105 tematy rozm\u00f3w Trumpa z Rosj\u0105?<\/li>\n<\/ul>\n<p class=\"Paragraph_desktopParagraph__U31Gm\">Trump doda\u0142, \u017ce ukrai\u0144ski przyw\u00f3dca chcia\u0142by si\u0119 z nim spotka\u0107, ale najpierw powinno by\u0107 osi\u0105gni\u0119te porozumienie w sprawie zako\u0144czenia wojny. Poinformowa\u0142, \u017ce trwaj\u0105 rozmowy na temat terytori\u00f3w, &#8222;robienia porz\u0105dku na granicy&#8221; i zaznaczy\u0142, \u017ce jest to skomplikowany proces.<\/p>\n<p>Donald Trump: Rosja idzie na ust\u0119pstwa <\/p>\n<p class=\"Paragraph_desktopParagraph__U31Gm\">Zapewni\u0142, \u017ce &#8222;to jest dobre porozumienie dla obu stron&#8221; i zaznaczy\u0142, \u017ce 28-punktowa propozycja zaprezentowana przez USA to &#8222;mapa, koncepcja&#8221;, nad kt\u00f3r\u0105 trwaj\u0105 prace. Trump zapowiedzia\u0142 te\u017c, \u017ce Europa b\u0119dzie powa\u017cnie zaanga\u017cowana w gwarancje bezpiecze\u0144stwa dla Ukrainy.<\/p>\n<p class=\"Paragraph_desktopParagraph__U31Gm\">Prezydent USA wyrazi\u0142 przekonanie, \u017ce Rosja &#8222;idzie na ust\u0119pstwa&#8221;, a g\u0142\u00f3wnym jest wed\u0142ug niego to, \u017ce &#8222;przestan\u0105 walczy\u0107 i nie b\u0119d\u0105 podbija\u0107 wi\u0119cej terytorium&#8221;. Trump poinformowa\u0142, \u017ce jego wys\u0142annik Steve Witkoff prawdopodobnie w przysz\u0142ym tygodniu spotka si\u0119 z W\u0142adimirem Putinem w Moskwie.<\/p>\n<p>Trump o nagranej rozmowie Witkoffa i Uszakowa: to jest to, co robi negocjator <\/p>\n<p class=\"Paragraph_desktopParagraph__U31Gm\">Trumpa zapytano te\u017c o wtorkow\u0105 publikacj\u0119 agencji Bloomberga. <a href=\"https:\/\/wiadomosci.onet.pl\/swiat\/steve-witkoff-mial-doradzac-jurijowi-uszakowowi-przed-rozmowa-trump-putin-media\/je5h530\" id=\"e73ebdcd-17ac-4df3-b9e0-e89ef6656090\" rel=\"nofollow noopener\" target=\"_blank\">Serwis poda\u0142, \u017ce otrzyma\u0142 zapis pa\u017adziernikowej rozmowy Witkoffa z doradc\u0105 Putina Jurijem Uszakowem, <\/a>z kt\u00f3rej ma wynika\u0107, \u017ce Witkoff radzi\u0142 Rosjaninowi, jak podej\u015b\u0107 do Trumpa przed jego spotkaniem z Ze\u0142enskim i sugerowa\u0142, by Putin zadzwoni\u0142 do prezydenta USA. Witkoff mia\u0142 powiedzie\u0107 te\u017c, \u017ce ma g\u0142\u0119boki szacunek dla Putina i \u017ce wierzy w to, \u017ce Rosja zawsze chcia\u0142a uk\u0142adu pokojowego. Poradzi\u0142 Uszakowowi, by rosyjski przyw\u00f3dca pogratulowa\u0142 Trumpowi zawarcia pokoju w Strefie Gazy, pochwali\u0142 go jako &#8222;cz\u0142owieka pokoju&#8221; i zaproponowa\u0142, by podobny plan zastosowa\u0107 w sprawie Ukrainy. Wed\u0142ug Bloomberga Uszakow zgodzi\u0142 si\u0119 z cz\u0119\u015bci\u0105 rad.<\/p>\n<p class=\"Paragraph_desktopParagraph__U31Gm\">\u2014 To jest to, co robi negocjator (\u2026) To bardzo standardowa forma negocjacji \u2014 podkre\u015bli\u0142 we wtorek Trump w rozmowie z dziennikarzami. Zaznaczy\u0142, \u017ce nie s\u0142ysza\u0142 tego nagrania. \u2014 Spodziewam si\u0119, \u017ce podobne rzeczy m\u00f3wi te\u017c Ukrainie \u2014 doda\u0142.<\/p>\n<p class=\"Paragraph_desktopParagraph__U31Gm\">Pytany o to, czy nie uwa\u017ca, \u017ce Witkoff jest zbyt prorosyjski, odpar\u0142: \u2014 Ta wojna mo\u017ce trwa\u0107 latami. Rosja ma o wiele wi\u0119cej ludzi, wi\u0119cej \u017co\u0142nierzy. Je\u015bli Ukraina mo\u017ce zawrze\u0107 umow\u0119, to jest dobre. My\u015bl\u0119, \u017ce to jest dobre dla obu stron.<\/p>\n","protected":false},"excerpt":{"rendered":"Du\u017co czytania, a ma\u0142o czasu? Sprawd\u017a\u00a0skr\u00f3t\u00a0artyku\u0142u \u2014 Prowadzimy dobre rozmowy. Prowadzimy rozmowy z Rosj\u0105. Ukraina dobrze sobie radzi.&hellip;\n","protected":false},"author":2,"featured_media":118663,"comment_status":"","ping_status":"","sticky":false,"template":"","format":"standard","meta":{"footnotes":""},"categories":[14],"tags":[8523,32,33,58,27,67,64,25220,34,35,28,31,53,25,52,68,51,55,40,41,62,47,11050,80,29,30,390,65,50,26,418,82,83,84],"class_list":{"0":"post-118662","1":"post","2":"type-post","3":"status-publish","4":"format-standard","5":"has-post-thumbnail","7":"category-swiat","8":"tag-bloomberg","9":"tag-breaking-news","10":"tag-breakingnews","11":"tag-donald_trump_prezydent_usa","12":"tag-headlines","13":"tag-intextvideo_splayer","14":"tag-inwazja_rosji_na_ukraine_2014_","15":"tag-jurij_uszakow","16":"tag-latest-news","17":"tag-latestnews","18":"tag-naglowki","19":"tag-najwazniejsze-artykuly","20":"tag-new_header","21":"tag-news","22":"tag-onet3","23":"tag-onet3d","24":"tag-onet3d_2i","25":"tag-phx","26":"tag-polish","27":"tag-polski","28":"tag-rosja_kraj_rosjanin_rosjanie_rosjanka_rosjanki","29":"tag-screening_general","30":"tag-steve_witkoff","31":"tag-swiat","32":"tag-top-stories","33":"tag-topstories","34":"tag-ukraina_ukrainiec_ukrainka_ukraincy_ukrainki","35":"tag-update_me","36":"tag-v2021","37":"tag-wiadomosci","38":"tag-wladimir_putin_rosyjski_prezydent","39":"tag-world","40":"tag-world-news","41":"tag-worldnews"},"share_on_mastodon":{"url":"","error":"Validation failed: Text character limit of 500 exceeded"},"_links":{"self":[{"href":"https:\/\/www.europesays.com\/pl\/wp-json\/wp\/v2\/posts\/118662","targetHints":{"allow":["GET"]}}],"collection":[{"href":"https:\/\/www.europesays.com\/pl\/wp-json\/wp\/v2\/posts"}],"about":[{"href":"https:\/\/www.europesays.com\/pl\/wp-json\/wp\/v2\/types\/post"}],"author":[{"embeddable":true,"href":"https:\/\/www.europesays.com\/pl\/wp-json\/wp\/v2\/users\/2"}],"replies":[{"embeddable":true,"href":"https:\/\/www.europesays.com\/pl\/wp-json\/wp\/v2\/comments?post=118662"}],"version-history":[{"count":0,"href":"https:\/\/www.europesays.com\/pl\/wp-json\/wp\/v2\/posts\/118662\/revisions"}],"wp:featuredmedia":[{"embeddable":true,"href":"https:\/\/www.europesays.com\/pl\/wp-json\/wp\/v2\/media\/118663"}],"wp:attachment":[{"href":"https:\/\/www.europesays.com\/pl\/wp-json\/wp\/v2\/media?parent=118662"}],"wp:term":[{"taxonomy":"category","embeddable":true,"href":"https:\/\/www.europesays.com\/pl\/wp-json\/wp\/v2\/categories?post=118662"},{"taxonomy":"post_tag","embeddable":true,"href":"https:\/\/www.europesays.com\/pl\/wp-json\/wp\/v2\/tags?post=118662"}],"curies":[{"name":"wp","href":"https:\/\/api.w.org\/{rel}","templated":true}]}}