{"id":118727,"date":"2025-11-26T06:35:09","date_gmt":"2025-11-26T06:35:09","guid":{"rendered":"https:\/\/www.europesays.com\/pl\/118727\/"},"modified":"2025-11-26T06:35:09","modified_gmt":"2025-11-26T06:35:09","slug":"polak-obronil-rzut-karny-w-lidze-mistrzow-i-to-czyj-przeglad-sportowy-onet","status":"publish","type":"post","link":"https:\/\/www.europesays.com\/pl\/118727\/","title":{"rendered":"Polak obroni\u0142 rzut karny w Lidze Mistrz\u00f3w! I to czyj &#8211; Przegl\u0105d Sportowy Onet"},"content":{"rendered":"<ol>\n<li><a href=\"https:\/\/news.google.com\/rss\/articles\/CBMiugFBVV95cUxOZ2h0XzVyaS1KclU5elliTjM2Sm41cS1yRjdET3gxamJjVmdZZlk1SWExa002bEs0V1V3WDR2MUw2SzNTSjkybW54UUhUUUx6RFdRb2YwZy1ZaW5jY1daZEU0WDB5OHRtdGVtcXdMRFRiZHFBcFdyYkp3VWVmR0pNb0RzVU1xR1VWV0VzR2JENjJTZTNUemxQODFFVlRZbDZGMF83NVNEelNDaXlEcWdGem5NazF1b0txbWc?oc=5\" target=\"_blank\" rel=\"nofollow noopener\">Polak obroni\u0142 rzut karny w Lidze Mistrz\u00f3w! I to czyj<\/a>&nbsp;&nbsp;Przegl\u0105d Sportowy Onet<\/li>\n<li><a href=\"https:\/\/news.google.com\/rss\/articles\/CBMi4wFBVV95cUxNYldZQkZFeG51TEN4MFh2TEFzT1RxZVFQSkpZclFjTVo3NEtBZU95dlRtTDA0RnZQNWF3LTA0cXM5Smk0Q3NaV0hYZjdzaU1Oa2VMWVlfcllkMXNHRmVENUZNOHRHeDB5aVVXc0pQRWdVWmR4WDd4ZGdGcmFyc2NZOVJNR1Vnelh3RHh4RkkzbGhnQXVsbGwyZmozTHdYX1I2YVF2VFVhWkVpSmVFMVFqZmh0UDhQOXc3RkJTQndHa193TUkzS1kyYkppbWhQYnUweUI1VzJ4V1NyckNOTzVDZUFISQ?oc=5\" target=\"_blank\" rel=\"nofollow noopener\">Polak bohaterem w Lidze Mistrz\u00f3w. Tym razem przeszed\u0142 sam siebie. Ca\u0142y \u015bwiat ju\u017c wie<\/a>&nbsp;&nbsp;Przegl\u0105d Sportowy Onet<\/li>\n<li><a href=\"https:\/\/news.google.com\/rss\/articles\/CBMiqAFBVV95cUxOcnRabXBRRW5qdXVkSDFBd3BaMjcwZmZCRFlTcjRkT2NudDFuemtueFh1bFJsdkw3aDNHRUR4SkZzZ0VQLUdudnlGSTlfUlRrUGJnSGpJOG4wSnhHb2tPNnVET3diemdYZVM1TGVlRU5rdUNlcVJ1ZTBhM1NYOHl5aTZTejQ3OG5QTUFYb05TSEFxM2xWVDhPT2J5YXdSOGhQWmhFUmNVeXQ?oc=5\" target=\"_blank\" rel=\"nofollow noopener\">To by\u0142a 56. minuta. Polak uciszy\u0142 ca\u0142y stadion! Szale\u0144stwo Pi\u0142ka no\u017cna<\/a>&nbsp;&nbsp;Sport.pl<\/li>\n<li><a href=\"https:\/\/news.google.com\/rss\/articles\/CBMiogFBVV95cUxNYUtHTExTeHJUcFZHMUlrMUlxM1ZHNVZKa0c3azJobkpjUDJjVGVlRFdtMzB1WDNnOWtMTjFoMTYyMFVBbnNHMDVSeVVvSWpnMS1HZl92MG5Rek1jTTdKVDItTUlLU2huZkcxMDZtWU5qa2Q1U0x1VEhFVTdwbG1hNWFyOEdvQ1NWUUtCQkJFc2tuR0RmM2k0dm9JV2pvTkU5M0E?oc=5\" target=\"_blank\" rel=\"nofollow noopener\">W\u0142osi zachwyceni Kochalskim. Polak zrobi\u0142 furor\u0119 w LM<\/a>&nbsp;&nbsp;Meczyki.pl<\/li>\n<li><a href=\"https:\/\/news.google.com\/rss\/articles\/CBMirAFBVV95cUxOdEZJWkNwVW9JUHYwY0V6cWVkamJMemVXalRyS0xLZmF3d1lxUEczaFNLYjB2Z29iZFlPN3QyamI0WFBQai1ITkpBNEhUZVJ5dWw1TUFIMDVKb0xSNmJfRHZBcFZBc2psVGpLb0Z5a25fdXctbi1lT0d0d0RLSHlTWU1nNnBhVHI3eTlwZUdyaDRHQjItNWktcnROd21yeGtkZjFWaU5CZDlSZ2t00gGyAUFVX3lxTE92N2lCQkhQc1lIV2Fhak5uRWhmd0M3YzFsQ3V6RkZXb3ktM0VHRlFnWDRYZWp4a2dqMnFkUFpGem1DUXBCUzIzWjFPT3ZqZ3BBMEFiNC0xVlVteUdrSVBheWwtXzhITWF3b1ZQcUdoNnBHTXFZWjFBNkxrdDc1bkw5eU5LVVJ2TnE2QnRybnBybnI4R3o4R3NMc3BJN3J5XzRHXzk3UWdXSUFKQmZxaXFzZHc?oc=5\" target=\"_blank\" rel=\"nofollow noopener\">Liga Mistrz\u00f3w. Napoli wygrywa z Karabachem. Mateusz Kochalski obroni\u0142 rzut karny!<\/a>&nbsp;&nbsp;sport.tvp.pl<\/li>\n<\/ol>\n","protected":false},"excerpt":{"rendered":"Polak obroni\u0142 rzut karny w Lidze Mistrz\u00f3w! I to czyj&nbsp;&nbsp;Przegl\u0105d Sportowy Onet Polak bohaterem w Lidze Mistrz\u00f3w. Tym&hellip;\n","protected":false},"author":2,"featured_media":118728,"comment_status":"","ping_status":"","sticky":false,"template":"","format":"standard","meta":{"footnotes":""},"categories":[5],"tags":[32,33,36,37,27,67,20530,34,35,299,21846,28,31,25,42,38,40,39,41,136,128,47,135,29,30,26,130],"class_list":{"0":"post-118727","1":"post","2":"type-post","3":"status-publish","4":"format-standard","5":"has-post-thumbnail","7":"category-naglowki","8":"tag-breaking-news","9":"tag-breakingnews","10":"tag-featured-news","11":"tag-featurednews","12":"tag-headlines","13":"tag-intextvideo_splayer","14":"tag-karabach","15":"tag-latest-news","16":"tag-latestnews","17":"tag-liga_mistrzow","18":"tag-mateusz_kochalski","19":"tag-naglowki","20":"tag-najwazniejsze-artykuly","21":"tag-news","22":"tag-pl","23":"tag-poland","24":"tag-polish","25":"tag-polska","26":"tag-polski","27":"tag-ps_detal_new","28":"tag-psv2","29":"tag-screening_general","30":"tag-sport_sport","31":"tag-top-stories","32":"tag-topstories","33":"tag-wiadomosci","34":"tag-wiadomosci_sportowe"},"share_on_mastodon":{"url":"https:\/\/pubeurope.com\/@pl\/115614615007405602","error":""},"_links":{"self":[{"href":"https:\/\/www.europesays.com\/pl\/wp-json\/wp\/v2\/posts\/118727","targetHints":{"allow":["GET"]}}],"collection":[{"href":"https:\/\/www.europesays.com\/pl\/wp-json\/wp\/v2\/posts"}],"about":[{"href":"https:\/\/www.europesays.com\/pl\/wp-json\/wp\/v2\/types\/post"}],"author":[{"embeddable":true,"href":"https:\/\/www.europesays.com\/pl\/wp-json\/wp\/v2\/users\/2"}],"replies":[{"embeddable":true,"href":"https:\/\/www.europesays.com\/pl\/wp-json\/wp\/v2\/comments?post=118727"}],"version-history":[{"count":0,"href":"https:\/\/www.europesays.com\/pl\/wp-json\/wp\/v2\/posts\/118727\/revisions"}],"wp:featuredmedia":[{"embeddable":true,"href":"https:\/\/www.europesays.com\/pl\/wp-json\/wp\/v2\/media\/118728"}],"wp:attachment":[{"href":"https:\/\/www.europesays.com\/pl\/wp-json\/wp\/v2\/media?parent=118727"}],"wp:term":[{"taxonomy":"category","embeddable":true,"href":"https:\/\/www.europesays.com\/pl\/wp-json\/wp\/v2\/categories?post=118727"},{"taxonomy":"post_tag","embeddable":true,"href":"https:\/\/www.europesays.com\/pl\/wp-json\/wp\/v2\/tags?post=118727"}],"curies":[{"name":"wp","href":"https:\/\/api.w.org\/{rel}","templated":true}]}}