{"id":118771,"date":"2025-11-26T07:28:13","date_gmt":"2025-11-26T07:28:13","guid":{"rendered":"https:\/\/www.europesays.com\/pl\/118771\/"},"modified":"2025-11-26T07:28:13","modified_gmt":"2025-11-26T07:28:13","slug":"wigilia-dniem-pracujacym-dla-tej-grupy-pracownikow-sprawdz-czy-jestes-wsrod-nich","status":"publish","type":"post","link":"https:\/\/www.europesays.com\/pl\/118771\/","title":{"rendered":"Wigilia dniem pracuj\u0105cym dla tej grupy pracownik\u00f3w. Sprawd\u017a, czy jeste\u015b w\u015br\u00f3d nich"},"content":{"rendered":"<ul>&#13;<\/p>\n<li>Do tej pory wi\u0119kszo\u015b\u0107 firm pracowa\u0142a w Wigili\u0119 w skr\u00f3conym wymiarze godzin, ale od 2025 roku na mocy nowej ustawy Wigilia jest dniem wolnym.<\/li>\n<p>&#13;<\/p>\n<li>Tego dnia sklepy b\u0119d\u0105 zamkni\u0119te, z wyj\u0105tkiem ma\u0142ych punkt\u00f3w handlowych. Przedsi\u0119biorcy i ich najbli\u017csi mog\u0105 prowadzi\u0107 sprzeda\u017c.<\/li>\n<p>&#13;<\/p>\n<li>Jak si\u0119 jednak okazuje, nie wszyscy skorzystaj\u0105 z nowego prawa. Jest grupa pracownik\u00f3w, kt\u00f3rzy w Wigili\u0119 b\u0119d\u0105 pracowa\u0107.<\/li>\n<p>&#13;\n<\/ul>\n<p>        <a href=\"https:\/\/www.pulshr.pl\/wynagrodzenia\/zapadla-decyzja-o-zmianie-w-wynagrodzeniach-nowa-kwota-to-10813-50-zl,115476.html\" class=\"read-more-box-img-cnt\" rel=\"nofollow noopener\" target=\"_blank\"><br \/>\n        \t            <img decoding=\"async\" src=\"https:\/\/www.europesays.com\/pl\/wp-content\/uploads\/2025\/11\/131341_r0_300.jpg\" class=\"read-more-box-img\" loading=\"lazy\" alt=\"Zmieniaj\u0105 si\u0119 limity dla dzia\u0142alno\u015bci nierejestrowanej. B\u0119dzie mo\u017cna zarobi\u0107 wi\u0119cej\" width=\"300\" height=\"200\"\/><br \/>\n                    <\/a><\/p>\n<p>Zakupy na \u015bwi\u0119ta trzeba zrobi\u0107 wcze\u015bniej. Zatrudnieni w handlu maj\u0105 wolne<\/p>\n<p>Dotychczas w Wigili\u0119 markety pracowa\u0142y do 13:00 lub 14:00. W tym roku sytuacja wygl\u0105da zupe\u0142nie inaczej, bo ten dzie\u0144 jest wolny od pracy.\u00a0 Oznacza to, \u017ce zakupy b\u0119d\u0105 mo\u017cliwe jedynie w osiedlowych sklepach, gdzie za lad\u0105 stanie w\u0142a\u015bciciel lub jego rodzina.\u00a0<\/p>\n<p>        <a href=\"https:\/\/www.pulshr.pl\/wynagrodzenia\/koniec-800-na-zasadach-jak-dzis-wyplaty-moga-potrwac-tylko-do-maja,115486.html\" class=\"read-more-box-img-cnt\" rel=\"nofollow noopener\" target=\"_blank\"><br \/>\n        \t            <img decoding=\"async\" src=\"https:\/\/www.europesays.com\/pl\/wp-content\/uploads\/2025\/11\/131350_r0_300.jpg\" class=\"read-more-box-img\" loading=\"lazy\" alt=\"Koniec 800+ na zasadach jak dzi\u015b? Wyp\u0142aty mog\u0105 potrwa\u0107 tylko do maja\" width=\"300\" height=\"200\"\/><br \/>\n                    <\/a><\/p>\n<p>Nie wszyscy b\u0119d\u0105 mieli wolne w Wigili\u0119. Te osoby sp\u0119dz\u0105 ten dzie\u0144 w pracy<\/p>\n<p>Zgodnie z Art. 151 Kodeksu pracy s\u0105 zawody, kt\u00f3re nie mog\u0105 skorzysta\u0107 z tego przywileju. Kto b\u0119dzie pracowa\u0142 w Wigili\u0119?<\/p>\n<blockquote><p>&#13;<\/p>\n<p>Praca w niedziele i \u015bwi\u0119ta jest dozwolona:<\/p>\n<p>&#13;<\/p>\n<p>1) w razie konieczno\u015bci prowadzenia akcji ratowniczej w celu ochrony \u017cycia lub zdrowia ludzkiego, ochrony mienia lub \u015brodowiska albo usuni\u0119cia awarii;<\/p>\n<p>&#13;<\/p>\n<p>2) w ruchu ci\u0105g\u0142ym;<\/p>\n<p>&#13;<\/p>\n<p>3) przy pracy zmianowej;<\/p>\n<p>&#13;<\/p>\n<p>4) przy niezb\u0119dnych remontach;<\/p>\n<p>&#13;<\/p>\n<p>5) w transporcie i w komunikacji;<\/p>\n<p>&#13;<\/p>\n<p>6) w zak\u0142adowych stra\u017cach po\u017carnych i w zak\u0142adowych s\u0142u\u017cbach ratowniczych;<\/p>\n<p>&#13;<\/p>\n<p>7) przy pilnowaniu mienia lub ochronie os\u00f3b;<\/p>\n<p>&#13;<\/p>\n<p>8) w rolnictwie i hodowli;<\/p>\n<p>&#13;<\/p>\n<p>9) przy wykonywaniu prac koniecznych ze wzgl\u0119du na ich u\u017cyteczno\u015b\u0107 spo\u0142eczn\u0105 i codzienne potrzeby ludno\u015bci, w szczeg\u00f3lno\u015bci w:<\/p>\n<p>&#13;<\/p>\n<p>a) (uchylona)<\/p>\n<p>&#13;<\/p>\n<p>b) zak\u0142adach \u015bwiadcz\u0105cych us\u0142ugi dla ludno\u015bci,<\/p>\n<p>&#13;<\/p>\n<p>c) gastronomii,<\/p>\n<p>&#13;<\/p>\n<p>d) zak\u0142adach hotelarskich,<\/p>\n<p>&#13;<\/p>\n<p>e) jednostkach gospodarki komunalnej,<\/p>\n<p>&#13;<\/p>\n<p>f) zak\u0142adach opieki zdrowotnej i innych plac\u00f3wkach s\u0142u\u017cby zdrowia przeznaczonych dla os\u00f3b, kt\u00f3rych stan zdrowia wymaga ca\u0142odobowych lub ca\u0142odziennych \u015bwiadcze\u0144 zdrowotnych,<\/p>\n<p>&#13;<\/p>\n<p>g) jednostkach organizacyjnych pomocy spo\u0142ecznej oraz jednostkach organizacyjnych wspierania rodziny i systemu pieczy zast\u0119pczej zapewniaj\u0105cych ca\u0142odobow\u0105 opiek\u0119,<\/p>\n<p>&#13;<\/p>\n<p>h) zak\u0142adach prowadz\u0105cych dzia\u0142alno\u015b\u0107 w zakresie kultury, o\u015bwiaty, turystyki i wypoczynku;<\/p>\n<p>&#13;<\/p>\n<p>10) w stosunku do pracownik\u00f3w zatrudnionych w systemie czasu pracy, w kt\u00f3rym praca jest \u015bwiadczona wy\u0142\u0105cznie w pi\u0105tki, soboty, niedziele i \u015bwi\u0119ta;<\/p>\n<p>&#13;<\/p>\n<p>11) przy wykonywaniu prac:<\/p>\n<p>&#13;<\/p>\n<p>a) polegaj\u0105cych na \u015bwiadczeniu us\u0142ug z wykorzystaniem \u015brodk\u00f3w komunikacji elektronicznej w rozumieniu przepis\u00f3w o \u015bwiadczeniu us\u0142ug drog\u0105 elektroniczn\u0105 lub urz\u0105dze\u0144 telekomunikacyjnych w rozumieniu przepis\u00f3w prawa komunikacji elektronicznej, odbieranych poza terytorium Rzeczypospolitej Polskiej, je\u017celi zgodnie z przepisami obowi\u0105zuj\u0105cymi odbiorc\u0119 us\u0142ugi, dni, o kt\u00f3rych mowa w art. 1519 \u00a7 1, s\u0105 u niego dniami pracy,<\/p>\n<p>&#13;<\/p>\n<p>b) zapewniaj\u0105cych mo\u017cliwo\u015b\u0107 \u015bwiadczenia us\u0142ug, o kt\u00f3rych mowa w\u00a0<\/p>\n<p>&#13;\n<\/p><\/blockquote>\n<p>        <a href=\"https:\/\/www.pulshr.pl\/prawo-pracy\/sylwester-bedzie-dniem-wolnym-od-pracy-wszystko-przez-jeden-przepis,115471.html\" class=\"read-more-box-img-cnt\" rel=\"nofollow noopener\" target=\"_blank\"><br \/>\n        \t            <img decoding=\"async\" src=\"https:\/\/www.europesays.com\/pl\/wp-content\/uploads\/2025\/11\/131334_r0_300.jpg\" class=\"read-more-box-img\" loading=\"lazy\" alt=\"Sylwester b\u0119dzie dniem wolnym od pracy? Wszystko przez jeden przepis\" width=\"300\" height=\"200\"\/><br \/>\n                    <\/a><\/p>\n<p>W tych miejscach zakaz handlu nie obowi\u0105zuje. Lista jest d\u0142uga\u00a0<\/p>\n<p>Artyku\u0142 art. 6 ustawy z 10 stycznia 2018 r. o ograniczeniu handlu w niedziele i \u015bwi\u0119ta oraz w niekt\u00f3re inne dni wyr\u00f3\u017cnia miejsca pracy, w kt\u00f3rych zakaz nie obowi\u0105zuje:<\/p>\n<ul>&#13;<\/p>\n<li>na stacjach paliw,<\/li>\n<p>&#13;<\/p>\n<li>w kwiaciarniach,<\/li>\n<p>&#13;<\/p>\n<li>w aptekach i punktach aptecznych,<\/li>\n<p>&#13;<\/p>\n<li>w zak\u0142adach leczniczych dla zwierz\u0105t,<\/li>\n<p>&#13;<\/p>\n<li>w punktach z handlem pami\u0105tkami i dewocjonaliami, pras\u0105, kuponami gier losowych, biletami komunikacji miejskiej;<\/li>\n<p>&#13;<\/p>\n<li>w plac\u00f3wkach pocztowych,<\/li>\n<p>&#13;<\/p>\n<li>w obiektach infrastruktury krytycznej,<\/li>\n<p>&#13;<\/p>\n<li>w hotelach,<\/li>\n<p>&#13;<\/p>\n<li>w plac\u00f3wkach handlowych w zak\u0142adach prowadz\u0105cych dzia\u0142alno\u015b\u0107 w zakresie kultury, sportu, o\u015bwiaty, turystyki i wypoczynku;<\/li>\n<p>&#13;<\/p>\n<li>w plac\u00f3wkach handlowych na dworcach,<\/li>\n<p>&#13;<\/p>\n<li>w gospodarstwach rybackich, gdzie ryby sprzedawane s\u0105 ze statku rybackiego i w plac\u00f3wkach handlowych zajmuj\u0105cych si\u0119 wy\u0142\u0105cznie odbiorem produkt\u00f3w rybnych;<\/li>\n<p>&#13;<\/p>\n<li>w strefach wolnoc\u0142owych,<\/li>\n<p>&#13;<\/p>\n<li>w plac\u00f3wkach handlowych na terenie jednostek wojskowych,<\/li>\n<p>&#13;<\/p>\n<li>na terenie jednostek penitencjarnych,<\/li>\n<p>&#13;<\/p>\n<li>w punktach handlu zniczami i kwiatami przy cmentarzach,<\/li>\n<p>&#13;<\/p>\n<li>w piekarniach, cukierniach i lodziarniach.<\/li>\n<p>&#13;\n<\/ul>\n","protected":false},"excerpt":{"rendered":"&#13; Do tej pory wi\u0119kszo\u015b\u0107 firm pracowa\u0142a w Wigili\u0119 w skr\u00f3conym wymiarze godzin, ale od 2025 roku na&hellip;\n","protected":false},"author":2,"featured_media":118772,"comment_status":"","ping_status":"","sticky":false,"template":"","format":"standard","meta":{"footnotes":""},"categories":[16],"tags":[664,11041,679,11044,11035,23844,25647,113,112,23842,11033,11039,677,11042,25645,42,38,40,39,41,23843,11034,11040,678,11043,25646],"class_list":{"0":"post-118771","1":"post","2":"type-post","3":"status-publish","4":"format-standard","5":"has-post-thumbnail","7":"category-biznes","8":"tag-typedefinedterm","9":"tag-14303-html","10":"tag-20320-html","11":"tag-38482-html","12":"tag-40628-html","13":"tag-44902-html","14":"tag-54692-html","15":"tag-biznes","16":"tag-business","17":"tag-namebou017ce-narodzenie","18":"tag-namedni-wolne","19":"tag-namekodeks-pracy","20":"tag-namepraca","21":"tag-nameprawo-pracy","22":"tag-namewigilia","23":"tag-pl","24":"tag-poland","25":"tag-polish","26":"tag-polska","27":"tag-polski","28":"tag-urlhttps-www-pulshr-pl-lista-boze-narodzenie","29":"tag-urlhttps-www-pulshr-pl-lista-dni-wolne","30":"tag-urlhttps-www-pulshr-pl-lista-kodeks-pracy","31":"tag-urlhttps-www-pulshr-pl-lista-praca","32":"tag-urlhttps-www-pulshr-pl-lista-prawo-pracy","33":"tag-urlhttps-www-pulshr-pl-lista-wigilia"},"share_on_mastodon":{"url":"","error":"Validation failed: Text character limit of 500 exceeded"},"_links":{"self":[{"href":"https:\/\/www.europesays.com\/pl\/wp-json\/wp\/v2\/posts\/118771","targetHints":{"allow":["GET"]}}],"collection":[{"href":"https:\/\/www.europesays.com\/pl\/wp-json\/wp\/v2\/posts"}],"about":[{"href":"https:\/\/www.europesays.com\/pl\/wp-json\/wp\/v2\/types\/post"}],"author":[{"embeddable":true,"href":"https:\/\/www.europesays.com\/pl\/wp-json\/wp\/v2\/users\/2"}],"replies":[{"embeddable":true,"href":"https:\/\/www.europesays.com\/pl\/wp-json\/wp\/v2\/comments?post=118771"}],"version-history":[{"count":0,"href":"https:\/\/www.europesays.com\/pl\/wp-json\/wp\/v2\/posts\/118771\/revisions"}],"wp:featuredmedia":[{"embeddable":true,"href":"https:\/\/www.europesays.com\/pl\/wp-json\/wp\/v2\/media\/118772"}],"wp:attachment":[{"href":"https:\/\/www.europesays.com\/pl\/wp-json\/wp\/v2\/media?parent=118771"}],"wp:term":[{"taxonomy":"category","embeddable":true,"href":"https:\/\/www.europesays.com\/pl\/wp-json\/wp\/v2\/categories?post=118771"},{"taxonomy":"post_tag","embeddable":true,"href":"https:\/\/www.europesays.com\/pl\/wp-json\/wp\/v2\/tags?post=118771"}],"curies":[{"name":"wp","href":"https:\/\/api.w.org\/{rel}","templated":true}]}}