{"id":118803,"date":"2025-11-26T07:54:17","date_gmt":"2025-11-26T07:54:17","guid":{"rendered":"https:\/\/www.europesays.com\/pl\/118803\/"},"modified":"2025-11-26T07:54:17","modified_gmt":"2025-11-26T07:54:17","slug":"christina-applegate-byla-u-szczytu-popularnosci-gdy-padla-diagnoza-leze-w-lozku-i-krzycze-z-bolu","status":"publish","type":"post","link":"https:\/\/www.europesays.com\/pl\/118803\/","title":{"rendered":"Christina Applegate by\u0142a u szczytu popularno\u015bci, gdy pad\u0142a diagnoza. &#8222;Le\u017c\u0119 w \u0142\u00f3\u017cku i krzycz\u0119 z b\u00f3lu&#8221;"},"content":{"rendered":"<p>SPIS TRE\u015aCI<\/p>\n<ol class=\"ods-a-table-of-content__items\">\n<li class=\"ods-a-table-of-content__item\"><a href=\"#toc-kariera-od-kolyski\" class=\"ods-a-table-of-content__link\">Kariera od ko\u0142yski<\/a><\/li>\n<li class=\"ods-a-table-of-content__item\"><a href=\"#toc-objawy-pojawily-sie-na-planie-zdjeciowym\" class=\"ods-a-table-of-content__link\">Objawy pojawi\u0142y si\u0119 na planie zdj\u0119ciowym<\/a><\/li>\n<li class=\"ods-a-table-of-content__item\"><a href=\"#toc-christina-applegate-zyje-w-piekle\" class=\"ods-a-table-of-content__link\">Christina Applegate: \u017cyj\u0119 w piekle<\/a><\/li>\n<li class=\"ods-a-table-of-content__item\"><a href=\"#toc-czym-jest-stwardnienie-rozsiane\" class=\"ods-a-table-of-content__link\">Czym jest stwardnienie rozsiane?<\/a><\/li>\n<\/ol>\n<p>Kariera od ko\u0142yski<\/p>\n<p class=\"ods-c-paragraph \">Je\u015bli mo\u017cna by powiedzie\u0107 o kim\u015b, \u017ce jest skazany na s\u0142aw\u0119, to Christina Applegate z pewno\u015bci\u0105 zosta\u0142aby na takiej li\u015bcie uwzgl\u0119dniona. Urodzi\u0142a si\u0119 w rodzinie artyst\u00f3w \u2014 jej matka by\u0142a piosenkark\u0105 i aktork\u0105, ojciec za\u015b producentem muzycznym i szefem wytw\u00f3rni p\u0142ytowej. Ju\u017c jako pi\u0119ciomiesi\u0119czne dziecko gra\u0142a w reklamach (m.in. butelek dla niemowl\u0105t), a zanim sko\u0144czy\u0142a rok, wyst\u0105pi\u0142a u boku matki w serialu &#8222;Dni naszego \u017cycia&#8221;. W dzieci\u0144stwie gra\u0142a te\u017c w wielu serialach, a pierwsz\u0105 wi\u0119ksz\u0105 rol\u0119 (m\u0142odej Grace Kelly) zanotowa\u0142a ju\u017c jako 12-letnia dziewczyna. Cztery lata p\u00f3\u017aniej stan\u0119\u0142a na planie sitcomu &#8222;\u015awiat wed\u0142ug Bundych&#8221;, dzi\u0119ki kt\u00f3remu sta\u0142a si\u0119 rozpoznawalna.<\/p>\n<p class=\"ods-c-paragraph \">W serialu gra\u0142a w sumie przez 11 lat. W mi\u0119dzyczasie notowa\u0142a wyst\u0119py w mainstreamowych filmach (g\u0142\u00f3wnie komediowych) oraz w teatrze, jednak na rol\u0119, kt\u00f3ra zyska\u0142a uznanie krytyk\u00f3w i fan\u00f3w na ca\u0142ym \u015bwiecie, musia\u0142a czeka\u0107 d\u0142ugo. Do serialu &#8222;Ju\u017c nie \u017cyjesz&#8221;, opowiadaj\u0105cym o wdowie, kt\u00f3ra szuka zab\u00f3jcy m\u0119\u017ca potr\u0105conego przez samoch\u00f3d, zosta\u0142a zaanga\u017cowana, gdy sko\u0144czy\u0142a 48 lat. Niestety, nie mog\u0142a d\u0142ugo cieszy\u0107 si\u0119 rol\u0105 i now\u0105 s\u0142aw\u0105.<\/p>\n<p>Dalszy ci\u0105g artyku\u0142u pod materia\u0142em wideo<\/p>\n<p> Kiedy Christina Applegate us\u0142ysza\u0142a diagnoz\u0119 stwardnienia rozsianego? <\/p>\n<p> Jakie objawy pojawi\u0142y si\u0119 u Christiny Applegate przed diagnoz\u0105? <\/p>\n<p> Co spowodowa\u0142o, \u017ce Christina Applegate nie mog\u0142a doko\u0144czy\u0107 pracy nad 3. sezonem serialu? <\/p>\n<p> Jakie zmiany w stanie zdrowia zauwa\u017cy\u0142a Christina Applegate po przyjmowaniu lek\u00f3w? <\/p>\n<p>  Objawy pojawi\u0142y si\u0119 na planie zdj\u0119ciowym<\/p>\n<p class=\"ods-c-paragraph \">Mimo i\u017c diagnoza <a href=\"https:\/\/www.medonet.pl\/zdrowie\/zdrowie-dla-kazdego,stwardnienie-rozsiane---objawy--leczenie,artykul,1578701.html\" id=\"35947d45-2380-4721-bd35-b592a9d7dbc9\" rel=\"nofollow noopener\" target=\"_blank\">SM<\/a> zosta\u0142a postawiona w 2021 r., objawy choroby pojawi\u0142y si\u0119 wcze\u015bniej. Jak wspomina\u0142a aktorka, ju\u017c w 2019 r. powinna zwr\u00f3ci\u0107 uwag\u0119 na silne zm\u0119czenie i <a href=\"https:\/\/www.medonet.pl\/choroby-od-a-do-z\/najczestsze-objawy-chorobowe,dretwienie-nog--o-jakich-chorobach-moze-swiadczyc-dretwienie-nog-,artykul,1672703.html\" id=\"81919a0d-eda5-4c94-acd2-3eb33580baac\" rel=\"nofollow noopener\" target=\"_blank\">dr\u0119twienie ko\u0144czyn<\/a>, ale nawet utrata r\u00f3wnowagi podczas kr\u0119cenia sceny tanecznej nie da\u0142a jej do my\u015blenia. Applegate przyzna\u0142a p\u00f3\u017aniej: &#8222;\u017ba\u0142uj\u0119, \u017ce nie zwr\u00f3ci\u0142am na to uwagi. Ale kim ja by\u0142am, \u017ceby wiedzie\u0107?&#8221;.<\/p>\n<p class=\"ods-c-paragraph \">P\u00f3\u017aniej do objaw\u00f3w tych dosz\u0142y kolejne: zaburzenia r\u00f3wnowagi, mrowienie r\u0105k i n\u00f3g, os\u0142abienie kolan, problemy z koordynacj\u0105, przewlek\u0142e zm\u0119czenie. Dolegliwo\u015bci te i w\u0142\u0105czone leczenie uniemo\u017cliwi\u0142y artystce prac\u0119 nad 3. sezonem serialu Netfliksa. Zdj\u0119cia przerwano na pi\u0119\u0107 miesi\u0119cy i zdecydowano, \u017ce b\u0119dzie to ostatnia cz\u0119\u015b\u0107 historii Jen i jej przyjaci\u00f3\u0142ki Judy. Uznano, \u017ce Christiny nie spos\u00f3b zast\u0105pi\u0107 inn\u0105 aktork\u0105, a bez odtw\u00f3rczyni g\u0142\u00f3wnej roli kr\u0119cenie serialu nie ma sensu.<\/p>\n<p class=\"ods-c-paragraph \">Rozw\u00f3j choroby Applegate doskonale wida\u0107 w ekranowej historii jej bohaterki, przede wszystkim za\u015b w wygl\u0105dzie. Win\u0119 za to ponosi\u0142y leki, kt\u00f3re aktorka musia\u0142a przyjmowa\u0107 \u2014 na sterydach przyty\u0142a prawie 20 kg. Jak przyzna\u0142a, d\u0142ugo nie mog\u0142a obejrze\u0107 3. sezonu &#8222;Ju\u017c nie \u017cyjesz&#8221;, by nie musie\u0107 na siebie patrze\u0107 w takim stanie.<\/p>\n<p class=\"ods-c-paragraph \">Przeczytaj te\u017c: <a href=\"https:\/\/www.medonet.pl\/zdrowie\/zdrowie-dla-kazdego,karolina-gruszka-choruje-na-stwardnienie-rozsiane--nie-bylam-na-to-przygotowana,artykul,82237415.html\" id=\"b6c28acf-ad64-49fb-a44e-1023d21d1a1e\" rel=\"nofollow noopener\" target=\"_blank\">Karolina Gruszka choruje na stwardnienie rozsiane. &#8222;Nie by\u0142am na to przygotowana&#8221;<\/a><\/p>\n<p><a href=\"https:\/\/csr.onet.pl\/1746213\/trk\/adclick\/das,1824309,0?CS=tracking\" title=\"MedonetPRO OnetPremium\" data-astro-prefetch=\"tap\" rel=\"nofollow noopener\" target=\"_blank\"> <img decoding=\"async\" src=\"https:\/\/www.europesays.com\/pl\/wp-content\/uploads\/2025\/10\/1760947870_673_9xOk9lBaHR0cHM6Ly9vY2RuLmV1L3B1bHNjbXMvTURBXy9hMGY5NWNmMDcwYzA5MjFiZDc2NTFlYzU4MDEzNGIzNy5wbmeSlQMAA.jpeg\" height=\"200\" width=\"840\" alt=\"MedonetPRO OnetPremium\" loading=\"lazy\" class=\"ods-c-image__img ods-c-image__img--viewport-width\"\/> <\/a><\/p>\n<p>MedonetPRO OnetPremiumMedonet<\/p>\n<p> Christina Applegate: \u017cyj\u0119 w piekle<\/p>\n<p class=\"ods-c-paragraph \">Dzi\u015b Christina Applegate jest w trudnym po\u0142o\u017ceniu. Z bada\u0144 wynika, \u017ce ma ok. 30 zmian demielinizacyjnych w m\u00f3zgu, w tym jedn\u0105 blisko oka, co powoduje sta\u0142y b\u00f3l. Aktorka porusza si\u0119 o lasce, ma trudno\u015bci z chodzeniem, podnoszeniem przedmiot\u00f3w, czasem nie mo\u017ce doj\u015b\u0107 do \u0142azienki. Cz\u0119sto upada, przez co ma wiele siniak\u00f3w i st\u0142ucze\u0144. Towarzyszy jej b\u00f3l, opisuje go jako &#8222;u\u015bcisk imad\u0142a, kt\u00f3ry nie chce pu\u015bci\u0107&#8221;. Zmaga si\u0119 z <a href=\"https:\/\/www.medonet.pl\/magazyny\/nietrzymanie-moczu,nietrzymanie-moczu--inkontynencja----przyczyny--leczenie,artykul,1656918.html\" id=\"b7d47127-feca-4a33-a671-efc7ef482b92\" rel=\"nofollow noopener\" target=\"_blank\">nietrzymaniem moczu<\/a>. &#8222;Nosz\u0119 pieluchy. Tak bardzo tego nienawidz\u0119&#8221;, przyzna\u0142a.<\/p>\n<p class=\"ods-c-paragraph \">W wywiadach nie ukrywa swojego cierpienia. &#8222;\u017byj\u0119 w piekle&#8221;, &#8222;Nigdy si\u0119 z tym nie pogodz\u0119. Jestem w\u015bciek\u0142a, \u017ce mi si\u0119 to przytrafi\u0142o&#8221;. Za najgorsze, co jej si\u0119 przytrafi\u0142o, uwa\u017ca fakt, \u017ce choroba zamkn\u0119\u0142a j\u0105 w domu.<\/p>\n<p class=\"ods-c-paragraph \"> Applegate m\u00f3wi otwarcie, \u017ce jej stan si\u0119 pogarsza i nie planuje powrotu do aktorstwa, cho\u0107 rozwa\u017ca prac\u0119 g\u0142osow\u0105. Stara si\u0119 walczy\u0107 rosn\u0105cym pesymizmem, cho\u0107 jest to bardzo trudne. &#8222;Nie czerpi\u0119 rado\u015bci z \u017cycia. Nic mnie ju\u017c nie cieszy. Jestem uwi\u0119ziona w ciemno\u015bci&#8221; \u2014 stwierdzi\u0142a.<\/p>\n<p>   Czym jest stwardnienie rozsiane?<\/p>\n<p class=\"ods-c-paragraph \">Stwardnienie rozsiane to przewlek\u0142a choroba autoimmunologiczna o\u015brodkowego uk\u0142adu nerwowego (m\u00f3zg i rdze\u0144 kr\u0119gowy), w kt\u00f3rej uk\u0142ad odporno\u015bciowy atakuje os\u0142onki mielinowe w\u0142\u00f3kien nerwowych, co zaburza przewodzenie impuls\u00f3w nerwowych. Zmiany s\u0105 &#8222;rozsiane&#8221; w r\u00f3\u017cnych miejscach, st\u0105d nazwa choroby. Najcz\u0119\u015bciej choroba dotyka uk\u0142adu ruchowego, pojawiaj\u0105 si\u0119 problemy z r\u00f3wnowag\u0105 i koordynacj\u0105, os\u0142abienie mi\u0119\u015bni, niedow\u0142ady, dr\u0119twienie i mrowienie ko\u0144czyn, ale cz\u0119ste s\u0105 r\u00f3wnie\u017c zaburzenia widzenia (np. zapalenie nerwu wzrokowego), zaburzenia czucia i b\u00f3le neuropatyczne, problemy z p\u0119cherzem i jelitami oraz zaburzenia poznawcze i depresja. Wszystkiemu towarzyszy silne zm\u0119czenie.<\/p>\n<p class=\"ods-c-paragraph \">Choroba ujawnia si\u0119 zazwyczaj mi\u0119dzy 20. a 40. rokiem \u017cycia, kobiety s\u0105 nara\u017cone trzy razy cz\u0119\u015bciej ni\u017c m\u0119\u017cczy\u017ani.<\/p>\n<p class=\"ods-c-paragraph \">SM jest nieuleczalne, ale dost\u0119pne s\u0105 r\u00f3\u017cne terapie zwi\u0119kszaj\u0105ce komfort \u017cycia chorych, m.in. leki spowalniaj\u0105ce post\u0119p i zmniejszaj\u0105ce liczb\u0119 rzut\u00f3w choroby, leczenie objawowe, a tak\u017ce wsparcie psychologiczne i fizjoterapia.<\/p>\n<p> Tre\u015bci z serwisu Medonet maj\u0105 na celu polepszenie, a nie zast\u0105pienie, kontaktu pomi\u0119dzy U\u017cytkownikiem a jego lekarzem. Serwis ma charakter wy\u0142\u0105cznie informacyjno-edukacyjny. Przed zastosowaniem si\u0119 do porad z zakresu wiedzy specjalistycznej, w szczeg\u00f3lno\u015bci medycznych, zawartych w Serwisie nale\u017cy bezwzgl\u0119dnie skonsultowa\u0107 si\u0119 z lekarzem. <\/p>\n","protected":false},"excerpt":{"rendered":"SPIS TRE\u015aCI Kariera od ko\u0142yski Objawy pojawi\u0142y si\u0119 na planie zdj\u0119ciowym Christina Applegate: \u017cyj\u0119 w piekle Czym jest&hellip;\n","protected":false},"author":2,"featured_media":118804,"comment_status":"","ping_status":"","sticky":false,"template":"","format":"standard","meta":{"footnotes":""},"categories":[22],"tags":[3399,1845,25649,25652,25651,122,48,46,42,38,40,39,41,123,47,25648,25650],"class_list":{"0":"post-118803","1":"post","2":"type-post","3":"status-publish","4":"format-standard","5":"has-post-thumbnail","7":"category-rozrywka","8":"tag-choroby_neurologiczne","9":"tag-choroby_od_a_do_z","10":"tag-choroby_ukladu_nerwowego","11":"tag-dretwienie_nog","12":"tag-dretwienie_rak","13":"tag-entertainment","14":"tag-nat_styl","15":"tag-omp","16":"tag-pl","17":"tag-poland","18":"tag-polish","19":"tag-polska","20":"tag-polski","21":"tag-rozrywka","22":"tag-screening_general","23":"tag-stwardnienie_rozsiane","24":"tag-zaburzenia_rownowagi"},"share_on_mastodon":{"url":"https:\/\/pubeurope.com\/@pl\/115614925880293934","error":""},"_links":{"self":[{"href":"https:\/\/www.europesays.com\/pl\/wp-json\/wp\/v2\/posts\/118803","targetHints":{"allow":["GET"]}}],"collection":[{"href":"https:\/\/www.europesays.com\/pl\/wp-json\/wp\/v2\/posts"}],"about":[{"href":"https:\/\/www.europesays.com\/pl\/wp-json\/wp\/v2\/types\/post"}],"author":[{"embeddable":true,"href":"https:\/\/www.europesays.com\/pl\/wp-json\/wp\/v2\/users\/2"}],"replies":[{"embeddable":true,"href":"https:\/\/www.europesays.com\/pl\/wp-json\/wp\/v2\/comments?post=118803"}],"version-history":[{"count":0,"href":"https:\/\/www.europesays.com\/pl\/wp-json\/wp\/v2\/posts\/118803\/revisions"}],"wp:featuredmedia":[{"embeddable":true,"href":"https:\/\/www.europesays.com\/pl\/wp-json\/wp\/v2\/media\/118804"}],"wp:attachment":[{"href":"https:\/\/www.europesays.com\/pl\/wp-json\/wp\/v2\/media?parent=118803"}],"wp:term":[{"taxonomy":"category","embeddable":true,"href":"https:\/\/www.europesays.com\/pl\/wp-json\/wp\/v2\/categories?post=118803"},{"taxonomy":"post_tag","embeddable":true,"href":"https:\/\/www.europesays.com\/pl\/wp-json\/wp\/v2\/tags?post=118803"}],"curies":[{"name":"wp","href":"https:\/\/api.w.org\/{rel}","templated":true}]}}