{"id":118811,"date":"2025-11-26T07:59:09","date_gmt":"2025-11-26T07:59:09","guid":{"rendered":"https:\/\/www.europesays.com\/pl\/118811\/"},"modified":"2025-11-26T07:59:09","modified_gmt":"2025-11-26T07:59:09","slug":"szefowa-ke-po-spotkaniu-koalicji-chetnych-bedziemy-zwiekszac-presje-na-rosje","status":"publish","type":"post","link":"https:\/\/www.europesays.com\/pl\/118811\/","title":{"rendered":"Szefowa KE po spotkaniu &#8222;koalicji ch\u0119tnych&#8221;. &#8222;B\u0119dziemy zwi\u0119ksza\u0107 presj\u0119 na Rosj\u0119&#8221;"},"content":{"rendered":"<ul class=\"UnorderedList_container__nmfSl\">\n<li class=\"UnorderedList_listElement__Py7xi\" data-id=\"ai-summary-link\">Du\u017co czytania, a ma\u0142o czasu? Sprawd\u017a\u00a0skr\u00f3t\u00a0artyku\u0142u<\/li>\n<\/ul>\n<p class=\"Paragraph_desktopParagraph__U31Gm\">Von der Leyen odnotowa\u0142a &#8222;obiecuj\u0105cy post\u0119p&#8221; w ostatnich dniach i godzinach w negocjacjach pokojowych. Z zadowoleniem przyj\u0119\u0142a udzia\u0142 sekretarza stanu USA Marca Rubio w spotkaniu koalicji ch\u0119tnych, a wi\u0119c grupy pa\u0144stw gotowych udzieli\u0107 Ukrainie gwarancji bezpiecze\u0144stwa, w kt\u00f3rej nie ma Stan\u00f3w Zjednoczonych.<\/p>\n<p class=\"VideoPlayerText_videoPlayerText__iDwyz\">Dalszy ci\u0105g materia\u0142u pod wideo<\/p>\n<p class=\"Paragraph_desktopParagraph__U31Gm\">\u2014 Potrzebujemy silnej wsp\u00f3\u0142pracy transatlantyckiej, poniewa\u017c przynosi ona efekty \u2014 podkre\u015bli\u0142a szefowa KE. \u2014 We\u017amy pod uwag\u0119 znacz\u0105cy wp\u0142yw naszych skoordynowanych i kolejnych fal sankcji wobec rosyjskiej gospodarki. Ograniczaj\u0105 one zasoby, kt\u00f3rymi Rosja dysponuje, aby prowadzi\u0107 swoj\u0105 agresywn\u0105 wojn\u0119 \u2014 zaznaczy\u0142a.<\/p>\n<ul class=\"OchatFollowUps_wrapper__1ry7X\">\n<li class=\"OchatFollowUps_item__Dhyly OchatFollowUps_itemDesktop__R6aBv\">Jakie sankcje s\u0105 planowane wobec Rosji?<\/li>\n<li class=\"OchatFollowUps_item__Dhyly OchatFollowUps_itemDesktop__R6aBv\">Jakie dzia\u0142ania podejmuje koalicja ch\u0119tnych?<\/li>\n<li class=\"OchatFollowUps_item__Dhyly OchatFollowUps_itemDesktop__R6aBv\">Jaka kwota zosta\u0142a zaproponowana dla Ukrainy?<\/li>\n<li class=\"OchatFollowUps_item__Dhyly OchatFollowUps_itemDesktop__R6aBv\">Kto reprezentowa\u0142 Polsk\u0119 na spotkaniu koalicji ch\u0119tnych?<\/li>\n<\/ul>\n<p class=\"Paragraph_desktopParagraph__U31Gm\">\u2014 A poniewa\u017c presja pozostaje jedynym j\u0119zykiem, na jaki Rosja reaguje, b\u0119dziemy j\u0105 nadal zwi\u0119ksza\u0107, dop\u00f3ki nie pojawi si\u0119 rzeczywista wola zaanga\u017cowania si\u0119 w wiarygodn\u0105 drog\u0119 do pokoju \u2014 doda\u0142a.<\/p>\n<p>Rosyjskie ataki w trakcie spotkania koalicji ch\u0119tnych. &#8222;Kolejne przypomnienie&#8221; <\/p>\n<p class=\"Paragraph_desktopParagraph__U31Gm\">Von der Leyen zwr\u00f3ci\u0142a uwag\u0119, \u017ce w poniedzia\u0142ek wieczorem \u2014 w czasie, gdy Europa i jej partnerzy byli zaanga\u017cowani w rozmowy o pokoju \u2014 Rosja nasili\u0142a ataki na Kij\u00f3w, a rakiety i drony naruszy\u0142y nawet przestrze\u0144 powietrzn\u0105 Mo\u0142dawii i Rumunii.<\/p>\n<p class=\"Paragraph_desktopParagraph__U31Gm\">\u2014 To kolejne przypomnienie, \u017ce bezpiecze\u0144stwo Ukrainy to bezpiecze\u0144stwo Europy. Interesy Ukrainy s\u0105 naszymi interesami, s\u0105 nieroz\u0142\u0105czne \u2014 podkre\u015bli\u0142a.<\/p>\n<p class=\"Paragraph_desktopParagraph__U31Gm\">\u2014 Dlatego b\u0119dziemy nadal zdecydowanie wspiera\u0107 Ukrain\u0119 w nadchodz\u0105cych negocjacjach \u2014 zadeklarowa\u0142a przewodnicz\u0105ca KE.<\/p>\n<p>Po\u017cyczka reparacyjna dla Ukrainy. Padla konkretna kwota <\/p>\n<p class=\"Paragraph_desktopParagraph__U31Gm\">Wed\u0142ug niej kluczowym punktem tych rozm\u00f3w jest kwestia finansowania Ukrainy, w tym wykorzystania unieruchomionych rosyjskich aktyw\u00f3w pa\u0144stwowych.<\/p>\n<p class=\"Paragraph_desktopParagraph__U31Gm\">KE zaproponowa\u0142a po\u017cyczk\u0119 reparacyjn\u0105 na kwot\u0119 140 mld euro, kt\u00f3ra mia\u0142aby zosta\u0107 sfinansowana z wykorzystaniem rosyjskich zamro\u017conych aktyw\u00f3w. Prace nad ni\u0105 trwaj\u0105 od wrze\u015bnia. Ukraina mia\u0142aby zwr\u00f3ci\u0107 po\u017cyczk\u0119 w momencie wyp\u0142acenia przez Rosj\u0119 odszkodowa\u0144.<\/p>\n<p class=\"Paragraph_desktopParagraph__U31Gm\">Natomiast w planie pokojowym, kt\u00f3ry forsuj\u0105 Stany Zjednoczone, wed\u0142ug doniesie\u0144 medialnych mia\u0142o si\u0119 znale\u017a\u0107 alternatywne wykorzystanie zamro\u017conych aktyw\u00f3w rosyjskiego banku centralnego, pozwalaj\u0105ce USA na czerpanie zysk\u00f3w z tych \u015brodk\u00f3w.<\/p>\n<p class=\"Paragraph_desktopParagraph__U31Gm\">28-punktowy plan, kt\u00f3ry USA mia\u0142y wynegocjowa\u0107 z Rosj\u0105, by\u0142 w ostatnich dniach konsultowany z Ukrain\u0105, a tak\u017ce krajami europejskimi: Francj\u0105, Niemcami i Wielk\u0105 Brytani\u0105. Prezydent Ukrainy Wo\u0142odymyr Ze\u0142enski przekaza\u0142 w poniedzia\u0142ek, \u017ce po rozmowach w Genewie liczba punkt\u00f3w ameryka\u0144skiej propozycji pokojowej zosta\u0142a zmniejszona i &#8222;nie wynosi ju\u017c 28&#8221;, a w ich ramach uj\u0119to &#8222;wiele w\u0142a\u015bciwych rzeczy&#8221;.<\/p>\n<p>Spotkanie &#8222;koalicji ch\u0119tnych&#8221;. Polsk\u0119 reprezentowa\u0142 szef MSZ <\/p>\n<p class=\"Paragraph_desktopParagraph__U31Gm\">W zdalnym spotkaniu koalicji ch\u0119tnych we wtorek Polsk\u0119 reprezentowa\u0142 wicepremier, minister spraw zagranicznych Rados\u0142aw Sikorski. Gospodarzami spotkania byli francuski prezydent Emmanuel Macron oraz premier Wielkiej Brytanii Keir Starmer.<\/p>\n<p class=\"Paragraph_desktopParagraph__U31Gm\">Macron na pocz\u0105tku spotkania powiedzia\u0142, \u017ce &#8222;nareszcie jest szansa na realny post\u0119p ku dobremu pokojowi&#8221; mi\u0119dzy Ukrain\u0105 i Rosj\u0105, ale jego warunkiem s\u0105 gwarancje bezpiecze\u0144stwa dla Kijowa.<\/p>\n","protected":false},"excerpt":{"rendered":"Du\u017co czytania, a ma\u0142o czasu? Sprawd\u017a\u00a0skr\u00f3t\u00a0artyku\u0142u Von der Leyen odnotowa\u0142a &#8222;obiecuj\u0105cy post\u0119p&#8221; w ostatnich dniach i godzinach w&hellip;\n","protected":false},"author":2,"featured_media":118812,"comment_status":"","ping_status":"","sticky":false,"template":"","format":"standard","meta":{"footnotes":""},"categories":[5],"tags":[32,33,36,37,27,67,64,2178,34,35,28,31,53,25,52,68,51,55,42,38,40,39,41,47,29,30,65,993,50,26],"class_list":{"0":"post-118811","1":"post","2":"type-post","3":"status-publish","4":"format-standard","5":"has-post-thumbnail","7":"category-naglowki","8":"tag-breaking-news","9":"tag-breakingnews","10":"tag-featured-news","11":"tag-featurednews","12":"tag-headlines","13":"tag-intextvideo_splayer","14":"tag-inwazja_rosji_na_ukraine_2014_","15":"tag-komisja_europejska","16":"tag-latest-news","17":"tag-latestnews","18":"tag-naglowki","19":"tag-najwazniejsze-artykuly","20":"tag-new_header","21":"tag-news","22":"tag-onet3","23":"tag-onet3d","24":"tag-onet3d_2i","25":"tag-phx","26":"tag-pl","27":"tag-poland","28":"tag-polish","29":"tag-polska","30":"tag-polski","31":"tag-screening_general","32":"tag-top-stories","33":"tag-topstories","34":"tag-update_me","35":"tag-ursula_von_der_leyen_polityczka","36":"tag-v2021","37":"tag-wiadomosci"},"share_on_mastodon":{"url":"https:\/\/pubeurope.com\/@pl\/115614945316466814","error":""},"_links":{"self":[{"href":"https:\/\/www.europesays.com\/pl\/wp-json\/wp\/v2\/posts\/118811","targetHints":{"allow":["GET"]}}],"collection":[{"href":"https:\/\/www.europesays.com\/pl\/wp-json\/wp\/v2\/posts"}],"about":[{"href":"https:\/\/www.europesays.com\/pl\/wp-json\/wp\/v2\/types\/post"}],"author":[{"embeddable":true,"href":"https:\/\/www.europesays.com\/pl\/wp-json\/wp\/v2\/users\/2"}],"replies":[{"embeddable":true,"href":"https:\/\/www.europesays.com\/pl\/wp-json\/wp\/v2\/comments?post=118811"}],"version-history":[{"count":0,"href":"https:\/\/www.europesays.com\/pl\/wp-json\/wp\/v2\/posts\/118811\/revisions"}],"wp:featuredmedia":[{"embeddable":true,"href":"https:\/\/www.europesays.com\/pl\/wp-json\/wp\/v2\/media\/118812"}],"wp:attachment":[{"href":"https:\/\/www.europesays.com\/pl\/wp-json\/wp\/v2\/media?parent=118811"}],"wp:term":[{"taxonomy":"category","embeddable":true,"href":"https:\/\/www.europesays.com\/pl\/wp-json\/wp\/v2\/categories?post=118811"},{"taxonomy":"post_tag","embeddable":true,"href":"https:\/\/www.europesays.com\/pl\/wp-json\/wp\/v2\/tags?post=118811"}],"curies":[{"name":"wp","href":"https:\/\/api.w.org\/{rel}","templated":true}]}}