{"id":118820,"date":"2025-11-26T08:06:09","date_gmt":"2025-11-26T08:06:09","guid":{"rendered":"https:\/\/www.europesays.com\/pl\/118820\/"},"modified":"2025-11-26T08:06:09","modified_gmt":"2025-11-26T08:06:09","slug":"tragedia-w-szumowie-prokuratura-o-mozliwych-przyczynach-pozaru-onet","status":"publish","type":"post","link":"https:\/\/www.europesays.com\/pl\/118820\/","title":{"rendered":"Tragedia w Szumowie. Prokuratura o mo\u017cliwych przyczynach po\u017caru &#8211; Onet"},"content":{"rendered":"<ol>\n<li><a href=\"https:\/\/news.google.com\/rss\/articles\/CBMizAFBVV95cUxPRkFOMTQwUm1ERXNQdXZOT3RPVlowUHdIeEVUTTEyMXlpM3N3YS1IaFhGcHlRN20yaEI2aHJPX2FLaFppTEdablB4MlpyWHFTX195Yi00akFGVmhhLWVGQjZHVC13NXhrRXl4Y3ZYVWs0d1lMTnM0eGNBcHdjTUhSZ3NSVTdVTmtIMTZIRl90YkdVcmNOSUNfbzZxYV8wNDltbFZmSlJiNmhMYXBOTTZmWnFERlZGY3ZkbDNtUnNwYlhZaEZyZHhtVklULW8?oc=5\" target=\"_blank\" rel=\"nofollow noopener\">Tragedia w Szumowie. Prokuratura o mo\u017cliwych przyczynach po\u017caru<\/a>&nbsp;&nbsp;Onet<\/li>\n<li><a href=\"https:\/\/news.google.com\/rss\/articles\/CBMiugFBVV95cUxOd3Q3OUd3Ui1QNk8xNjlzdXMtWDNHRzJFanhoZlJuOEJnNEhUV3J2dFI2dHpIZ25HMWxpMnJHS1FQOWxoU0d5ZE44NHBwV0R5Tm1fWDB0UDd3dEJHdnVDN0ZBN3RwRUpjeHZReUs1U0gxRU5ONF9VOEJvZ2YyMmhZa1Rjc3NlOHlZaFNCeFg5VU51cWw5dHoxUDE2QV9HS2lXbnA3c3NCZkZlSG9ONHFKVjgxQk5ITHNMRHc?oc=5\" target=\"_blank\" rel=\"nofollow noopener\">Jedna z najbogatszych Polek zgin\u0119\u0142a z powodu nawil\u017cacza? Szokuj\u0105ce szczeg\u00f3\u0142y<\/a>&nbsp;&nbsp;WP Wiadomo\u015bci<\/li>\n<li><a href=\"https:\/\/news.google.com\/rss\/articles\/CBMiywFBVV95cUxPa2tYQVktQWUweGV3cVZScHlLRlgyYXJsdnNiaWhrQWsxeC11ZW1samlCLXVWQ1d4TjNiMEx1c2RiTURlZnZFT0R6NUg0bU1faHlibDRYeHFWeFRzSjZ2QnkzT0x1VGhkOERsRVllS05Wbm90NFV5QldiaUZXb1FLYlZnN1YxUjB2WnJzUGhBUTJHaTBHV1ZGN0tDTHowWUxVOURldEpNLVc0dVpPdzVHZE9FdjJVcGxjQkJGMmx1ZEliTUtiQUJ2MHFCYw?oc=5\" target=\"_blank\" rel=\"nofollow noopener\">Irena i Bogu\u015b zgin\u0119li w po\u017carze. Poruszaj\u0105ca pro\u015bba bliskich przed pogrzebem milionerki i jej wnuczka<\/a>&nbsp;&nbsp;Fakt<\/li>\n<li><a href=\"https:\/\/news.google.com\/rss\/articles\/CBMiwAFBVV95cUxNWjFLc0Y4VS1tT2l6VVEzY0tvQkU0OWtPMHh1d0Q1SlMyVWtqUzFVSW4tS3pwTzBZdS1aZmFJVW8waG9HdzdlNklhUUttV3Ftdi1ZaXNTTWtZeXRzRktqVm81TTh1M0hseTJBMnItdkgtdk5Md21yUmMtNmdialY5RzNzaUJyUEUwVlV3RGRjaE4tYkFpMkNuUnZ3aDRVZG1lQlZhYVlvbktUeDZvR1I4dlB5dVZEaDBuOUJ6QWN1Mzc?oc=5\" target=\"_blank\" rel=\"nofollow noopener\">Jedna z najbogatszych Polek i jej 2-letni wnuk zgin\u0119li w po\u017carze. Przyczyn\u0105 nawil\u017cacz powietrza?<\/a>&nbsp;&nbsp;Gazeta<\/li>\n<li><a href=\"https:\/\/news.google.com\/rss\/articles\/CBMizgFBVV95cUxNYmV1OFBBdW5qSlRlUjUzNG5KaC15Z3FNVXB3Mnd4ZXZEYTFfWC0yWnoxUG5NaXpjY1o5RzVvV0NGa0N2M2Vqb3VNM2FDNzRnQ1BuQzZLRnZwY3B2WFV4QlRlSEFpU2NOQkhjaTdUTXkweDVKQ1ZHTXRnRGd5WlFVeEJjTDVjT3lTMUhlTm5oSTVEX2tIeXhuX2ZzS08wZHJMTlBZdU5Ld294SkNfSzJDQ1owYzM5QzlGTWZwNGotNkxzR290endKcUJpbVB2Zw?oc=5\" target=\"_blank\" rel=\"nofollow noopener\">Nie \u017cyj\u0105 milionerka z Podlasia i jej wnuk. Tragiczne okoliczno\u015bci<\/a>&nbsp;&nbsp;PolsatNews.pl<\/li>\n<\/ol>\n","protected":false},"excerpt":{"rendered":"Tragedia w Szumowie. Prokuratura o mo\u017cliwych przyczynach po\u017caru&nbsp;&nbsp;Onet Jedna z najbogatszych Polek zgin\u0119\u0142a z powodu nawil\u017cacza? Szokuj\u0105ce szczeg\u00f3\u0142y&nbsp;&nbsp;WP&hellip;\n","protected":false},"author":2,"featured_media":118821,"comment_status":"","ping_status":"","sticky":false,"template":"","format":"standard","meta":{"footnotes":""},"categories":[5],"tags":[32,33,36,37,27,67,34,35,28,31,53,25,52,68,51,55,42,38,40,39,2847,41,4686,349,47,29,30,65,50,26],"class_list":{"0":"post-118820","1":"post","2":"type-post","3":"status-publish","4":"format-standard","5":"has-post-thumbnail","7":"category-naglowki","8":"tag-breaking-news","9":"tag-breakingnews","10":"tag-featured-news","11":"tag-featurednews","12":"tag-headlines","13":"tag-intextvideo_splayer","14":"tag-latest-news","15":"tag-latestnews","16":"tag-naglowki","17":"tag-najwazniejsze-artykuly","18":"tag-new_header","19":"tag-news","20":"tag-onet3","21":"tag-onet3d","22":"tag-onet3d_2i","23":"tag-phx","24":"tag-pl","25":"tag-poland","26":"tag-polish","27":"tag-polska","28":"tag-polska_polak_polka_polacy_polki","29":"tag-polski","30":"tag-pozar_pozary","31":"tag-prokuratura_prokurator_prokuratorzy","32":"tag-screening_general","33":"tag-top-stories","34":"tag-topstories","35":"tag-update_me","36":"tag-v2021","37":"tag-wiadomosci"},"share_on_mastodon":{"url":"https:\/\/pubeurope.com\/@pl\/115614972833796424","error":""},"_links":{"self":[{"href":"https:\/\/www.europesays.com\/pl\/wp-json\/wp\/v2\/posts\/118820","targetHints":{"allow":["GET"]}}],"collection":[{"href":"https:\/\/www.europesays.com\/pl\/wp-json\/wp\/v2\/posts"}],"about":[{"href":"https:\/\/www.europesays.com\/pl\/wp-json\/wp\/v2\/types\/post"}],"author":[{"embeddable":true,"href":"https:\/\/www.europesays.com\/pl\/wp-json\/wp\/v2\/users\/2"}],"replies":[{"embeddable":true,"href":"https:\/\/www.europesays.com\/pl\/wp-json\/wp\/v2\/comments?post=118820"}],"version-history":[{"count":0,"href":"https:\/\/www.europesays.com\/pl\/wp-json\/wp\/v2\/posts\/118820\/revisions"}],"wp:featuredmedia":[{"embeddable":true,"href":"https:\/\/www.europesays.com\/pl\/wp-json\/wp\/v2\/media\/118821"}],"wp:attachment":[{"href":"https:\/\/www.europesays.com\/pl\/wp-json\/wp\/v2\/media?parent=118820"}],"wp:term":[{"taxonomy":"category","embeddable":true,"href":"https:\/\/www.europesays.com\/pl\/wp-json\/wp\/v2\/categories?post=118820"},{"taxonomy":"post_tag","embeddable":true,"href":"https:\/\/www.europesays.com\/pl\/wp-json\/wp\/v2\/tags?post=118820"}],"curies":[{"name":"wp","href":"https:\/\/api.w.org\/{rel}","templated":true}]}}