{"id":118826,"date":"2025-11-26T08:11:08","date_gmt":"2025-11-26T08:11:08","guid":{"rendered":"https:\/\/www.europesays.com\/pl\/118826\/"},"modified":"2025-11-26T08:11:08","modified_gmt":"2025-11-26T08:11:08","slug":"czara-goryczy-sie-przelala-europa-siega-po-najwiekszego-asa-w-rekawie","status":"publish","type":"post","link":"https:\/\/www.europesays.com\/pl\/118826\/","title":{"rendered":"Czara goryczy si\u0119 przela\u0142a. Europa si\u0119ga po najwi\u0119kszego asa w r\u0119kawie"},"content":{"rendered":"<p>Podczas szczytu, kt\u00f3ry odby\u0142 si\u0119 miesi\u0105c temu, przyw\u00f3dcy Unii Europejskiej mieli nadziej\u0119 osi\u0105gn\u0105\u0107 porozumienie w sprawie wykorzystania zamro\u017conych rezerw finansowych Moskwy w wysoko\u015bci 140 mld euro (591 mld z\u0142) na &#8222;po\u017cyczk\u0119 reparacyjn\u0105&#8221; dla Ukrainy. Pomys\u0142 ten spotka\u0142 si\u0119 jednak z ostrym sprzeciwem Barta De Wevera, premiera Belgii, gdzie przechowywane s\u0105 te pieni\u0105dze.<\/p>\n<p>Obecnie, w zwi\u0105zku z intensyfikacj\u0105 rozm\u00f3w pokojowych i ko\u0144czeniem si\u0119 \u015brodk\u00f3w pieni\u0119\u017cnych w Kijowie, kwestia post\u0119powania z rosyjskimi aktywami nabra\u0142a nowego znaczenia. \u2014 Je\u015bli nie podejmiemy dzia\u0142a\u0144, inni zrobi\u0105 to przed nami \u2014 m\u00f3wi jeden z urz\u0119dnik\u00f3w UE, kt\u00f3ry, podobnie jak inni cytowani w tym artykule, prosi\u0142 o zachowanie anonimowo\u015bci, by m\u00f3c szczerze wypowiedzie\u0107 si\u0119 na ten temat.<\/p>\n<p class=\"ods-c-paragraph \">Europejscy urz\u0119dnicy sugeruj\u0105, \u017ce <a href=\"https:\/\/wiadomosci.onet.pl\/swiat\/pokoj-w-ukrainie-coraz-blizej-jest-glos-z-bialego-domu\/fvw0pkr\" id=\"7cff33f1-70fe-4c80-80e4-01b4168029ab\" rel=\"nofollow noopener\" target=\"_blank\">nowa inicjatywa pokojowa Donalda Trumpa<\/a> mo\u017ce pom\u00f3c umocni\u0107 poparcie dla planu wykorzystania zamro\u017conych rosyjskich funduszy na po\u017cyczk\u0119 reparacyjn\u0105 dla Ukrainy. Plan zak\u0142ada, \u017ce mog\u0142yby one zosta\u0107 zwr\u00f3cone Moskwie tylko w jednym, ma\u0142o prawdopodobnym scenariuszu \u2014 gdyby zgodzi\u0142a si\u0119 wyp\u0142aci\u0107 Ukrainie odszkodowanie wojenne.<\/p>\n<p class=\"ods-c-paragraph \">Dyplomaci UE przypuszczaj\u0105, \u017ce przewodnicz\u0105ca Komisji Europejskiej Ursula von der Leyen poleci swoim urz\u0119dnikom przedstawi\u0107 projekt tekstu prawnego dotycz\u0105cego po\u017cyczki reparacyjnej w ci\u0105gu kilku dni. Coraz bardziej ro\u015bnie bowiem tempo prac nad tym rozwi\u0105zaniem.<\/p>\n<p>Belgijski hamulec<\/p>\n<p class=\"ods-c-paragraph \">Pomimo intensywnych rozm\u00f3w mi\u0119dzy Belgi\u0105 a Komisj\u0105 Europejsk\u0105 w ostatnich tygodniach De Wever nadal ma jednak obawy dotycz\u0105ce odpowiedzialno\u015bci prawnej zwi\u0105zanej z wykorzystaniem zamro\u017conych \u015brodk\u00f3w. Boi si\u0119 r\u00f3wnie\u017c odwetu ze strony Moskwy.<\/p>\n<p class=\"ods-c-paragraph \">Dlatego specjali\u015bci ds. polityki w Brukseli zastanawiaj\u0105 si\u0119 obecnie, jak pom\u00f3c Ukrainie w przypadku, gdyby propozycja po\u017cyczki reparacyjnej nie zosta\u0142a przedstawiona na czas. Chc\u0105 znale\u017a\u0107 rozwi\u0105zanie, kt\u00f3re przyw\u00f3dcy UE mogliby zatwierdzi\u0107 podczas szczytu 18 grudnia.<\/p>\n<p class=\"ods-c-paragraph \">Czterech unijnych urz\u0119dnik\u00f3w zdradza, \u017ce jedn\u0105 z propozycji zyskuj\u0105c\u0105 coraz wi\u0119ksze poparcie jest po\u017cyczka &#8222;pomostowa&#8221;. Finansowana z po\u017cyczki UE, mia\u0142aby pozwoli\u0107 Ukrainie utrzyma\u0107 si\u0119 na froncie w pierwszych miesi\u0105cach 2026 r. Da\u0142oby to Brukseli wi\u0119cej czasu na wypracowanie d\u0142ugoterminowego rozwi\u0105zania \u2014 pe\u0142nej po\u017cyczki reparacyjnej z wykorzystaniem rosyjskich aktyw\u00f3w w spos\u00f3b akceptowalny dla Belgii.<\/p>\n<p>Dalszy ci\u0105g artyku\u0142u pod materia\u0142em wideo<\/p>\n<p class=\"ods-c-paragraph \">Dw\u00f3ch dyplomat\u00f3w UE twierdzi, \u017ce Ukraina mo\u017ce zosta\u0107 poproszona o sp\u0142at\u0119 pocz\u0105tkowej po\u017cyczki pomostowej po otrzymaniu finansowania z d\u0142ugoterminowej po\u017cyczki reparacyjnej. Przedstawiciele kraj\u00f3w UE om\u00f3wili r\u00f3\u017cne opcje z Komisj\u0105 Europejsk\u0105 podczas wtorkowego spotkania w Brukseli. Wed\u0142ug jednego z urz\u0119dnik\u00f3w poinformowanego o przebiegu dyskusji kraje takie jak Francja, Niemcy, Holandia, Litwa i Luksemburg naciska\u0142y na Komisj\u0119, by kontynuowa\u0142a prace nad propozycjami finansowania Ukrainy.<\/p>\n<p class=\"ods-c-paragraph \">Temat modelu finansowania pomostowego Ukrainy poruszy\u0142 r\u00f3wnie\u017c 4 listopada Valdis Dombrovskis, Komisarz UE ds. Gospodarki i Wydajno\u015bci. \u2014 Im d\u0142u\u017cej zwlekamy, tym trudniejsze b\u0119dzie to zadanie \u2014 powiedzia\u0142.<\/p>\n<p>Pilna potrzeba<\/p>\n<p class=\"ods-c-paragraph \">Komisja jest w pe\u0142ni \u015bwiadoma konieczno\u015bci pilnego znalezienia rozwi\u0105zania. Kij\u00f3w ostrzega bowiem, \u017ce w pierwszych miesi\u0105cach przysz\u0142ego roku <a href=\"https:\/\/www.onet.pl\/informacje\/onetwiadomosci\/finanse-ukrainy-popadaja-w-ruine-to-moze-byc-ostatnia-deska-ratunku\/jm70m5k,79cfc278\" id=\"c8282f75-2a5b-4f75-b711-29533a36a8f6\" rel=\"nofollow noopener\" target=\"_blank\">mo\u017ce zabrakn\u0105\u0107 mu pieni\u0119dzy<\/a>. We wtorek prezydent Francji Emmanuel Macron powiedzia\u0142, \u017ce sojusznicy UE &#8222;w najbli\u017cszych dniach&#8221; sfinalizuj\u0105 rozwi\u0105zanie, kt\u00f3re &#8222;zapewni finansowanie&#8221; Ukrainie.<\/p>\n<p class=\"ods-c-paragraph \">Wed\u0142ug wielu unijnych urz\u0119dnik\u00f3w po\u017cyczka reparacyjna to w d\u0142u\u017cszej perspektywie jedyne mo\u017cliwe rozwi\u0105zanie. Pa\u0144stwa cz\u0142onkowskie UE nie s\u0105 bowiem sk\u0142onne si\u0119ga\u0107 do w\u0142asnych bud\u017cet\u00f3w krajowych i wysy\u0142a\u0107 z nich \u015brodk\u00f3w Ukrainie. Wiele z nich boryka si\u0119 ju\u017c z deficytem bud\u017cetowym i wysokimi kosztami po\u017cyczek. Dlatego te\u017c kluczowe znaczenie ma przekonanie Belg\u00f3w do udzia\u0142u w tym przedsi\u0119wzi\u0119ciu.<\/p>\n<p>   <img decoding=\"async\" src=\"https:\/\/www.europesays.com\/pl\/wp-content\/uploads\/2025\/11\/_sXk9lBaHR0cHM6Ly9vY2RuLmV1L3B1bHNjbXMvTURBXy8zMDVjODFiNmY5N2E5YjI5NWNmYmNiMGVjNDYzOTg5YS5qcGeRlQLNB.jpeg\" height=\"627\" width=\"940\" alt=\"Premier Belgii Bart De Wever i prezydent Ukrainy Wo\u0142odymyr Ze\u0142enski podczas wsp\u00f3lnej konferencji prasowej w Kijowie, 8 kwietnia 2025 r.\" loading=\"lazy\" class=\"ods-c-image__img ods-c-image__img--viewport-width\"\/><\/p>\n<p>Premier Belgii Bart De Wever i prezydent Ukrainy Wo\u0142odymyr Ze\u0142enski podczas wsp\u00f3lnej konferencji prasowej w Kijowie, 8 kwietnia 2025 r.GENYA SAVILOV \/ AFP<\/p>\n<p class=\"ods-c-paragraph \">\u2014 Mamy nadziej\u0119, \u017ce uda nam si\u0119 prze\u0142ama\u0107 ich wahania. Naprawd\u0119 nie widzimy \u017cadnej innej mo\u017cliwo\u015bci poza po\u017cyczk\u0105 reparacyjn\u0105 \u2014 m\u00f3wi dyplomata UE. Jego zdaniem jeden z pomys\u0142\u00f3w zak\u0142ada &#8222;po\u0142\u0105czenie po\u017cyczki reparacyjnej z jedn\u0105 z pozosta\u0142ych opcji&#8221;. Dodaje, \u017ce proces ten nie mo\u017ce jednak &#8222;zajmowa\u0107 zbyt wiele czasu, poniewa\u017c obecnie sytuacja jest pilna i wymaga natychmiastowego dzia\u0142ania&#8221;.<\/p>\n<p class=\"ods-c-paragraph \">Nadal istniej\u0105 problemy z utworzeniem po\u017cyczki pomostowej przy u\u017cyciu wsp\u00f3lnych po\u017cyczek UE, kt\u00f3re niekt\u00f3rzy komentatorzy okre\u015blaj\u0105 mianem &#8222;euroobligacji&#8221;, cho\u0107 nie wszystkim podoba si\u0119 to okre\u015blenie.<\/p>\n<p>Ostatnie s\u0142owo<\/p>\n<p class=\"ods-c-paragraph \">By\u0107 mo\u017ce najwi\u0119ksz\u0105 przeszkod\u0105 b\u0119dzie fakt, \u017ce tego rodzaju po\u017cyczki UE wymaga\u0142yby jednomy\u015blnego poparcia 27 pa\u0144stw cz\u0142onkowskich, a <a href=\"https:\/\/wiadomosci.onet.pl\/swiat\/wegry-przeciwne-zakupom-broni-dla-ukrainy-z-zamrozonych-rosyjskich-aktywow\/h24zwby\" id=\"f65ce823-e2e1-4375-a2d6-c5f7ee969a2f\" rel=\"nofollow noopener\" target=\"_blank\">W\u0119gry od dawna sprzeciwiaj\u0105 si\u0119 nowym \u015brodkom maj\u0105cym na celu pomoc w finansowaniu dzia\u0142a\u0144 wojennych Ukrainy.<\/a> Mo\u017cliwe jednak, \u017ce pomocne by\u0142oby przedstawienie po\u017cyczki pomostowej jako \u015brodk\u00f3w przeznaczonych na odbudow\u0119 Ukrainy, a nie na finansowanie jej machiny wojennej.<\/p>\n<p class=\"ods-c-paragraph \">Kolejnym czynnikiem jest przyspieszenie dzia\u0142a\u0144 pokojowych \u2014 zesp\u00f3\u0142 Trumpa stara si\u0119 sk\u0142oni\u0107 urz\u0119dnik\u00f3w z Ukrainy i Rosji do porozumienia. W kolejnych wersjach projektu planu pokojowego pojawia si\u0119 wzmianka o wykorzystaniu zamro\u017conych aktyw\u00f3w do sfinansowania odbudowy Ukrainy. W zesz\u0142ym tygodniu europejscy urz\u0119dnicy zareagowali z konsternacj\u0105 na zawart\u0105 w pierwotnym ameryka\u0144skim projekcie propozycj\u0119, by zyski z wykorzystania tych aktyw\u00f3w czerpa\u0142y Stany Zjednoczone.<\/p>\n<p class=\"ods-c-paragraph \">Liderzy UE maj\u0105 nadziej\u0119, \u017ce przekonali zesp\u00f3\u0142 Trumpa, \u017ce to oni musz\u0105 mie\u0107 ostatnie s\u0142owo w sprawie przeznaczenia tych aktyw\u00f3w, a tak\u017ce terminu zniesienia europejskich sankcji wobec Rosji i drogi Ukrainy do cz\u0142onkostwa w UE \u2014 twierdz\u0105 anonimowo unijni dyplomaci.<\/p>\n","protected":false},"excerpt":{"rendered":"Podczas szczytu, kt\u00f3ry odby\u0142 si\u0119 miesi\u0105c temu, przyw\u00f3dcy Unii Europejskiej mieli nadziej\u0119 osi\u0105gn\u0105\u0107 porozumienie w sprawie wykorzystania zamro\u017conych&hellip;\n","protected":false},"author":2,"featured_media":118827,"comment_status":"","ping_status":"","sticky":false,"template":"","format":"standard","meta":{"footnotes":""},"categories":[14],"tags":[56,32,33,27,76,34,35,28,31,48,25,46,40,1314,41,87,47,80,29,30,415,86,71,26,82,83,84],"class_list":{"0":"post-118826","1":"post","2":"type-post","3":"status-publish","4":"format-standard","5":"has-post-thumbnail","7":"category-swiat","8":"tag-article_premium","9":"tag-breaking-news","10":"tag-breakingnews","11":"tag-headlines","12":"tag-inwazja_rosji_na_ukraine","13":"tag-latest-news","14":"tag-latestnews","15":"tag-naglowki","16":"tag-najwazniejsze-artykuly","17":"tag-nat_styl","18":"tag-news","19":"tag-omp","20":"tag-polish","21":"tag-politico","22":"tag-polski","23":"tag-rosja","24":"tag-screening_general","25":"tag-swiat","26":"tag-top-stories","27":"tag-topstories","28":"tag-ukraina","29":"tag-unia_europejska","30":"tag-usa","31":"tag-wiadomosci","32":"tag-world","33":"tag-world-news","34":"tag-worldnews"},"share_on_mastodon":{"url":"https:\/\/pubeurope.com\/@pl\/115614992786439562","error":""},"_links":{"self":[{"href":"https:\/\/www.europesays.com\/pl\/wp-json\/wp\/v2\/posts\/118826","targetHints":{"allow":["GET"]}}],"collection":[{"href":"https:\/\/www.europesays.com\/pl\/wp-json\/wp\/v2\/posts"}],"about":[{"href":"https:\/\/www.europesays.com\/pl\/wp-json\/wp\/v2\/types\/post"}],"author":[{"embeddable":true,"href":"https:\/\/www.europesays.com\/pl\/wp-json\/wp\/v2\/users\/2"}],"replies":[{"embeddable":true,"href":"https:\/\/www.europesays.com\/pl\/wp-json\/wp\/v2\/comments?post=118826"}],"version-history":[{"count":0,"href":"https:\/\/www.europesays.com\/pl\/wp-json\/wp\/v2\/posts\/118826\/revisions"}],"wp:featuredmedia":[{"embeddable":true,"href":"https:\/\/www.europesays.com\/pl\/wp-json\/wp\/v2\/media\/118827"}],"wp:attachment":[{"href":"https:\/\/www.europesays.com\/pl\/wp-json\/wp\/v2\/media?parent=118826"}],"wp:term":[{"taxonomy":"category","embeddable":true,"href":"https:\/\/www.europesays.com\/pl\/wp-json\/wp\/v2\/categories?post=118826"},{"taxonomy":"post_tag","embeddable":true,"href":"https:\/\/www.europesays.com\/pl\/wp-json\/wp\/v2\/tags?post=118826"}],"curies":[{"name":"wp","href":"https:\/\/api.w.org\/{rel}","templated":true}]}}