{"id":118838,"date":"2025-11-26T08:20:14","date_gmt":"2025-11-26T08:20:14","guid":{"rendered":"https:\/\/www.europesays.com\/pl\/118838\/"},"modified":"2025-11-26T08:20:14","modified_gmt":"2025-11-26T08:20:14","slug":"szydlo-broni-nawrockiego-po-slowach-o-unii-europejskiej-jasny-wpis-sikorskiego","status":"publish","type":"post","link":"https:\/\/www.europesays.com\/pl\/118838\/","title":{"rendered":"Szyd\u0142o broni Nawrockiego po s\u0142owach o Unii Europejskiej. Jasny wpis Sikorskiego"},"content":{"rendered":"<p class=\"ods-c-paragraph \">Jak pisali\u015bmy, <a href=\"https:\/\/wiadomosci.onet.pl\/kraj\/prezydent-chce-reformowac-ue-sikorski-krotko-rzad-go-nie-upowaznil\/g25m7fx\" id=\"28a5c5f2-a113-4763-aee7-dc294c9cb0c6\" rel=\"nofollow noopener\" target=\"_blank\">Karol Nawrocki w poniedzia\u0142ek, w ramach wizyty prezydenckiej w Czechach, wyg\u0142osi\u0142 w Pradze wyk\u0142ad<\/a>. Jak m\u00f3wi\u0142: &#8222;Unia Europejska jest naszym naturalnym \u015brodowiskiem politycznym. Ale powiedzmy sobie szczerze: nie jest to Unia naszych marze\u0144&#8221;. W swoim wyst\u0105pieniu Nawrocki zasugerowa\u0142 reform\u0119 wsp\u00f3lnoty.<\/p>\n<p class=\"ods-c-paragraph \">&#8222;Polska proponuje zniesienie stanowiska przewodnicz\u0105cego Rady Europejskiej. Przewodnicz\u0105cy rady musi by\u0107, jak poprzednio, prezydentem, premierem lub kanclerzem swojego kraju, czyli politykiem posiadaj\u0105cym mandat demokratyczny i w\u0142asne polityczne zaplecze&#8221; \u2014 czytamy w tek\u015bcie przem\u00f3wienia.<\/p>\n<p>Dalszy ci\u0105g artyku\u0142u pod materia\u0142em wideo<\/p>\n<p> Co m\u00f3wi\u0142 Karol Nawrocki o Unii Europejskiej? <\/p>\n<p> Jak zareagowa\u0142 Rados\u0142aw Sikorski na s\u0142owa Nawrockiego? <\/p>\n<p> Co Beata Szyd\u0142o powiedzia\u0142a w obronie Nawrockiego? <\/p>\n<p> Jakie stanowisko proponuje Polska w sprawie Unii Europejskiej? <\/p>\n<p class=\"ods-c-paragraph \">Na s\u0142owa prezydenta szybko zareagowa\u0142 MSZ. &#8222;Uprzejmie informuj\u0119, \u017ce Rada Ministr\u00f3w nie upowa\u017cni\u0142a Pana Prezydenta do sk\u0142adania propozycji zmiany traktat\u00f3w europejskich&#8221; \u2014 napisa\u0142 na X Rados\u0142aw Sikorski, szef polskiej dyplomacji.<\/p>\n<p> Beata Szyd\u0142o wzi\u0119\u0142a w obron\u0119 Karola Nawrockiego   <\/p>\n<p class=\"ods-c-paragraph \">W obron\u0119 prezydenta chcia\u0142a wzi\u0105\u0107 by\u0142a szefowa polskiego rz\u0105du Beata Szyd\u0142o, kt\u00f3ra nawet opublikowa\u0142a w mediach spo\u0142eczno\u015bciowych kr\u00f3ciutkie nagranie. Zwr\u00f3ci\u0142a si\u0119 w nim bezpo\u015brednio do Rados\u0142awa Sikorskiego.<\/p>\n<p class=\"ods-c-paragraph \">\u2014 Rada Ministr\u00f3w nie musi upowa\u017cnia\u0107 pana prezydenta do wyg\u0142aszania swoich opinii na temat funkcjonowania Unii Europejskiej \u2014 zacz\u0119\u0142a Szyd\u0142o. \u2014 Tak\u0105 opini\u0119 mo\u017ce wyg\u0142osi\u0107 ka\u017cdy z nas. Nie potrzebujemy pozwolenia rz\u0105du Donalda Tuska na to, aby krytykowa\u0107 czy te\u017c chwali\u0107 Uni\u0119 Europejsk\u0105.<\/p>\n<p>    Rados\u0142aw Sikorski odpowiada Beacie Szyd\u0142o<\/p>\n<p class=\"ods-c-paragraph \">Nie usz\u0142o to uwadze szefa MSZ. &#8222;Nie, pani europose\u0142. Pan Prezydent powiedzia\u0142, \u017ce \u00bbPolska\u00ab sk\u0142ada propozycje zmiany traktat\u00f3w. Tymczasem s\u0105 to na razie tylko jego osobiste pomys\u0142y&#8221; \u2014 odpowiedzia\u0142 na X Sikorski.<\/p>\n","protected":false},"excerpt":{"rendered":"Jak pisali\u015bmy, Karol Nawrocki w poniedzia\u0142ek, w ramach wizyty prezydenckiej w Czechach, wyg\u0142osi\u0142 w Pradze wyk\u0142ad. Jak m\u00f3wi\u0142:&hellip;\n","protected":false},"author":2,"featured_media":118839,"comment_status":"","ping_status":"","sticky":false,"template":"","format":"standard","meta":{"footnotes":""},"categories":[5],"tags":[25655,32,33,36,37,27,43,49,34,35,28,31,48,25,46,42,38,40,39,41,1118,47,29,30,86,26],"class_list":{"0":"post-118838","1":"post","2":"type-post","3":"status-publish","4":"format-standard","5":"has-post-thumbnail","7":"category-naglowki","8":"tag-beata_szydlo","9":"tag-breaking-news","10":"tag-breakingnews","11":"tag-featured-news","12":"tag-featurednews","13":"tag-headlines","14":"tag-karol_nawrocki","15":"tag-kraj","16":"tag-latest-news","17":"tag-latestnews","18":"tag-naglowki","19":"tag-najwazniejsze-artykuly","20":"tag-nat_styl","21":"tag-news","22":"tag-omp","23":"tag-pl","24":"tag-poland","25":"tag-polish","26":"tag-polska","27":"tag-polski","28":"tag-radoslaw_sikorski","29":"tag-screening_general","30":"tag-top-stories","31":"tag-topstories","32":"tag-unia_europejska","33":"tag-wiadomosci"},"share_on_mastodon":{"url":"https:\/\/pubeurope.com\/@pl\/115615027865899799","error":""},"_links":{"self":[{"href":"https:\/\/www.europesays.com\/pl\/wp-json\/wp\/v2\/posts\/118838","targetHints":{"allow":["GET"]}}],"collection":[{"href":"https:\/\/www.europesays.com\/pl\/wp-json\/wp\/v2\/posts"}],"about":[{"href":"https:\/\/www.europesays.com\/pl\/wp-json\/wp\/v2\/types\/post"}],"author":[{"embeddable":true,"href":"https:\/\/www.europesays.com\/pl\/wp-json\/wp\/v2\/users\/2"}],"replies":[{"embeddable":true,"href":"https:\/\/www.europesays.com\/pl\/wp-json\/wp\/v2\/comments?post=118838"}],"version-history":[{"count":0,"href":"https:\/\/www.europesays.com\/pl\/wp-json\/wp\/v2\/posts\/118838\/revisions"}],"wp:featuredmedia":[{"embeddable":true,"href":"https:\/\/www.europesays.com\/pl\/wp-json\/wp\/v2\/media\/118839"}],"wp:attachment":[{"href":"https:\/\/www.europesays.com\/pl\/wp-json\/wp\/v2\/media?parent=118838"}],"wp:term":[{"taxonomy":"category","embeddable":true,"href":"https:\/\/www.europesays.com\/pl\/wp-json\/wp\/v2\/categories?post=118838"},{"taxonomy":"post_tag","embeddable":true,"href":"https:\/\/www.europesays.com\/pl\/wp-json\/wp\/v2\/tags?post=118838"}],"curies":[{"name":"wp","href":"https:\/\/api.w.org\/{rel}","templated":true}]}}