{"id":118844,"date":"2025-11-26T08:26:10","date_gmt":"2025-11-26T08:26:10","guid":{"rendered":"https:\/\/www.europesays.com\/pl\/118844\/"},"modified":"2025-11-26T08:26:10","modified_gmt":"2025-11-26T08:26:10","slug":"rozbity-gang-narkotykowy-z-podlasia-19-osob-zatrzymanych-wideo","status":"publish","type":"post","link":"https:\/\/www.europesays.com\/pl\/118844\/","title":{"rendered":"Rozbity gang narkotykowy z Podlasia. 19 os\u00f3b zatrzymanych [WIDEO]"},"content":{"rendered":"<ul class=\"UnorderedList_container__nmfSl\">\n<li class=\"UnorderedList_listElement__Py7xi\" data-id=\"ai-summary-link\">Du\u017co czytania, a ma\u0142o czasu? Sprawd\u017a\u00a0skr\u00f3t\u00a0artyku\u0142u<\/li>\n<\/ul>\n<p class=\"Paragraph_desktopParagraph__U31Gm\">Na trop przest\u0119pczego procederu wpadli <a href=\"https:\/\/wiadomosci.onet.pl\/cbsp\" id=\"d81e169f-7d30-4aa6-b66d-05bd2e5e2789\" rel=\"nofollow noopener\" target=\"_blank\">funkcjonariusze CB\u015aP<\/a>, dzia\u0142aj\u0105c pod nadzorem pomorskiego wydzia\u0142u Prokuratury Krajowej w Gda\u0144sku. \u015aledztwo w tej sprawie prowadzili od kilku miesi\u0119cy. Dotyczy ono dzia\u0142alno\u015bci zorganizowanej grupy przest\u0119pczej funkcjonuj\u0105cej na terenie wojew\u00f3dztwa podlaskiego.<\/p>\n<p>Trzy du\u017ce akcje CB\u015aP <\/p>\n<p class=\"Paragraph_desktopParagraph__U31Gm\">Ustalenia \u015bledczych wskazuj\u0105, \u017ce cz\u0142onkowie gangu mieli zajmowa\u0107 si\u0119 produkcj\u0105 i dystrybucj\u0105 <a href=\"https:\/\/wiadomosci.onet.pl\/krakow\/wielka-operacja-sluzb-przeciwko-pseudokibicom-ponad-100-funkcjonariuszy-w-akcji-wideo\/byd8r4j\" id=\"49f7cedd-4ec7-41b3-93cb-a97db87423a8\" rel=\"nofollow noopener\" target=\"_blank\">znacznych ilo\u015bci \u015brodk\u00f3w odurzaj\u0105cych<\/a> i substancji psychotropowych. Funkcjonariusze CB\u015aP przeprowadzili trzy du\u017ce akcje, kt\u00f3re doprowadzi\u0142y do rozbicia grupy.<\/p>\n<p class=\"Paragraph_desktopParagraph__U31Gm\">\u2014 W trakcie pierwszej realizacji, w styczniu br. zatrzymano dwie osoby oraz zabezpieczono miejsca wykorzystywane do przechowywania du\u017cych partii narkotyk\u00f3w. Podczas przeszuka\u0144 funkcjonariusze ujawnili oko\u0142o 120 kg substancji zabronionych, w tym kokain\u0119, amfetamin\u0119, marihuan\u0119, 3-CMC, 4-CMC oraz MDMA. Zabezpieczono r\u00f3wnie\u017c ponad 50 tys. z\u0142 w r\u00f3\u017cnych walutach \u2014 relacjonuje kom. Krzysztof Wrze\u015bniowski, rzecznik CB\u015aP.<\/p>\n<p class=\"Paragraph_desktopParagraph__U31Gm\">Zatrzymani zostali doprowadzeni do pomorskiego wydzia\u0142u Prokuratury Krajowej w Gda\u0144sku. Us\u0142yszeli tam zarzuty dotycz\u0105ce udzia\u0142u w zorganizowanej grupie przest\u0119pczej oraz przest\u0119pstw narkotykowych.<\/p>\n<ul class=\"OchatFollowUps_wrapper__1ry7X\">\n<li class=\"OchatFollowUps_item__Dhyly OchatFollowUps_itemDesktop__R6aBv\">Ile os\u00f3b zosta\u0142o zatrzymanych w zwi\u0105zku z gangiem narkotykowym?<\/li>\n<li class=\"OchatFollowUps_item__Dhyly OchatFollowUps_itemDesktop__R6aBv\">Jakie substancje zabezpieczono podczas akcji?<\/li>\n<li class=\"OchatFollowUps_item__Dhyly OchatFollowUps_itemDesktop__R6aBv\">Ile zarzut\u00f3w us\u0142ysza\u0142y osoby zwi\u0105zane z gangiem?<\/li>\n<li class=\"OchatFollowUps_item__Dhyly OchatFollowUps_itemDesktop__R6aBv\">Kiedy mia\u0142a miejsce ostatnia akcja CB\u015aP?<\/li>\n<\/ul>\n<p class=\"Paragraph_desktopParagraph__U31Gm\">Kolejne dzia\u0142ania przeprowadzono w kwietniu br. W ich efekcie zatrzymano dziewi\u0119\u0107 os\u00f3b podejrzewanych o kierowanie i udzia\u0142 w grupie przest\u0119pczej oraz liczne przest\u0119pstwa narkotykowe. Wszystkim przedstawiono stosowne zarzuty.<\/p>\n<p>22 osoby podejrzane w sprawie. Maj\u0105 35 r\u00f3\u017cnych zarzut\u00f3w <\/p>\n<p class=\"Paragraph_desktopParagraph__U31Gm\">\u2014 W ostatniej realizacji, kt\u00f3ra mia\u0142a miejsce na pocz\u0105tku listopada, zatrzymano kolejnych siedmiu podejrzanych. Funkcjonariusze zabezpieczyli ponad 11 kg r\u00f3\u017cnego rodzaju narkotyk\u00f3w oraz mienie o warto\u015bci przekraczaj\u0105cej 100 tys. z\u0142. Ujawniono r\u00f3wnie\u017c \u015brodki p\u0142atnicze nosz\u0105ce \u015blady podrobienia, kt\u00f3re przekazano do dalszych bada\u0144 \u2014 informuje kom. Wrze\u015bniowski.<\/p>\n<p class=\"Paragraph_desktopParagraph__U31Gm\">W trakcie wszystkich akcji funkcjonariusze CB\u015aP byli wspierani przez mundurowych z Komendy Wojew\u00f3dzkiej Policji w Bia\u0142ymstoku, Samodzielnego Pododdzia\u0142u Kontrterrorystycznego Policji w tym mie\u015bcie oraz Zespo\u0142\u00f3w Specjalnych CB\u015aP.<\/p>\n<p><img decoding=\"async\" class=\"Image_image__0tuHp Image_autoHeight__f2n87 \" height=\"587\" width=\"880\" src=\"https:\/\/www.europesays.com\/pl\/wp-content\/uploads\/2025\/11\/2FVk9kpTURBXy9mZTNhMTdhYjQyM2U0MTcxNWZjOTE3YjhiYzM4NzQ2OC5qcGeSlQLNA6wAwsOVAgDNAkvCw94AA6EwAaExAaEzw.jpeg\" alt=\"Funkcjonariusze CB\u015aP zabezpieczyli ponad 120 kg r\u00f3\u017cnych narkotyk\u00f3w\" loading=\"lazy\" \/>CB\u015aP \/ mat. prasowe<\/p>\n<p>Funkcjonariusze CB\u015aP zabezpieczyli ponad 120 kg r\u00f3\u017cnych narkotyk\u00f3w<\/p>\n<p class=\"Paragraph_desktopParagraph__U31Gm\">\u2014 Do tej pory w ca\u0142ej sprawie status podejrzanych ma 22 osoby, kt\u00f3rym prokurator przedstawi\u0142 \u0142\u0105cznie 35 zarzut\u00f3w, w tym dotycz\u0105ce udzia\u0142u w zorganizowanej grupie przest\u0119pczej, a jednej osobie \u2014 kierowania ni\u0105. S\u0105d zastosowa\u0142 tymczasowe aresztowanie wobec 13 podejrzanych \u2014 wylicza Krzysztof Wrze\u015bniowski.<\/p>\n<p class=\"Paragraph_desktopParagraph__U31Gm\">\u0141\u0105cznie zabezpieczono ponad 130 kg r\u00f3\u017cnego rodzaju narkotyk\u00f3w oraz mienie warte ponad 625 tys. z\u0142. \u015aledztwo w tej sprawie trwa. CB\u015aP i Prokuratura Krajowa kontynuuj\u0105 czynno\u015bci maj\u0105ce na celu ustalenie wszystkich os\u00f3b zaanga\u017cowanych w proceder.<\/p>\n","protected":false},"excerpt":{"rendered":"Du\u017co czytania, a ma\u0142o czasu? Sprawd\u017a\u00a0skr\u00f3t\u00a0artyku\u0142u Na trop przest\u0119pczego procederu wpadli funkcjonariusze CB\u015aP, dzia\u0142aj\u0105c pod nadzorem pomorskiego wydzia\u0142u&hellip;\n","protected":false},"author":2,"featured_media":118845,"comment_status":"","ping_status":"","sticky":false,"template":"","format":"standard","meta":{"footnotes":""},"categories":[12],"tags":[32,33,4383,36,37,27,34,35,28,31,3293,53,25,52,68,51,55,42,38,251,40,39,41,349,1666,47,29,30,65,50,26,6339],"class_list":{"0":"post-118844","1":"post","2":"type-post","3":"status-publish","4":"format-standard","5":"has-post-thumbnail","7":"category-polska","8":"tag-breaking-news","9":"tag-breakingnews","10":"tag-cbsp","11":"tag-featured-news","12":"tag-featurednews","13":"tag-headlines","14":"tag-latest-news","15":"tag-latestnews","16":"tag-naglowki","17":"tag-najwazniejsze-artykuly","18":"tag-narkotyki_narkotyk_narkomania_narkoman_narkomani_handel_przemyt_kartele","19":"tag-new_header","20":"tag-news","21":"tag-onet3","22":"tag-onet3d","23":"tag-onet3d_2i","24":"tag-phx","25":"tag-pl","26":"tag-poland","27":"tag-policja_policjanci_policjant_policjantka_policjantki","28":"tag-polish","29":"tag-polska","30":"tag-polski","31":"tag-prokuratura_prokurator_prokuratorzy","32":"tag-przestepstwo","33":"tag-screening_general","34":"tag-top-stories","35":"tag-topstories","36":"tag-update_me","37":"tag-v2021","38":"tag-wiadomosci","39":"tag-wojewodztwo_podlaskie_podlasie"},"share_on_mastodon":{"url":"","error":"Validation failed: Text character limit of 500 exceeded"},"_links":{"self":[{"href":"https:\/\/www.europesays.com\/pl\/wp-json\/wp\/v2\/posts\/118844","targetHints":{"allow":["GET"]}}],"collection":[{"href":"https:\/\/www.europesays.com\/pl\/wp-json\/wp\/v2\/posts"}],"about":[{"href":"https:\/\/www.europesays.com\/pl\/wp-json\/wp\/v2\/types\/post"}],"author":[{"embeddable":true,"href":"https:\/\/www.europesays.com\/pl\/wp-json\/wp\/v2\/users\/2"}],"replies":[{"embeddable":true,"href":"https:\/\/www.europesays.com\/pl\/wp-json\/wp\/v2\/comments?post=118844"}],"version-history":[{"count":0,"href":"https:\/\/www.europesays.com\/pl\/wp-json\/wp\/v2\/posts\/118844\/revisions"}],"wp:featuredmedia":[{"embeddable":true,"href":"https:\/\/www.europesays.com\/pl\/wp-json\/wp\/v2\/media\/118845"}],"wp:attachment":[{"href":"https:\/\/www.europesays.com\/pl\/wp-json\/wp\/v2\/media?parent=118844"}],"wp:term":[{"taxonomy":"category","embeddable":true,"href":"https:\/\/www.europesays.com\/pl\/wp-json\/wp\/v2\/categories?post=118844"},{"taxonomy":"post_tag","embeddable":true,"href":"https:\/\/www.europesays.com\/pl\/wp-json\/wp\/v2\/tags?post=118844"}],"curies":[{"name":"wp","href":"https:\/\/api.w.org\/{rel}","templated":true}]}}