{"id":118862,"date":"2025-11-26T08:47:11","date_gmt":"2025-11-26T08:47:11","guid":{"rendered":"https:\/\/www.europesays.com\/pl\/118862\/"},"modified":"2025-11-26T08:47:11","modified_gmt":"2025-11-26T08:47:11","slug":"snieg-wraca-do-polski-pogoda-w-srode-z-intensywnymi-sniezycami","status":"publish","type":"post","link":"https:\/\/www.europesays.com\/pl\/118862\/","title":{"rendered":"\u015anieg wraca do Polski. Pogoda w \u015brod\u0119 z intensywnymi \u015bnie\u017cycami"},"content":{"rendered":"<p class=\"typography ids-typeset-body ids-typeset-body--preset-large link paragraph ids-paragraph ids-paragraph--default\">Front atmosferyczny zbli\u017cy\u0142 si\u0119 do Polski od po\u0142udniowego zachodu i w kolejnych godzinach b\u0119dzie si\u0119 przemieszcza\u0107 w stron\u0119 centrum i na p\u00f3\u0142nocny wsch\u00f3d. Spokojniej b\u0119dzie na p\u00f3\u0142nocnym zachodzie oraz na po\u0142udniowym wschodzie &#8211; wynika z prognoz Instytutu Meteorologii i Gospodarki Wodnej. Na rozpogodzenia nie ma jednak szans.<\/p>\n<p>\u015anieg spadnie w wi\u0119kszo\u015bci kraju. Mocniej sypnie po po\u0142udniu<\/p>\n<p class=\"typography ids-typeset-body ids-typeset-body--preset-large link paragraph ids-paragraph ids-paragraph--default\">W wielu miejscach kraju, zw\u0142aszcza w rejonie Dolnego \u015al\u0105ska, zacz\u0119\u0142o sypa\u0107 w nocy z wtorku na \u015brod\u0119. Chocia\u017c wed\u0142ug IMGW &#8222;nat\u0119\u017cenie opad\u00f3w \u015bniegu w ostatnim czasie os\u0142ab\u0142o, a miejscami opady \u015bniegu w og\u00f3le zanik\u0142y&#8221;, i przez pewien czas b\u0119dzie spokojniej, to &#8222;ponowny wzrost nat\u0119\u017cenia opad\u00f3w wyst\u0105pi w godzinach oko\u0142opo\u0142udniowych&#8221; &#8211; czytamy w opisie ostrze\u017ce\u0144 pogodowych.<\/p>\n<p class=\"typography ids-typeset-body ids-typeset-body--preset-large link paragraph ids-paragraph ids-paragraph--default\">Na terenach po\u0142o\u017conych bardziej na p\u00f3\u0142noc, czyli w rejonie Warmii\u00a0i Mazur, silniejszych \u015bnie\u017cyc\u00a0mo\u017cna si\u0119 spodziewa\u0107 wieczorem.<\/p>\n<p class=\"typography ids-typeset-body ids-typeset-body--preset-large link paragraph ids-paragraph ids-paragraph--default\">Ca\u0142y czas aktualne s\u0105 pomara\u0144czowe i \u017c\u00f3\u0142te alerty IMGW, kt\u00f3re pokrywaj\u0105 rozleg\u0142y obszar ci\u0105gn\u0105cy si\u0119 od Dolnego\u00a0\u015al\u0105ska, Opolszczyzny\u00a0i zachodniej cz\u0119\u015bci Ma\u0142opolski\u00a0przez wschodni\u0105 Wielkopolsk\u0119, Ziemi\u0119\u00a0\u0141\u00f3dzk\u0105, Kujawy, po Warmi\u0119\u00a0i Mazury.<\/p>\n<p class=\"typography ids-typeset-body ids-typeset-body--preset-large link paragraph ids-paragraph ids-paragraph--default\">We wtorek po po\u0142udniu w zwi\u0105zku z prognozowanymi \u015bnie\u017cycami swoje ostrze\u017cenia dla 9 z tych wojew\u00f3dztw wyda\u0142o r\u00f3wnie\u017c Rz\u0105dowe Centrum Bezpiecze\u0144stwa.<\/p>\n<p class=\"typography ids-typeset-body ids-typeset-body--preset-large link paragraph ids-paragraph ids-paragraph--default\">Mo\u017cliwe, \u017ce w \u015brod\u0119 miejscami przyrost pokrywy \u015bnie\u017cnej mo\u017ce si\u0119gn\u0105\u0107 20-25 cm. Opad\u00f3w \u015bniegu mo\u017cna te\u017c spodziewa\u0107 si\u0119 w Karpatach. Specjali\u015bci z IMGW zwracaj\u0105 uwag\u0119, \u017ce podczas \u015bnie\u017cyc widzialno\u015b\u0107 mo\u017ce spada\u0107 do oko\u0142o 200 metr\u00f3w.<\/p>\n<p><img decoding=\"async\" class=\"ids-image-holder__img\" loading=\"lazy\" alt=\"Kolorowa mapa Europy z czytelnym zaznaczeniem uk\u0142ad\u00f3w barycznych, stref opad\u00f3w i zachmurzenia. W centrum Europy dominuje ni\u017c z oznaczeniem L, widoczne s\u0105 trajektorie opad\u00f3w oraz temperatury powietrza. P\u00f3\u0142noc i wsch\u00f3d kontynentu pokryte s\u0105 stref\u0105 fiolet...\" title=\"Strefa intensywnych \u015bnie\u017cyc w \u015brod\u0119 rozci\u0105gnie si\u0119 od po\u0142udniowego zachodu przez centrum po p\u00f3\u0142nocy wsch\u00f3d Polski\" width=\"1025\" height=\"714\" src=\"https:\/\/www.europesays.com\/pl\/wp-content\/uploads\/2025\/11\/000LZ9ASISH3V8JY-C322-F4.webp.webp\"\/><\/p>\n<p>Strefa intensywnych \u015bnie\u017cyc w \u015brod\u0119 rozci\u0105gnie si\u0119 od po\u0142udniowego zachodu przez centrum po p\u00f3\u0142nocy wsch\u00f3d PolskiWXChartsmateria\u0142 zewn\u0119trzny<\/p>\n<p class=\"typography ids-typeset-body ids-typeset-body--preset-large link paragraph ids-paragraph ids-paragraph--default\">Cho\u0107 we wschodniej Polsce b\u0119dzie spokojniej, to nie oznacza, \u017ce zrobi si\u0119 sucho. Tam b\u0119dzie pada\u0107 deszcz, miejscami bardziej intensywnie, z sumami opad\u00f3w dochodz\u0105cymi do 10-15 litr\u00f3w wody na metr kwadratowy. Na p\u00f3\u0142nocnym wschodzie deszcz mo\u017ce by\u0107 marzn\u0105cy i powodowa\u0107 go\u0142oled\u017a.<\/p>\n<p>Pogoda z niepe\u0142n\u0105 zim\u0105. Miejscami sporo na plusie<\/p>\n<p class=\"typography ids-typeset-body ids-typeset-body--preset-large link paragraph ids-paragraph ids-paragraph--default\">Pomimo intensywnych opad\u00f3w \u015bniegu nie wsz\u0119dzie temperatury b\u0119d\u0105 zimowe. Miejscami na wschodzie i po\u0142udniowym wschodzie termometry poka\u017c\u0105 od 4 do nawet 9 stopni Celsjusza. Tam \u015bnieg si\u0119 nie utrzyma.<\/p>\n<p class=\"typography ids-typeset-body ids-typeset-body--preset-large link paragraph ids-paragraph ids-paragraph--default\">Na Opolszczy\u017anie, \u015al\u0105sku oraz Warmii i Mazurach w najcieplejszych dniach b\u0119dzie ko\u0142o zera, a miejscami panowa\u0107 b\u0119dzie lekki mr\u00f3z. W wi\u0119kszo\u015bci kraju b\u0119dzie od -1 do 3 stopni powy\u017cej zera.<\/p>\n<p class=\"typography ids-typeset-body ids-typeset-body--preset-large link paragraph ids-paragraph ids-paragraph--default\">Wiatr\u00a0b\u0119dzie przewa\u017cnie s\u0142aby i umiarkowany, cho\u0107 na Wybrze\u017cu podmuchy mog\u0105 osi\u0105ga\u0107 do 65 km\/h. Najmocniej powieje w Sudetach: do\u00a0100 km\/h, a w Karpatach\u00a0do 70 km\/h, co mo\u017ce powodowa\u0107 zawieje i zamiecie \u015bnie\u017cne.<\/p>\n<p>Haniebny wpis izraelskiego instytutu o Polsce. By\u0142y szef MSZ w &#8221;Go\u015bciu Wydarze\u0144&#8221;: Musimy przyj\u0105\u0107, \u017ce Izrael to trudny partnerPolsat NewsPolsat News<\/p>\n<p><a class=\"ids-undecorated-link source ids-page-info--source__link\" href=\"https:\/\/www.interia.pl\" rel=\"nofollow noopener\" target=\"_blank\"><img decoding=\"async\" class=\"ids-image-holder__img\" loading=\"lazy\" alt=\"\" title=\"\" height=\"24px\" src=\"https:\/\/www.europesays.com\/pl\/wp-content\/uploads\/2025\/11\/1763998694_431_0009A60QQ5I2TYF7-C202-F4.webp.webp\"\/><\/a><\/p>\n<p>Masz sugestie, uwagi albo widzisz b\u0142\u0105d? Napisz do nas<\/p>\n","protected":false},"excerpt":{"rendered":"Front atmosferyczny zbli\u017cy\u0142 si\u0119 do Polski od po\u0142udniowego zachodu i w kolejnych godzinach b\u0119dzie si\u0119 przemieszcza\u0107 w stron\u0119&hellip;\n","protected":false},"author":2,"featured_media":118863,"comment_status":"","ping_status":"","sticky":false,"template":"","format":"standard","meta":{"footnotes":""},"categories":[12],"tags":[32,33,36,37,27,34,35,28,31,25,42,38,40,39,41,29,30,26],"class_list":{"0":"post-118862","1":"post","2":"type-post","3":"status-publish","4":"format-standard","5":"has-post-thumbnail","7":"category-polska","8":"tag-breaking-news","9":"tag-breakingnews","10":"tag-featured-news","11":"tag-featurednews","12":"tag-headlines","13":"tag-latest-news","14":"tag-latestnews","15":"tag-naglowki","16":"tag-najwazniejsze-artykuly","17":"tag-news","18":"tag-pl","19":"tag-poland","20":"tag-polish","21":"tag-polska","22":"tag-polski","23":"tag-top-stories","24":"tag-topstories","25":"tag-wiadomosci"},"share_on_mastodon":{"url":"https:\/\/pubeurope.com\/@pl\/115615134275395736","error":""},"_links":{"self":[{"href":"https:\/\/www.europesays.com\/pl\/wp-json\/wp\/v2\/posts\/118862","targetHints":{"allow":["GET"]}}],"collection":[{"href":"https:\/\/www.europesays.com\/pl\/wp-json\/wp\/v2\/posts"}],"about":[{"href":"https:\/\/www.europesays.com\/pl\/wp-json\/wp\/v2\/types\/post"}],"author":[{"embeddable":true,"href":"https:\/\/www.europesays.com\/pl\/wp-json\/wp\/v2\/users\/2"}],"replies":[{"embeddable":true,"href":"https:\/\/www.europesays.com\/pl\/wp-json\/wp\/v2\/comments?post=118862"}],"version-history":[{"count":0,"href":"https:\/\/www.europesays.com\/pl\/wp-json\/wp\/v2\/posts\/118862\/revisions"}],"wp:featuredmedia":[{"embeddable":true,"href":"https:\/\/www.europesays.com\/pl\/wp-json\/wp\/v2\/media\/118863"}],"wp:attachment":[{"href":"https:\/\/www.europesays.com\/pl\/wp-json\/wp\/v2\/media?parent=118862"}],"wp:term":[{"taxonomy":"category","embeddable":true,"href":"https:\/\/www.europesays.com\/pl\/wp-json\/wp\/v2\/categories?post=118862"},{"taxonomy":"post_tag","embeddable":true,"href":"https:\/\/www.europesays.com\/pl\/wp-json\/wp\/v2\/tags?post=118862"}],"curies":[{"name":"wp","href":"https:\/\/api.w.org\/{rel}","templated":true}]}}