{"id":118878,"date":"2025-11-26T09:02:17","date_gmt":"2025-11-26T09:02:17","guid":{"rendered":"https:\/\/www.europesays.com\/pl\/118878\/"},"modified":"2025-11-26T09:02:17","modified_gmt":"2025-11-26T09:02:17","slug":"hansi-flick-wsciekly-po-blamazu-barcelony-wskazal-winnego","status":"publish","type":"post","link":"https:\/\/www.europesays.com\/pl\/118878\/","title":{"rendered":"Hansi Flick w\u015bciek\u0142y po blama\u017cu Barcelony. Wskaza\u0142 winnego"},"content":{"rendered":"<p class=\"typography ids-typeset-body ids-typeset-body--preset-large link paragraph ids-paragraph ids-paragraph--default\">Do wtorkowego meczu z <a href=\"https:\/\/sport.interia.pl\/pilka-nozna\/druzyna-chelsea,spti,3369\" rel=\"nofollow noopener\" target=\"_blank\">Chelsea<\/a> Barcelona podchodzi\u0142a z pozycji klubu, kt\u00f3ry w poprzednich kilkudziesi\u0119ciu spotkaniach w Lidze Mistrz\u00f3w zawsze przynajmniej raz trafia\u0142 do siatki. Starcie to od razu by\u0142o okrzykni\u0119te jednym z hit\u00f3w pi\u0105tek kolejki fazy ligowej.<\/p>\n<p class=\"typography ids-typeset-body ids-typeset-body--preset-large link paragraph ids-paragraph ids-paragraph--default\">Ostatecznie byli\u015bmy \u015bwiadkami trzech bramek, ale ka\u017cd\u0105 z nich zdobywali pi\u0142karze Enzo Maresci. Katalo\u0144ski zesp\u00f3\u0142 przegra\u0142 0:3\u00a0i tylko VAR ratowa\u0142 go przed jeszcze wi\u0119kszym blama\u017cem. Gdyby nie kilkucentymetrowe spalone, wymiar pora\u017cki Barcelony by\u0142by jeszcze wy\u017cszy i bardziej bolesny.<\/p>\n<p>Hansi Flick o zwyci\u0119skim powrocie na Camp Nou. &#8222;Idealny dzie\u0144&#8221;. WIDEOAssociated Press\u00a9 2025 Associated Press<\/p>\n<p>Hansi Flick wprost po koszmarnym meczu Barcelony: Nie jest \u0142atwo gra\u0107 przeciwko takiej dru\u017cynie<\/p>\n<p class=\"typography ids-typeset-body ids-typeset-body--preset-large link paragraph ids-paragraph ids-paragraph--default\">Od 44. minuty go\u015bcie musieli gra\u0107 w os\u0142abieniu. Drug\u0105 \u017c\u00f3\u0142t\u0105 i w konsekwencji czerwon\u0105 kartk\u0119 obejrza\u0142 <a href=\"https:\/\/sport.interia.pl\/pilka-nozna\/profil-ronald-araujo,sppi,2898\" rel=\"nofollow noopener\" target=\"_blank\">Ronald Araujo<\/a>. Najpierw Urugwajczyk otrzyma\u0142 kartonik za wyk\u0142\u00f3canie si\u0119 z arbitrem po jednej z akcji, a nast\u0119pnie pod koniec pierwszej po\u0142owy wykona\u0142 kompletnie sp\u00f3\u017aniony w\u015blizg, wprost na nogi rozp\u0119dzonego Marca Cucurelli. S\u0119dzia nie m\u00f3g\u0142 podj\u0105\u0107 innej decyzji.<\/p>\n<p class=\"typography ids-typeset-body ids-typeset-body--preset-large link paragraph ids-paragraph ids-paragraph--default\">W drugiej cz\u0119\u015bci gry gospodarze &#8222;postawili kropk\u0119 nad i&#8221;. Na list\u0119 strzelc\u00f3w wpisali si\u0119 Estevao i Liam Delap. Araujo os\u0142abi\u0142 swoj\u0105 dru\u017cyn\u0119 do tego stopnia, \u017ce ta w du\u017cej mierze musia\u0142a skupi\u0107 si\u0119 na defensywie, ni\u017c odrabianiu strat. W efekcie nie zdoby\u0142a ani jednej bramki. Urugwajski defensor zn\u00f3w zosta\u0142 antybohaterem Barcelony. Podczas konferencji prasowej nie ukrywa\u0142 tego sam <a href=\"https:\/\/sport.interia.pl\/pilka-nozna\/profil-hans-dieter-flick,sppi,36768\" rel=\"nofollow noopener\" target=\"_blank\">Hansi Flick<\/a>.<\/p>\n<blockquote role=\"blockquote\" class=\"quote ids-quote ids-quote--nosurface--short--medium\"><p>Czerwona kartka wszystko zmienia, szczeg\u00f3lnie przeciwko tak fantastycznemu zespo\u0142owi. Ci\u0119\u017cko jest wr\u00f3ci\u0107 do meczu, maj\u0105c dziesi\u0119ciu zawodnik\u00f3w, graj\u0105c z jednym mniejt\u0142umaczy\u0142.<\/p><\/blockquote>\n<p class=\"typography ids-typeset-body ids-typeset-body--preset-large link paragraph ids-paragraph ids-paragraph--default\">Nast\u0119pnie Niemiec skupi\u0142 si\u0119 na podsumowaniu tego, co zrobi\u0142 Araujo. &#8211; Przy pierwszej \u017c\u00f3\u0142tej kartce nie wiem nawet dok\u0142adnie, co si\u0119 sta\u0142o. Musz\u0119 z nim porozmawia\u0107, obejrze\u0107 powt\u00f3rki, przeanalizowa\u0107 to wszystko. Drugi faul m\u00f3g\u0142 si\u0119 zdarzy\u0107, ale nie powinien wykonywa\u0107 w\u015blizgu w takiej sytuacji. Musimy go (Araujo &#8211; red.) prowadzi\u0107, uczy\u0107 co powinien robi\u0107. Takie rzeczy si\u0119 zdarzaj\u0105 w pi\u0142ce, ale to nie by\u0142 dobry moment &#8211; doda\u0142.<\/p>\n<p class=\"typography ids-typeset-body ids-typeset-body--preset-large link paragraph ids-paragraph ids-paragraph--default\">M\u00f3wi\u0105c kr\u00f3tko, szkoleniowiec mistrz\u00f3w Hiszpanii nie ukrywa\u0142 rozgoryczenia, ale jednocze\u015bnie nie przekre\u015bla\u0142 swojego zespo\u0142u. &#8211; Nie jest \u0142atwo gra\u0107 przeciwko takiej dru\u017cynie.\u00a0Widz\u0119 te\u017c pozytywne rzeczy,\u00a0patrz\u0119 z optymizmem na kolejne spotkania &#8211; m\u00f3wi\u0142.<\/p>\n<p class=\"typography ids-typeset-body ids-typeset-body--preset-large link paragraph ids-paragraph ids-paragraph--default\">Po pi\u0119ciu kolejach fazy ligowej Ligi Mistrz\u00f3w <a href=\"https:\/\/sport.interia.pl\/pilka-nozna\/druzyna-fc-barcelona,spti,3390\" rel=\"nofollow noopener\" target=\"_blank\">FC Barcelona<\/a> zajmuje 15. miejsce z siedmioma punktami na koncie.<\/p>\n<p><img decoding=\"async\" class=\"ids-image-holder__img\" loading=\"lazy\" alt=\"Ronald Araujo\" title=\"Ronald Araujo\" width=\"6000\" height=\"4000\" src=\"https:\/\/www.europesays.com\/pl\/wp-content\/uploads\/2025\/10\/1760885650_367_000L3ZYOV2LWQ1VB-C322-F4.webp.webp\"\/><\/p>\n<p>Ronald AraujoJOSE BRETON \/ NURPHOTO \/ NURPHOTO VIA AFPAFP<\/p>\n<p><img decoding=\"async\" class=\"ids-image-holder__img\" loading=\"lazy\" alt=\"M\u0119\u017cczyzna o kr\u00f3tkich w\u0142osach i zarostem ubrany w granatow\u0105 bluz\u0119 sportow\u0105 z herbem klubu pi\u0142karskiego oraz \u017c\u00f3\u0142tym elementem, stoi na tle jasnych paneli sufitowych i patrzy powa\u017cnie w bok.\" title=\"Hansi Flick\" width=\"2000\" height=\"1333\" src=\"https:\/\/www.europesays.com\/pl\/wp-content\/uploads\/2025\/11\/000LVYO7DSXCWJX3-C322-F4.webp.webp\"\/><\/p>\n<p>Hansi FlickJOSEP LAGOEast News<\/p>\n<p><img decoding=\"async\" class=\"ids-image-holder__img\" loading=\"lazy\" alt=\"M\u0119\u017cczyzna w \u015brednim wieku, ubrany w ciemn\u0105 bluz\u0119, energicznie gestykuluje stoj\u0105c na tle rozmytej widowni stadionu sportowego.\" title=\"Hansi Flick\" width=\"1745\" height=\"1080\" src=\"https:\/\/www.europesays.com\/pl\/wp-content\/uploads\/2025\/10\/000LT2VEY04IATEH-C322-F4.webp.webp\"\/><\/p>\n<p>Hansi FlickAFP<\/p>\n<p><a class=\"ids-undecorated-link source ids-page-info--source__link\" href=\"https:\/\/www.interia.pl\" rel=\"nofollow noopener\" target=\"_blank\"><img decoding=\"async\" class=\"ids-image-holder__img\" loading=\"lazy\" alt=\"\" title=\"\" height=\"24px\" src=\"https:\/\/www.europesays.com\/pl\/wp-content\/uploads\/2025\/11\/1763998694_431_0009A60QQ5I2TYF7-C202-F4.webp.webp\"\/><\/a><\/p>\n<p>Masz sugestie, uwagi albo widzisz b\u0142\u0105d? Napisz do nas<\/p>\n","protected":false},"excerpt":{"rendered":"Do wtorkowego meczu z Chelsea Barcelona podchodzi\u0142a z pozycji klubu, kt\u00f3ry w poprzednich kilkudziesi\u0119ciu spotkaniach w Lidze Mistrz\u00f3w&hellip;\n","protected":false},"author":2,"featured_media":118879,"comment_status":"","ping_status":"","sticky":false,"template":"","format":"standard","meta":{"footnotes":""},"categories":[5],"tags":[32,33,36,37,27,34,35,28,31,25,42,38,40,39,41,29,30,26],"class_list":{"0":"post-118878","1":"post","2":"type-post","3":"status-publish","4":"format-standard","5":"has-post-thumbnail","7":"category-naglowki","8":"tag-breaking-news","9":"tag-breakingnews","10":"tag-featured-news","11":"tag-featurednews","12":"tag-headlines","13":"tag-latest-news","14":"tag-latestnews","15":"tag-naglowki","16":"tag-najwazniejsze-artykuly","17":"tag-news","18":"tag-pl","19":"tag-poland","20":"tag-polish","21":"tag-polska","22":"tag-polski","23":"tag-top-stories","24":"tag-topstories","25":"tag-wiadomosci"},"share_on_mastodon":{"url":"https:\/\/pubeurope.com\/@pl\/115615193335234864","error":""},"_links":{"self":[{"href":"https:\/\/www.europesays.com\/pl\/wp-json\/wp\/v2\/posts\/118878","targetHints":{"allow":["GET"]}}],"collection":[{"href":"https:\/\/www.europesays.com\/pl\/wp-json\/wp\/v2\/posts"}],"about":[{"href":"https:\/\/www.europesays.com\/pl\/wp-json\/wp\/v2\/types\/post"}],"author":[{"embeddable":true,"href":"https:\/\/www.europesays.com\/pl\/wp-json\/wp\/v2\/users\/2"}],"replies":[{"embeddable":true,"href":"https:\/\/www.europesays.com\/pl\/wp-json\/wp\/v2\/comments?post=118878"}],"version-history":[{"count":0,"href":"https:\/\/www.europesays.com\/pl\/wp-json\/wp\/v2\/posts\/118878\/revisions"}],"wp:featuredmedia":[{"embeddable":true,"href":"https:\/\/www.europesays.com\/pl\/wp-json\/wp\/v2\/media\/118879"}],"wp:attachment":[{"href":"https:\/\/www.europesays.com\/pl\/wp-json\/wp\/v2\/media?parent=118878"}],"wp:term":[{"taxonomy":"category","embeddable":true,"href":"https:\/\/www.europesays.com\/pl\/wp-json\/wp\/v2\/categories?post=118878"},{"taxonomy":"post_tag","embeddable":true,"href":"https:\/\/www.europesays.com\/pl\/wp-json\/wp\/v2\/tags?post=118878"}],"curies":[{"name":"wp","href":"https:\/\/api.w.org\/{rel}","templated":true}]}}