{"id":118888,"date":"2025-11-26T09:10:08","date_gmt":"2025-11-26T09:10:08","guid":{"rendered":"https:\/\/www.europesays.com\/pl\/118888\/"},"modified":"2025-11-26T09:10:08","modified_gmt":"2025-11-26T09:10:08","slug":"polska-powalczy-o-igrzyska-olimpijskie-ambitny-plan-trzaskowskiego","status":"publish","type":"post","link":"https:\/\/www.europesays.com\/pl\/118888\/","title":{"rendered":"Polska powalczy o igrzyska olimpijskie. Ambitny plan Trzaskowskiego"},"content":{"rendered":"<p>Polska postara si\u0119 organizacj\u0119 igrzysk olimpijskich \u2014\u00a0przekazali prezydent Warszawy Rafa\u0142 Trzaskowski i\u00a0minister sportu Jakub Rutnicki. Politycy licz\u0105, \u017ce\u00a0nasz kraj mo\u017ce zosta\u0107 gospodarzem imprezy w\u00a02044 roku.<\/p>\n<p>Rutnicki i\u00a0Trzaskowski poinformowali o\u00a0ambitnych planach podczas wydarzenia zatytu\u0142owanego \u201eStrategia rozwoju polskiego sportu 2040, droga do\u00a0igrzysk olimpijskich i\u00a0paraolimpijskich w\u00a0Polsce\u201d, kt\u00f3re odby\u0142o si\u0119 na\u00a0Stadionie Narodowym w\u00a0Warszawie.<\/p>\n<p>Polska chce zorganizowa\u0107 igrzyska olimpijskie w\u00a02040 lub 2044 roku<\/p>\n<p>Jak na\u00a0razie znamy gospodarzy letnich igrzysk olimpijskich do\u00a02032 roku. Za\u00a0trzy lata odb\u0119d\u0105 si\u0119 one w\u00a0Los Angeles, a\u00a0gospodarzem kolejnych b\u0119dzie australijskie Brisbane. Nie\u00a0zapad\u0142a jeszcze decyzja co\u00a0do\u00a0igrzysk w\u00a02036 roku i\u00a0p\u00f3\u017aniejszych.<\/p>\n<p>Polska zapowiada starania o\u00a0ugoszczenie imprezy w\u00a02044, cho\u0107 nie\u00a0wyklucza tak\u017ce wariantu z\u00a0rokiem 2040.<\/p>\n<p>\u2013 Sto lat po\u00a0tym, jak Warszawa by\u0142a skazywana na\u00a0niebyt, sto lat po\u00a0tym, jak Niemcy planowali wymaza\u0107 Warszaw\u0119 z\u00a0map Europy, chcieliby\u015bmy pokaza\u0107 \u015bwiatu Warszaw\u0119 w\u00a0ca\u0142ej krasie. Igrzyska u\u00a0nas mog\u0105 by\u0107 w\u00a0roku 2044, ale\u00a0mog\u0105 te\u017c by\u0107 wcze\u015bniej \u2013\u00a0zapowiedzia\u0142 prezydent stolicy Rafa\u0142 Trzaskowski, cytowany przez\u00a0sport.pl.<\/p>\n<p>\u2013 Wszyscy czuli\u015bmy dum\u0119, gdy\u00a0w\u00a0Polsce odbywa\u0142o si\u0119 pi\u0142karskie\u00a0Euro 2012, ale\u00a0przecie\u017c ile wcze\u015bniej by\u0142o obaw czy\u00a0dobrze zorganizujemy trzeci\u0105 najwi\u0119ksz\u0105 imprez\u0119 na\u00a0\u015bwiecie, a\u00a0zrobili\u015bmy to. Jestem przekonany, \u017ce\u00a0igrzyska w\u00a0Polsce te\u017c s\u0105\u00a0mo\u017cliwe i\u00a0\u017ce\u00a0potrzebujemy nowego, niesamowitego impulsu \u2013 m\u00f3wi\u0142 minister sportu Jakub Rutnicki.<\/p>\n<p>W\u015br\u00f3d oficjeli zgromadzonych na\u00a0konferencji znale\u017ali si\u0119 cz\u0142onkowie zarz\u0105du Polskiego Komitetu Olimpijskiego, m.in.\u00a0Maja W\u0142oszczowska, Adam Ma\u0142ysz i\u00a0Otylia J\u0119drzejczak. Zabrak\u0142o natomiast skonfliktowanego z\u00a0obecn\u0105 w\u0142adz\u0105 prezesa PKOl Rados\u0142awa Piesiewicza.<\/p>\n<p>Na\u00a0ten moment starania Polski o\u00a0organizacj\u0119 igrzysk olimpijskich s\u0105\u00a0w\u00a0pocz\u0105tkowej fazie. W\u015br\u00f3d innych kraj\u00f3w, kt\u00f3re rozwa\u017caj\u0105 zg\u0142oszenie swojej gotowo\u015bci do\u00a0ugoszczenia imprezy, s\u0105\u00a0m.in.\u00a0Niemcy, Indie, Katar czy\u00a0Egipt.<\/p>\n<p>CZYTAJ WI\u0118CEJ NA\u00a0WESZ\u0141O:<\/p>\n<p>Fot.\u00a0Newspix<\/p>\n","protected":false},"excerpt":{"rendered":"Polska postara si\u0119 organizacj\u0119 igrzysk olimpijskich \u2014\u00a0przekazali prezydent Warszawy Rafa\u0142 Trzaskowski i\u00a0minister sportu Jakub Rutnicki. Politycy licz\u0105, \u017ce\u00a0nasz&hellip;\n","protected":false},"author":2,"featured_media":118889,"comment_status":"","ping_status":"","sticky":false,"template":"","format":"standard","meta":{"footnotes":""},"categories":[24],"tags":[2386,10050,42,38,40,39,41,2837,127,126],"class_list":{"0":"post-118888","1":"post","2":"type-post","3":"status-publish","4":"format-standard","5":"has-post-thumbnail","7":"category-sport","8":"tag-igrzyska-olimpijskie","9":"tag-jakub-rutnicki","10":"tag-pl","11":"tag-poland","12":"tag-polish","13":"tag-polska","14":"tag-polski","15":"tag-rafal-trzaskowski","16":"tag-sport","17":"tag-sports"},"share_on_mastodon":{"url":"https:\/\/pubeurope.com\/@pl\/115615224511966693","error":""},"_links":{"self":[{"href":"https:\/\/www.europesays.com\/pl\/wp-json\/wp\/v2\/posts\/118888","targetHints":{"allow":["GET"]}}],"collection":[{"href":"https:\/\/www.europesays.com\/pl\/wp-json\/wp\/v2\/posts"}],"about":[{"href":"https:\/\/www.europesays.com\/pl\/wp-json\/wp\/v2\/types\/post"}],"author":[{"embeddable":true,"href":"https:\/\/www.europesays.com\/pl\/wp-json\/wp\/v2\/users\/2"}],"replies":[{"embeddable":true,"href":"https:\/\/www.europesays.com\/pl\/wp-json\/wp\/v2\/comments?post=118888"}],"version-history":[{"count":0,"href":"https:\/\/www.europesays.com\/pl\/wp-json\/wp\/v2\/posts\/118888\/revisions"}],"wp:featuredmedia":[{"embeddable":true,"href":"https:\/\/www.europesays.com\/pl\/wp-json\/wp\/v2\/media\/118889"}],"wp:attachment":[{"href":"https:\/\/www.europesays.com\/pl\/wp-json\/wp\/v2\/media?parent=118888"}],"wp:term":[{"taxonomy":"category","embeddable":true,"href":"https:\/\/www.europesays.com\/pl\/wp-json\/wp\/v2\/categories?post=118888"},{"taxonomy":"post_tag","embeddable":true,"href":"https:\/\/www.europesays.com\/pl\/wp-json\/wp\/v2\/tags?post=118888"}],"curies":[{"name":"wp","href":"https:\/\/api.w.org\/{rel}","templated":true}]}}