{"id":118898,"date":"2025-11-26T09:22:12","date_gmt":"2025-11-26T09:22:12","guid":{"rendered":"https:\/\/www.europesays.com\/pl\/118898\/"},"modified":"2025-11-26T09:22:12","modified_gmt":"2025-11-26T09:22:12","slug":"ksiadz-ryszard-przejal-mieszkanie-emerytki-rodzina-oskarza-o-manipulacje","status":"publish","type":"post","link":"https:\/\/www.europesays.com\/pl\/118898\/","title":{"rendered":"Ksi\u0105dz Ryszard przej\u0105\u0142 mieszkanie emerytki. Rodzina oskar\u017ca o manipulacj\u0119"},"content":{"rendered":"<p>Apartament na warszawskiej star\u00f3wce <\/p>\n<p class=\"Paragraph_desktopParagraph__U31Gm\">Pani Emilia przez wiele lat mieszka\u0142a we Francji, gdzie pracowa\u0142a jako nauczycielka geografii. Po przej\u015bciu na emerytur\u0119 wr\u00f3ci\u0142a do Polski i zamieszka\u0142a w apartamencie na warszawskim Starym Mie\u015bcie. Mimo zobowi\u0105zania do zapewnienia jej opieki w domu kobieta od ponad roku przebywa w plac\u00f3wce opieku\u0144czej. Koszty jej pobytu pokrywane s\u0105 g\u0142\u00f3wnie z jej w\u0142asnych \u015brodk\u00f3w, a przelew\u00f3w dokonuje ksi\u0105dz Czekalski, kt\u00f3ry uzyska\u0142 dost\u0119p do jej emerytur zar\u00f3wno z Polski, jak i z Francji.<\/p>\n<p class=\"Paragraph_desktopParagraph__U31Gm\">Z rozm\u00f3w z pani\u0105 Emili\u0105 wynika, \u017ce mo\u017ce ona nie by\u0107 w pe\u0142ni \u015bwiadoma swojej sytuacji. Kobieta m\u00f3wi\u0142a reporterowi programu &#8222;Uwaga!&#8221;, \u017ce my\u015bli o powrocie do mieszkania i twierdzi\u0142a, \u017ce klucze ma ona sama, a mieszkania nikomu nie przepisa\u0142a.<\/p>\n<p>Umowa do\u017cywocia <\/p>\n<p class=\"Paragraph_desktopParagraph__U31Gm\">W 2022 r. pani Emilia podpisa\u0142a umow\u0119 do\u017cywocia z ksi\u0119dzem Czekalskim. Zgodnie z dokumentem duchowny zobowi\u0105za\u0142 si\u0119 do zapewnienia jej do\u017cywotniej opieki, w tym mieszkania, wy\u017cywienia, piel\u0119gnacji w chorobie oraz organizacji pogrzebu. Jednak ju\u017c w lutym 2023 r. kobieta trafi\u0142a do Sto\u0142ecznego Centrum Opieku\u0144czo-Leczniczego w Warszawie, gdzie przebywa do dzi\u015b. Koszty jej pobytu pokrywane s\u0105 g\u0142\u00f3wnie z jej \u015brodk\u00f3w, a ksi\u0105dz Czekalski zarz\u0105dza zar\u00f3wno polsk\u0105, jak i francusk\u0105 <a href=\"https:\/\/kobieta.onet.pl\/emerytura\" id=\"86d53dce-ee7a-424f-8cbd-c6c60f87516d\" rel=\"nofollow noopener\" target=\"_blank\">emerytur\u0105<\/a> seniorki.<\/p>\n<p class=\"Paragraph_desktopParagraph__U31Gm\">Przeczytaj r\u00f3wnie\u017c: <\/p>\n<p class=\"Paragraph_desktopParagraph__U31Gm\">Rodzina pani Emilii, mieszkaj\u0105ca we Francji, twierdzi, \u017ce o umowie dowiedzia\u0142a si\u0119 po fakcie. Alexandre Chaillot-Benda, bratanek kobiety, od kilkunastu miesi\u0119cy pr\u00f3buje wyja\u015bni\u0107, co doprowadzi\u0142o do takiej sytuacji. &#8222;Kiedy przylecia\u0142em do Polski w 2023 r., Emilia mia\u0142a smartfona. U\u017cywa\u0142a go z \u0142atwo\u015bci\u0105, ale kiedy wr\u00f3ci\u0142em rok p\u00f3\u017aniej, to wszystkie nasze numery, do cz\u0142onk\u00f3w rodziny z Francji, zosta\u0142y usuni\u0119te&#8221; \u2014 m\u00f3wi w programie &#8222;Uwaga!&#8221; Alexandre Chaillot-Benda.<\/p>\n<p class=\"Paragraph_desktopParagraph__U31Gm\">Rodzina zarzuca ksi\u0119dzu Czekalskiemu manipulacj\u0119 i wykorzystanie g\u0142\u0119bokiej religijno\u015bci pani Emilii. &#8222;Je\u015bli kto\u015b zwi\u0105zany z Ko\u015bcio\u0142em m\u00f3wi jej: \u00bbMusisz to zrobi\u0107, bo to sprawi, \u017ce b\u0119dziesz mia\u0142a lepsze \u017cycie\u00ab, to ona pos\u0142ucha tej osoby, a nie rodziny. Ona si\u0119 zgadza, bo uwa\u017ca, \u017ce zwi\u0119ksza to jej szans\u0119 na do\u0142\u0105czenie do Jezusa po \u015bmierci. On wykorzysta\u0142 to, w co ona bardzo mocno wierzy\u0142a i nadu\u017cy\u0142 jej zaufania&#8221; \u2014 dodaje jej bratanek.<\/p>\n<p class=\"VideoPlayerText_videoPlayerText__iDwyz\">Dalszy ci\u0105g materia\u0142u pod wideo<\/p>\n<ul class=\"OchatFollowUps_wrapper__1ry7X\">\n<li class=\"OchatFollowUps_item__Dhyly OchatFollowUps_itemDesktop__R6aBv\">Dlaczego pani Emilia przekaza\u0142a mieszkanie ksi\u0119dzu?<\/li>\n<li class=\"OchatFollowUps_item__Dhyly OchatFollowUps_itemDesktop__R6aBv\">Jakie zobowi\u0105zania mia\u0142 ksi\u0105dz Czekalski wobec pani Emilii?<\/li>\n<li class=\"OchatFollowUps_item__Dhyly OchatFollowUps_itemDesktop__R6aBv\">Co my\u015bli rodzina pani Emilii na temat tej sytuacji?<\/li>\n<li class=\"OchatFollowUps_item__Dhyly OchatFollowUps_itemDesktop__R6aBv\">Czy ksi\u0105dz Czekalski mia\u0142 kontakt z rodzin\u0105 pani Emilii?<\/li>\n<\/ul>\n<p>Stanowisko ksi\u0119dza <\/p>\n<p class=\"Paragraph_desktopParagraph__U31Gm\">Ksi\u0105dz Ryszard Czekalski, pytany o spraw\u0119 przez dziennikarzy, przekaza\u0142 odpowiedzi za po\u015brednictwem swojego adwokata. W odpowiedzi zarzucono redakcji &#8222;Uwagi!&#8221; dzia\u0142anie na zlecenie s\u0142u\u017cb nieprzychylnych duchownemu oraz celowe uderzenie w Ko\u015bci\u00f3\u0142 katolicki. Sam ksi\u0105dz Czekalski utrzymuje, \u017ce to pani Emilia poprosi\u0142a go o opiek\u0119 i przekaza\u0142a mieszkanie w pe\u0142ni \u015bwiadomie oraz po przemy\u015bleniu sprawy.<\/p>\n<p class=\"Paragraph_desktopParagraph__U31Gm\">Przeczytaj r\u00f3wnie\u017c:<\/p>\n","protected":false},"excerpt":{"rendered":"Apartament na warszawskiej star\u00f3wce Pani Emilia przez wiele lat mieszka\u0142a we Francji, gdzie pracowa\u0142a jako nauczycielka geografii. Po&hellip;\n","protected":false},"author":2,"featured_media":118899,"comment_status":"","ping_status":"","sticky":false,"template":"","format":"standard","meta":{"footnotes":""},"categories":[12],"tags":[32,33,8211,36,37,1670,27,67,1269,2709,34,35,8736,28,31,53,25,52,68,51,55,42,38,40,39,2847,41,47,196,29,30,65,50,26],"class_list":{"0":"post-118898","1":"post","2":"type-post","3":"status-publish","4":"format-standard","5":"has-post-thumbnail","7":"category-polska","8":"tag-breaking-news","9":"tag-breakingnews","10":"tag-emerytury_emerytura_13_emerytura_14_emerytura_system_emerytalny_renta_renty","11":"tag-featured-news","12":"tag-featurednews","13":"tag-francja_francuz_francuzka_francuzi","14":"tag-headlines","15":"tag-intextvideo_splayer","16":"tag-kosciol_katolicki_duchowienstwo_duchowni_zakonnicy","17":"tag-ksieza","18":"tag-latest-news","19":"tag-latestnews","20":"tag-mieszkanie","21":"tag-naglowki","22":"tag-najwazniejsze-artykuly","23":"tag-new_header","24":"tag-news","25":"tag-onet3","26":"tag-onet3d","27":"tag-onet3d_2i","28":"tag-phx","29":"tag-pl","30":"tag-poland","31":"tag-polish","32":"tag-polska","33":"tag-polska_polak_polka_polacy_polki","34":"tag-polski","35":"tag-screening_general","36":"tag-styl_zycia","37":"tag-top-stories","38":"tag-topstories","39":"tag-update_me","40":"tag-v2021","41":"tag-wiadomosci"},"share_on_mastodon":{"url":"","error":"Validation failed: Text character limit of 500 exceeded"},"_links":{"self":[{"href":"https:\/\/www.europesays.com\/pl\/wp-json\/wp\/v2\/posts\/118898","targetHints":{"allow":["GET"]}}],"collection":[{"href":"https:\/\/www.europesays.com\/pl\/wp-json\/wp\/v2\/posts"}],"about":[{"href":"https:\/\/www.europesays.com\/pl\/wp-json\/wp\/v2\/types\/post"}],"author":[{"embeddable":true,"href":"https:\/\/www.europesays.com\/pl\/wp-json\/wp\/v2\/users\/2"}],"replies":[{"embeddable":true,"href":"https:\/\/www.europesays.com\/pl\/wp-json\/wp\/v2\/comments?post=118898"}],"version-history":[{"count":0,"href":"https:\/\/www.europesays.com\/pl\/wp-json\/wp\/v2\/posts\/118898\/revisions"}],"wp:featuredmedia":[{"embeddable":true,"href":"https:\/\/www.europesays.com\/pl\/wp-json\/wp\/v2\/media\/118899"}],"wp:attachment":[{"href":"https:\/\/www.europesays.com\/pl\/wp-json\/wp\/v2\/media?parent=118898"}],"wp:term":[{"taxonomy":"category","embeddable":true,"href":"https:\/\/www.europesays.com\/pl\/wp-json\/wp\/v2\/categories?post=118898"},{"taxonomy":"post_tag","embeddable":true,"href":"https:\/\/www.europesays.com\/pl\/wp-json\/wp\/v2\/tags?post=118898"}],"curies":[{"name":"wp","href":"https:\/\/api.w.org\/{rel}","templated":true}]}}