{"id":119257,"date":"2025-11-26T13:14:09","date_gmt":"2025-11-26T13:14:09","guid":{"rendered":"https:\/\/www.europesays.com\/pl\/119257\/"},"modified":"2025-11-26T13:14:09","modified_gmt":"2025-11-26T13:14:09","slug":"legia-w-szachu-w-rakowie-stawiaja-warunek-oto-co-zrobili-w-sprawie-marka-papszuna-przeglad-sportowy-onet","status":"publish","type":"post","link":"https:\/\/www.europesays.com\/pl\/119257\/","title":{"rendered":"Legia w szachu. W Rakowie stawiaj\u0105 warunek. Oto co zrobili w sprawie Marka Papszuna &#8211; Przegl\u0105d Sportowy Onet"},"content":{"rendered":"<ol>\n<li><a href=\"https:\/\/news.google.com\/rss\/articles\/CBMi1wFBVV95cUxObDFOd18xaTZha0x4SnpwWmV4dk9LcDUxYlFOMW9iWGlvR0JmSXRiaGVpNE5zTTNPaTItNF9BSGM5MDAtZnotLTJWMks2dk84bnFYb3AzcHhCZmhpTl9LUi1IX1F0cHlEc0JlNWQzOWxPaGlOQVl0N2ZCZG5sSW5rYjBQZ0ZKenhremVhRWl0SkhIYVJ3eTJDa3lPTEhCUjZaTTIxT3ZOME5hZXM3RGZoNkt2RFB2Z3ZibHpvZWlORkdSOC1sa3BZVjBTVWJ4OC1BcVpvSzVLSQ?oc=5\" target=\"_blank\" rel=\"nofollow noopener\">Legia w szachu. W Rakowie stawiaj\u0105 warunek. Oto co zrobili w sprawie Marka Papszuna<\/a>&nbsp;&nbsp;Przegl\u0105d Sportowy Onet<\/li>\n<li><a href=\"https:\/\/news.google.com\/rss\/articles\/CBMixgFBVV95cUxQOTQyNzhCemkzMEZEVFJ5NGx0S3Bzd2U5ck9vdlVaOGVkdHlVMDJzdlUycUpvZlZraTJUS1ZaWWZ3UDl5aFptNUw5eFVuUjVSbHBMbmRtc2tmMVNJdlRYNnFoZHJ1a3pPaDYzdWQ0UmsySnJpQzhqMzJYNXJrTF92SHA1WU9aOHBONUtSbEduTVZRTndXc2FFNkZEejgwVGVpVG5uMS1jby1IYzFnWllSQUVHbFZmUkpfZG84SWlmN0tjeGV2ckE?oc=5\" target=\"_blank\" rel=\"nofollow noopener\">Media: Rak\u00f3w dosta\u0142 wiadomo\u015b\u0107, chodzi o nast\u0119pc\u0119 Papszuna. Klamka zapad\u0142a<\/a>&nbsp;&nbsp;Sport w INTERIA.PL<\/li>\n<li><a href=\"https:\/\/news.google.com\/rss\/articles\/CBMilgFBVV95cUxPbFAwM1JFVDZhb2oxaFp6aGxLMndwM1RKNmg5bVIyUDZDRlREMUpQSDFMNEV5WTFvUkhFMTc2cU95QlNCNmxhZUNFY3lLLXc0SXFpS3ItYjFOZl9xbGMxSHNDWFV3dWZESkN0dXl5bWlzQldqQVYxZkI3M0xCWl9hdldLS1ZRNVo1S3ZvRmNkRUJwNzExRHc?oc=5\" target=\"_blank\" rel=\"nofollow noopener\">Papszun coraz bli\u017cej Legii? Gor\u0105co w Rakowie<\/a>&nbsp;&nbsp;SportoweFakty<\/li>\n<li><a href=\"https:\/\/news.google.com\/rss\/articles\/CBMi0AFBVV95cUxQSTk2cTNaMFZQVFNWYlNnNWV5Z1ZHNzNXM3pFeXVqNDJtUDk3d1R3MHlVb2RrS0ZVX194OTVPUUtBelBiTEV0d0JZYlFZU3IxLXowY2NVY0Vza3dZRk9hN0hWbVpoU01zRHpQM0k2R1Y0a29kNGJ6eklGRWpmMmFZdFdRLUZxUFJSazJlUmtuNzFtRi1kc0hyM2VyMXM1WmpmcHM1dEhRaUlnUFg3dVJLT2d4Vm8zd05FVjFIWEhtcXB4UEc3ZjR6MklYdFhyRW14?oc=5\" target=\"_blank\" rel=\"nofollow noopener\">Kulisy wojny o Papszuna. Nast\u0119pca z klauzul\u0105. Jasna deklaracja trenera w szatni [NASZ NEWS]<\/a>&nbsp;&nbsp;Meczyki.pl<\/li>\n<li><a href=\"https:\/\/news.google.com\/rss\/articles\/CBMiqwFBVV95cUxOWERib3ROTWJaaVNSc010aHNKNVZVT09oOUdjZ01JNlJTbmd5OEJrZEhCSUZHTmk4RElXdFlWRzJvYk9weGkxZ1hVZ3draDhVRjE1dm5SOW5rYzh3LUM5U09DWk1MYS1RazdFSTE2VkFVMHZpLWo2dmk2Y3ZPc0pVeUpGQ0I5VHE3OWEzQkFQd2llYk1wX29jMWhKUHV0UjE1cVBVaUYyY2RSRFU?oc=5\" target=\"_blank\" rel=\"nofollow noopener\">Le\u015bnodorski zabra\u0142 g\u0142os ws. Papszuna w Legii. 'To b\u0119dzie jego koniec&#8217; Pi\u0142ka no\u017cna<\/a>&nbsp;&nbsp;Sport.pl<\/li>\n<\/ol>\n","protected":false},"excerpt":{"rendered":"Legia w szachu. W Rakowie stawiaj\u0105 warunek. Oto co zrobili w sprawie Marka Papszuna&nbsp;&nbsp;Przegl\u0105d Sportowy Onet Media: Rak\u00f3w&hellip;\n","protected":false},"author":2,"featured_media":119258,"comment_status":"","ping_status":"","sticky":false,"template":"","format":"standard","meta":{"footnotes":""},"categories":[5],"tags":[32,33,274,304,36,37,27,67,34,35,2563,2561,28,31,25,42,38,40,39,41,136,128,2562,47,135,29,30,26,130],"class_list":{"0":"post-119257","1":"post","2":"type-post","3":"status-publish","4":"format-standard","5":"has-post-thumbnail","7":"category-naglowki","8":"tag-breaking-news","9":"tag-breakingnews","10":"tag-ekstraklasa","11":"tag-eres","12":"tag-featured-news","13":"tag-featurednews","14":"tag-headlines","15":"tag-intextvideo_splayer","16":"tag-latest-news","17":"tag-latestnews","18":"tag-legia_warszawa","19":"tag-marek_papszun","20":"tag-naglowki","21":"tag-najwazniejsze-artykuly","22":"tag-news","23":"tag-pl","24":"tag-poland","25":"tag-polish","26":"tag-polska","27":"tag-polski","28":"tag-ps_detal_new","29":"tag-psv2","30":"tag-rakow_czestochowa","31":"tag-screening_general","32":"tag-sport_sport","33":"tag-top-stories","34":"tag-topstories","35":"tag-wiadomosci","36":"tag-wiadomosci_sportowe"},"share_on_mastodon":{"url":"https:\/\/pubeurope.com\/@pl\/115616184000282605","error":""},"_links":{"self":[{"href":"https:\/\/www.europesays.com\/pl\/wp-json\/wp\/v2\/posts\/119257","targetHints":{"allow":["GET"]}}],"collection":[{"href":"https:\/\/www.europesays.com\/pl\/wp-json\/wp\/v2\/posts"}],"about":[{"href":"https:\/\/www.europesays.com\/pl\/wp-json\/wp\/v2\/types\/post"}],"author":[{"embeddable":true,"href":"https:\/\/www.europesays.com\/pl\/wp-json\/wp\/v2\/users\/2"}],"replies":[{"embeddable":true,"href":"https:\/\/www.europesays.com\/pl\/wp-json\/wp\/v2\/comments?post=119257"}],"version-history":[{"count":0,"href":"https:\/\/www.europesays.com\/pl\/wp-json\/wp\/v2\/posts\/119257\/revisions"}],"wp:featuredmedia":[{"embeddable":true,"href":"https:\/\/www.europesays.com\/pl\/wp-json\/wp\/v2\/media\/119258"}],"wp:attachment":[{"href":"https:\/\/www.europesays.com\/pl\/wp-json\/wp\/v2\/media?parent=119257"}],"wp:term":[{"taxonomy":"category","embeddable":true,"href":"https:\/\/www.europesays.com\/pl\/wp-json\/wp\/v2\/categories?post=119257"},{"taxonomy":"post_tag","embeddable":true,"href":"https:\/\/www.europesays.com\/pl\/wp-json\/wp\/v2\/tags?post=119257"}],"curies":[{"name":"wp","href":"https:\/\/api.w.org\/{rel}","templated":true}]}}