{"id":119380,"date":"2025-11-26T14:34:13","date_gmt":"2025-11-26T14:34:13","guid":{"rendered":"https:\/\/www.europesays.com\/pl\/119380\/"},"modified":"2025-11-26T14:34:13","modified_gmt":"2025-11-26T14:34:13","slug":"poco-f8-ultra-poco-f8-pro-i-poco-pad-m1-premiera-nowych-urzadzen-wydajnosc-na-pierwszym-miejscu","status":"publish","type":"post","link":"https:\/\/www.europesays.com\/pl\/119380\/","title":{"rendered":"POCO F8 Ultra, POCO F8 Pro i POCO Pad M1 &#8211; premiera nowych urz\u0105dze\u0144. Wydajno\u015b\u0107 na pierwszym miejscu"},"content":{"rendered":"<p><img decoding=\"async\" class=\"teaserfoto\" src=\"https:\/\/www.europesays.com\/pl\/wp-content\/uploads\/2025\/11\/49056.png\" alt=\"POCO F8 Ultra, POCO F8 Pro i POCO Pad M1 - premiera nowych urz\u0105dze\u0144. Wydajno\u015b\u0107 na pierwszym miejscu\"\/>Na rynku pojawi\u0142o si\u0119 ju\u017c kilka smartfon\u00f3w z uk\u0142adem Qualcomm Snapdragon 8 Elite Gen 5. Kwesti\u0105 czasu by\u0142a wi\u0119c premiera urz\u0105dzenia od marki POCO z tym w\u0142a\u015bnie SoC. Zadebiutowa\u0142 w\u0142a\u015bnie smartfon POCO F8 Ultra, kt\u00f3ry powinien przypa\u015b\u0107 do gustu tym u\u017cytkownikom, kt\u00f3rzy licz\u0105 przede wszystkim na wysok\u0105 wydajno\u015b\u0107 we wzgl\u0119dnie niskiej cenie. Obok wspomnianego modelu pokazano r\u00f3wnie\u017c nieco ta\u0144szego POCO F8 Pro, a tak\u017ce tablet POCO Pad M1.<\/p>\n<p>Smartfony POCO F8 Ultra i POCO F8 Pro wyr\u00f3\u017cniaj\u0105 si\u0119 nie tylko mocnymi procesorami, ale tak\u017ce systemem audio Sound by Bose. Na start przygotowano atrakcyjn\u0105 ofert\u0119 premierow\u0105, kt\u00f3ra trwa do 21 grudnia 2025 r.<\/p>\n<p><a class=\"colorbox\" href=\"https:\/\/www.purepc.pl\/image\/news\/2025\/11\/26_poco_f8_ultra_poco_f8_pro_i_poco_pad_m1_premiera_nowych_urzadzen_wydajnosc_na_pierwszym_miejscu_1_b.png\" rel=\"nofollow noopener\" target=\"_blank\"><img decoding=\"async\" src=\"https:\/\/www.europesays.com\/pl\/wp-content\/uploads\/2025\/11\/26_poco_f8_ultra_poco_f8_pro_i_poco_pad_m1_premiera_nowych_urzadzen_wydajnosc_na_pierwszym_miejscu_1.png\" alt=\"POCO F8 Ultra, POCO F8 Pro i POCO Pad M1 - premiera nowych urz\u0105dze\u0144. Wydajno\u015b\u0107 na pierwszym miejscu [1]\"\/><\/a><\/p>\n<p><a title=\"Smartfony OPPO Find X9 i Find X9 Pro debiutuj\u0105 w Polsce. Poznali\u015bmy ofert\u0119 specjaln\u0105 na start sprzeda\u017cy\" href=\"https:\/\/www.purepc.pl\/oppo-find-x9-pro-i-find-x9-premiera\" rel=\"nofollow noopener\" target=\"_blank\">Smartfony OPPO Find X9 i Find X9 Pro debiutuj\u0105 w Polsce. Poznali\u015bmy ofert\u0119 specjaln\u0105 na start sprzeda\u017cy<\/a><\/p>\n<p><a href=\"https:\/\/www.purepc.pl\/tagi\/poco\" rel=\"nofollow noopener\" target=\"_blank\">POCO<\/a> F8 Ultra wyr\u00f3\u017cnia si\u0119 rzecz jasna nie tylko topowym chipem. Ca\u0142o\u015b\u0107 mo\u017ce mie\u0107 12 lub 16 GB pami\u0119ci RAM LPDDR5X oraz 256 lub 512 GB pami\u0119ci UFS 4.1. Urz\u0105dzenie ma spory, 6,9-calowy ekran POCO HyperRGB AMOLED 120 Hz, g\u0142\u00f3wny aparat 50 MP Light Fusion 950 z sensorem o rozmiarze 1\/1.31\u201d, teleobiektyw peryskopowy oferuj\u0105cy 5-krotny zoom optyczny, a tak\u017ce aparat ultraszerokok\u0105tny 50 MP. Uwag\u0119 zwraca r\u00f3wnie\u017c bateria 6500 mAh z obs\u0142ug\u0105 \u0142adowania 100 W HyperCharge (od 0 do 100% w zaledwie 38 minut) i \u0142adowania bezprzewodowego 50 W. Ale to nie wszystko. Cech\u0105 charakterystyczn\u0105 tego <a href=\"https:\/\/www.purepc.pl\/tagi\/smartfon\" rel=\"nofollow noopener\" target=\"_blank\">smartfona<\/a> jest te\u017c mobilny system audio wykorzystuj\u0105cy technologi\u0119 Sound by Bose. Zastosowano tu system trzech g\u0142o\u015bnik\u00f3w (2.1) obs\u0142ugiwany przez dwa osobne profile d\u017awi\u0119kowe (Dynamiczny oraz Zbalansowany), dzi\u0119ki czemu u\u017cytkownicy urz\u0105dze\u0144 mobilnych rzekomo mog\u0105 po raz pierwszy do\u015bwiadczy\u0107 bogatego basu. Smartfon jest dost\u0119pny w wersji Denim Blue z obudow\u0105 z materia\u0142u nanotechnologicznego oraz wersji Black z konstrukcj\u0105 z w\u0142\u00f3kna szklanego z matowo-b\u0142yszcz\u0105cym wyko\u0144czeniem.<\/p>\n<tr>\n<td style=\"width: 31.5556%;\">\u00a0<\/td>\n<td style=\"width: 31.5556%;\">POCO F8 Ultra<\/td>\n<td style=\"width: 31.5556%;\">POCO F8 Pro<\/td>\n<\/tr>\n<tr>\n<td style=\"width: 31.5556%;\">Procesor<\/td>\n<td style=\"width: 31.5556%;\">Snapdragon 8 Elite Gen 5<\/td>\n<td style=\"width: 31.5556%;\">Snapdragon 8 Elite<\/td>\n<\/tr>\n<tr>\n<td style=\"width: 31.5556%;\">Pami\u0119\u0107 RAM<\/td>\n<td colspan=\"2\">12 \/ 16 GB LPDDR5X<\/td>\n<\/tr>\n<tr>\n<td style=\"width: 31.5556%;\">Pami\u0119\u0107 wbudowana<\/td>\n<td colspan=\"2\">256 \/ 512 GB UFS 4.1<\/td>\n<\/tr>\n<tr>\n<td style=\"width: 31.5556%;\">Wy\u015bwietlacz<\/td>\n<td style=\"width: 31.5556%;\">6,9 cala, AMOLED 120 Hz<br \/>2608 x 1200 px<br \/>jasno\u015b\u0107 do 3500 nit\u00f3w<br \/>POCO Shield Glass<\/td>\n<td style=\"width: 31.5556%;\">6,59 cala, AMOLED 120 Hz<br \/>2510 x 1156 px<br \/>jasno\u015b\u0107 do 3500 nit\u00f3w<br \/>Corning Gorilla Glass 7i<\/td>\n<\/tr>\n<tr>\n<td style=\"width: 31.5556%;\">\u0141\u0105czno\u015b\u0107<\/td>\n<td style=\"width: 31.5556%;\">Wi-Fi 7, BT 6.0, 5G, NFC, IR<\/td>\n<td style=\"width: 31.5556%;\">Wi-Fi 7, BT 5.4, 5G, NFC, IR<\/td>\n<\/tr>\n<tr>\n<td style=\"width: 31.5556%;\">Aparat przedni<\/td>\n<td style=\"width: 31.5556%;\">32 MP<\/td>\n<td style=\"width: 31.5556%;\">20 MP<\/td>\n<\/tr>\n<tr>\n<td style=\"width: 31.5556%;\">Aparaty z ty\u0142u<\/td>\n<td style=\"width: 31.5556%;\">50 MP. f\/1.67, 1\/1.31&#8243;, OIS<br \/>50 MP, f\/3.0, PDAF, OIS, zoom x5.0<br \/>50 MP, f\/2.4<\/td>\n<td style=\"width: 31.5556%;\">50 MP. f\/1.88, 1\/1.55&#8243;, PDAF, OIS<br \/>50 MP, f\/2.2, zoom x2.5<br \/>8 MP, f2.2<\/td>\n<\/tr>\n<tr>\n<td style=\"width: 31.5556%;\">Normy odporno\u015bci \/ ochrona<\/td>\n<td colspan=\"2\">IP68<\/td>\n<\/tr>\n<tr>\n<td style=\"width: 31.5556%;\">Akumulator<\/td>\n<td style=\"width: 31.5556%;\">6500 mAh<\/td>\n<td style=\"width: 31.5556%;\">6210 mAh<\/td>\n<\/tr>\n<tr>\n<td style=\"width: 31.5556%;\">\u0141adowanie<\/td>\n<td style=\"width: 31.5556%;\">100 W + Qi 50 W + zwrotne 22,5 W<\/td>\n<td style=\"width: 31.5556%;\">100 W + zwrotne 22,5 W<\/td>\n<\/tr>\n<tr>\n<td style=\"width: 31.5556%;\">System<\/td>\n<td style=\"width: 63.1112%;\" colspan=\"2\">Android 16 z nak\u0142adk\u0105 HyperOS 3<\/td>\n<\/tr>\n<tr>\n<td style=\"width: 31.5556%;\">Wymiary<\/td>\n<td style=\"width: 31.5556%;\">163,33 x 77,82 x 8,3 \/ 7,9 mm<\/td>\n<td style=\"width: 31.5556%;\">157,49 x 75,25 x 8 mm<\/td>\n<\/tr>\n<tr>\n<td style=\"width: 31.5556%;\">Waga<\/td>\n<td style=\"width: 31.5556%;\">220 \/ 218 g<\/td>\n<td style=\"width: 31.5556%;\">199 g<\/td>\n<\/tr>\n<tr>\n<td style=\"width: 31.5556%;\">Inne<\/td>\n<td colspan=\"2\">ultrasoniczny czytnik linii papilarnych, eSIM, system audio Sound by Bose<\/td>\n<\/tr>\n<tr>\n<td style=\"width: 31.5556%;\">Kolory<\/td>\n<td style=\"width: 31.5556%;\">Denim Blue, Black<\/td>\n<td style=\"width: 31.5556%;\">Titanium Silver, Blue, Black<\/td>\n<\/tr>\n<tr>\n<td style=\"width: 31.5556%;\">Cena rekomendowana<\/td>\n<td style=\"width: 31.5556%;\">12+256 GB &#8211; 2699 z\u0142<br \/>16+512 GB &#8211; 3299 z\u0142<\/td>\n<td style=\"width: 31.5556%;\">12+256 GB &#8211; 2299 z\u0142<br \/>12+512 GB &#8211; 2599 z\u0142<\/td>\n<\/tr>\n<p><a class=\"colorbox\" href=\"https:\/\/www.purepc.pl\/image\/news\/2025\/11\/26_poco_f8_ultra_poco_f8_pro_i_poco_pad_m1_premiera_nowych_urzadzen_wydajnosc_na_pierwszym_miejscu_3_b.jpg\" rel=\"nofollow noopener\" target=\"_blank\"><img decoding=\"async\" src=\"https:\/\/www.europesays.com\/pl\/wp-content\/uploads\/2025\/11\/26_poco_f8_ultra_poco_f8_pro_i_poco_pad_m1_premiera_nowych_urzadzen_wydajnosc_na_pierwszym_miejscu_3.jpeg\" alt=\"POCO F8 Ultra, POCO F8 Pro i POCO Pad M1 - premiera nowych urz\u0105dze\u0144. Wydajno\u015b\u0107 na pierwszym miejscu [2]\"\/><\/a><a class=\"colorbox\" href=\"https:\/\/www.purepc.pl\/image\/news\/2025\/11\/26_poco_f8_ultra_poco_f8_pro_i_poco_pad_m1_premiera_nowych_urzadzen_wydajnosc_na_pierwszym_miejscu_0_b.jpg\" rel=\"nofollow noopener\" target=\"_blank\"><img decoding=\"async\" src=\"https:\/\/www.europesays.com\/pl\/wp-content\/uploads\/2025\/11\/26_poco_f8_ultra_poco_f8_pro_i_poco_pad_m1_premiera_nowych_urzadzen_wydajnosc_na_pierwszym_miejscu_0.jpeg\" alt=\"POCO F8 Ultra, POCO F8 Pro i POCO Pad M1 - premiera nowych urz\u0105dze\u0144. Wydajno\u015b\u0107 na pierwszym miejscu [3]\"\/><\/a><\/p>\n<p class=\"center\">POCO F8 Ultra<\/p>\n<p><a title=\"Premiera POCO M7 - tani smartfon z du\u017cym ekranem, mocn\u0105 bateri\u0105 i... nieco przestarza\u0142ym procesorem\" href=\"https:\/\/www.purepc.pl\/premiera-poco-m7-tani-smartfon-z-duzym-ekranem-mocna-bateria-i-nieco-przestarzalym-procesorem\" rel=\"nofollow noopener\" target=\"_blank\">Premiera POCO M7 &#8211; tani smartfon z du\u017cym ekranem, mocn\u0105 bateri\u0105 i&#8230; nieco przestarza\u0142ym procesorem<\/a><\/p>\n<p>POCO F8 Pro to smartfon dla jeszcze bardziej oszcz\u0119dnych klient\u00f3w, kt\u00f3rzy jednak nadal maj\u0105 dosy\u0107 wysokie wymagania. Ten model ma nieco mniejszy, 6,59-calowy ekran wykonany w tej samej technologii, a tak\u017ce system audio Sound by Bose z dwoma g\u0142o\u015bnikami stereo. Ca\u0142o\u015b\u0107 zasila ubieg\u0142oroczny, nadal szalenie wydajny Snapdragon 8 Elite. Ca\u0142o\u015b\u0107 wyr\u00f3\u017cnia si\u0119 tak\u017ce bateri\u0105 6210 mAh (nie obs\u0142uguje \u0142adowania indukcyjnego) oraz nieco mniej imponuj\u0105cym zestawem aparat\u00f3w z jednostk\u0105 50 MP Light Fusion 800 w roli g\u0142\u00f3wnej. Poza omawianymi smartfonami marka POCO wprowadzi\u0142a do oferty r\u00f3wnie\u017c nowy tablet POCO Pad M1 z 12,1-calowym wy\u015bwietlaczem 2.5K (z cz\u0119stotliwo\u015bci\u0105 od\u015bwie\u017cania do 120 Hz), systemem czterech g\u0142o\u015bnik\u00f3w, ogromn\u0105 bateri\u0105 12000 mAh i platform\u0105 mobiln\u0105 Snapdragon 7s Gen 4. Urz\u0105dzenie to &#8211; podobnie jak smartfony POCO z linii F8 &#8211; dzia\u0142a w oparciu o system Android 16 z nak\u0142adk\u0105 HyperOS 3 (grafiki przedstawiaj\u0105ce wygl\u0105d tabletu nie zosta\u0142y jeszcze udost\u0119pnione).<\/p>\n<p><a class=\"colorbox\" href=\"https:\/\/www.purepc.pl\/image\/news\/2025\/11\/26_poco_f8_ultra_poco_f8_pro_i_poco_pad_m1_premiera_nowych_urzadzen_wydajnosc_na_pierwszym_miejscu_5_b.jpg\" rel=\"nofollow noopener\" target=\"_blank\"><img decoding=\"async\" src=\"https:\/\/www.europesays.com\/pl\/wp-content\/uploads\/2025\/11\/26_poco_f8_ultra_poco_f8_pro_i_poco_pad_m1_premiera_nowych_urzadzen_wydajnosc_na_pierwszym_miejscu_5.jpeg\" alt=\"POCO F8 Ultra, POCO F8 Pro i POCO Pad M1 - premiera nowych urz\u0105dze\u0144. Wydajno\u015b\u0107 na pierwszym miejscu [4]\"\/><\/a><a class=\"colorbox\" href=\"https:\/\/www.purepc.pl\/image\/news\/2025\/11\/26_poco_f8_ultra_poco_f8_pro_i_poco_pad_m1_premiera_nowych_urzadzen_wydajnosc_na_pierwszym_miejscu_6_b.jpg\" rel=\"nofollow noopener\" target=\"_blank\"><img decoding=\"async\" src=\"https:\/\/www.europesays.com\/pl\/wp-content\/uploads\/2025\/11\/26_poco_f8_ultra_poco_f8_pro_i_poco_pad_m1_premiera_nowych_urzadzen_wydajnosc_na_pierwszym_miejscu_6.jpeg\" alt=\"POCO F8 Ultra, POCO F8 Pro i POCO Pad M1 - premiera nowych urz\u0105dze\u0144. Wydajno\u015b\u0107 na pierwszym miejscu [5]\"\/><\/a><a class=\"colorbox\" href=\"https:\/\/www.purepc.pl\/image\/news\/2025\/11\/26_poco_f8_ultra_poco_f8_pro_i_poco_pad_m1_premiera_nowych_urzadzen_wydajnosc_na_pierwszym_miejscu_4_b.jpg\" rel=\"nofollow noopener\" target=\"_blank\"><img decoding=\"async\" src=\"https:\/\/www.europesays.com\/pl\/wp-content\/uploads\/2025\/11\/26_poco_f8_ultra_poco_f8_pro_i_poco_pad_m1_premiera_nowych_urzadzen_wydajnosc_na_pierwszym_miejscu_4.jpeg\" alt=\"POCO F8 Ultra, POCO F8 Pro i POCO Pad M1 - premiera nowych urz\u0105dze\u0144. Wydajno\u015b\u0107 na pierwszym miejscu [6]\"\/><\/a><\/p>\n<p class=\"center\">POCO F8 Pro<\/p>\n<p><a title=\"POCO F7 Pro oraz POCO F7 Ultra - premiera nowych smartfon\u00f3w, kt\u00f3re oferuj\u0105 flagow\u0105 wydajno\u015b\u0107 w przyzwoitych cenach\" href=\"https:\/\/www.purepc.pl\/poco-f7-pro-oraz-poco-f7-ultra-premiera-nowych-smartfonow-ktore-oferuja-flagowa-wydajnosc-w-przyzwoitych-cenach\" rel=\"nofollow noopener\" target=\"_blank\">POCO F7 Pro oraz POCO F7 Ultra &#8211; premiera nowych smartfon\u00f3w, kt\u00f3re oferuj\u0105 flagow\u0105 wydajno\u015b\u0107 w przyzwoitych cenach<\/a><\/p>\n<p>Teraz czas na ceny i ofert\u0119 na start sprzeda\u017cy. Zacznijmy od POCO F8 Ultra. W ramach oferty premierowej na mi.com smartfon w wariancie 12+256 GB dost\u0119pny jest w cenie 2699 z\u0142 (cena rekomendowana: 2999 z\u0142), a w wariancie 16+512 GB &#8211; w cenie 2999 z\u0142 (cena rekomendowana: 3299 z\u0142). Ni\u017cej pozycjonowany POCO F8 Pro w wariancie 12+256 GB dost\u0119pny jest teraz na mi.com w cenie 2099 z\u0142 (cena rekomendowana: 2299 z\u0142), a w wariancie 12+512 GB &#8211; w cenie 2299 z\u0142 (cena rekomendowana: 2599 z\u0142). Dodatkowo, przy zakupie modelu bezpo\u015brednio na stronie producenta, u\u017cytkownicy za dodatkowe 49 z\u0142 mog\u0105 doda\u0107 do koszyka \u0142adowark\u0119 Xiaomi 90 W Hypercharge Combo (cena rekomendowana: 89 z\u0142), a za 799 z\u0142 tablet POCO Pad M1. Ponadto POCO F8 Ultra i POCO F8 Pro dost\u0119pne s\u0105 z ekskluzywnym pakietem korzy\u015bci premium, w tym 4-miesi\u0119cznym darmowym okresem pr\u00f3bnym Spotify Premium, 3-miesi\u0119cznym okresem pr\u00f3bnym YouTube Premium oraz 6-miesi\u0119cznym okresem pr\u00f3bnym 100 GB pami\u0119ci w chmurze Google One. Je\u015bli natomiast chodzi o tablet POCO Pad M1, mo\u017cna go kupi\u0107 w kolorze Blue lub Grey w wersji 8+256 GB w cenie 1099 z\u0142 (cena rekomendowana: 1299 z\u0142). Okres promocyjny trwa od dzi\u015b do 21 grudnia 2025 roku.\u00a0<\/p>\n<p>\u0179r\u00f3d\u0142o: Xiaomi<\/p>\n","protected":false},"excerpt":{"rendered":"Na rynku pojawi\u0142o si\u0119 ju\u017c kilka smartfon\u00f3w z uk\u0142adem Qualcomm Snapdragon 8 Elite Gen 5. Kwesti\u0105 czasu by\u0142a&hellip;\n","protected":false},"author":2,"featured_media":119381,"comment_status":"","ping_status":"","sticky":false,"template":"","format":"standard","meta":{"footnotes":""},"categories":[20],"tags":[1140,21710,120,118,119,42,25089,23476,22247,25091,38,40,39,41,863,116,114,115,640,5198,25728,5474,25729,329,121,117,5166],"class_list":{"0":"post-119380","1":"post","2":"type-post","3":"status-publish","4":"format-standard","5":"has-post-thumbnail","7":"category-nauka-i-technika","8":"tag-cena","9":"tag-hyperos-3","10":"tag-nauka","11":"tag-nauka-i-technika","12":"tag-naukatechnika","13":"tag-pl","14":"tag-poco","15":"tag-poco-f8-pro","16":"tag-poco-f8-ultra","17":"tag-poco-pad-m1","18":"tag-poland","19":"tag-polish","20":"tag-polska","21":"tag-polski","22":"tag-promocja","23":"tag-science","24":"tag-science-and-technology","25":"tag-sciencetechnology","26":"tag-smartfon","27":"tag-snapdragon-7s-gen-4","28":"tag-snapdragon-8-elite","29":"tag-snapdragon-8-elite-gen-5","30":"tag-sound-by-bose","31":"tag-specyfikacja","32":"tag-technika","33":"tag-technology","34":"tag-xiaomi"},"share_on_mastodon":{"url":"https:\/\/pubeurope.com\/@pl\/115616499271861087","error":""},"_links":{"self":[{"href":"https:\/\/www.europesays.com\/pl\/wp-json\/wp\/v2\/posts\/119380","targetHints":{"allow":["GET"]}}],"collection":[{"href":"https:\/\/www.europesays.com\/pl\/wp-json\/wp\/v2\/posts"}],"about":[{"href":"https:\/\/www.europesays.com\/pl\/wp-json\/wp\/v2\/types\/post"}],"author":[{"embeddable":true,"href":"https:\/\/www.europesays.com\/pl\/wp-json\/wp\/v2\/users\/2"}],"replies":[{"embeddable":true,"href":"https:\/\/www.europesays.com\/pl\/wp-json\/wp\/v2\/comments?post=119380"}],"version-history":[{"count":0,"href":"https:\/\/www.europesays.com\/pl\/wp-json\/wp\/v2\/posts\/119380\/revisions"}],"wp:featuredmedia":[{"embeddable":true,"href":"https:\/\/www.europesays.com\/pl\/wp-json\/wp\/v2\/media\/119381"}],"wp:attachment":[{"href":"https:\/\/www.europesays.com\/pl\/wp-json\/wp\/v2\/media?parent=119380"}],"wp:term":[{"taxonomy":"category","embeddable":true,"href":"https:\/\/www.europesays.com\/pl\/wp-json\/wp\/v2\/categories?post=119380"},{"taxonomy":"post_tag","embeddable":true,"href":"https:\/\/www.europesays.com\/pl\/wp-json\/wp\/v2\/tags?post=119380"}],"curies":[{"name":"wp","href":"https:\/\/api.w.org\/{rel}","templated":true}]}}