{"id":119605,"date":"2025-11-26T16:59:07","date_gmt":"2025-11-26T16:59:07","guid":{"rendered":"https:\/\/www.europesays.com\/pl\/119605\/"},"modified":"2025-11-26T16:59:07","modified_gmt":"2025-11-26T16:59:07","slug":"trump-obrazil-kolejna-dziennikarke-brzydka-wewnetrznie-i-zewnetrznie","status":"publish","type":"post","link":"https:\/\/www.europesays.com\/pl\/119605\/","title":{"rendered":"Trump obrazi\u0142 kolejn\u0105 dziennikark\u0119. &#8222;Brzydka wewn\u0119trznie i zewn\u0119trznie&#8221;"},"content":{"rendered":"<p class=\"ods-c-paragraph \">Obra\u017aliwe s\u0142owa prezydent Stan\u00f3w Zjednoczonych opublikowa\u0142 w swoim wpisie w mediach spo\u0142eczno\u015bciowych. To jego reakcja na artyku\u0142, w kt\u00f3rym &#8222;New York Times&#8221; pisa\u0142 o jego zdrowiu i o tym, \u017ce &#8222;traci energi\u0119&#8221;, a w jego harmonogramie jest coraz mniej podr\u00f3\u017cy i wyst\u0105pie\u0144 publicznych. Donald Trump nie przebiera\u0142 w s\u0142owach, komentuj\u0105c tekst. &#8222;Radykalni lewicowi szale\u0144cy w rozpadaj\u0105cym si\u0119 &#8222;New York Timesie&#8221; zaatakowali mnie, twierdz\u0105c, \u017ce by\u0107 mo\u017ce trac\u0119 energi\u0119, mimo \u017ce fakty wskazuj\u0105 na co\u015b zupe\u0142nie przeciwnego&#8221; \u2014 napisa\u0142 na swoim profilu TruthSocial.<\/p>\n<p>Dalszy ci\u0105g artyku\u0142u pod materia\u0142em wideo<\/p>\n<p> Co Donald Trump powiedzia\u0142 o Katie Rogers? <\/p>\n<p> Jakie osi\u0105gni\u0119cia wymieni\u0142 Trump w swojej odpowiedzi? <\/p>\n<p> Dlaczego Trump zaatakowa\u0142 'New York Times&#8217;? <\/p>\n<p> Kiedy wpis Donalda Trumpa zosta\u0142 usuni\u0119ty? <\/p>\n<p>  Obra\u017aliwy wpis Donalda Trumpa<\/p>\n<p class=\"ods-c-paragraph \">Prezydent przytoczy\u0142 swoje osi\u0105gni\u0119cia, kt\u00f3re maj\u0105 przeczy\u0107 temu, co o jego zdrowiu napisa\u0142 &#8222;NYT&#8221;. &#8222;Rozstrzygn\u0105\u0142em 8 wojen, osi\u0105gn\u0105\u0142em 48 nowych maksim\u00f3w gie\u0142dowych, nasza gospodarka ma si\u0119 \u015bwietnie, a nasz kraj jest PONOWNIE SZANOWANY na ca\u0142ym \u015bwiecie&#8221; \u2014 napisa\u0142.<\/p>\n<p class=\"ods-c-paragraph \">&#8222;New York Timesa&#8221; nazwa\u0142 &#8222;tani\u0105 szmat\u0105&#8221; i &#8222;wrogiem ludu&#8221;, a o autorce artyku\u0142y Katie Rogers napisa\u0142: &#8222;Autorka tej historii, Katie Rogers, kt\u00f3rej zadaniem jest pisanie tylko z\u0142ych rzeczy na m\u00f3j temat, jest trzeciorz\u0119dn\u0105 reporterk\u0105, kt\u00f3ra jest brzydka, zar\u00f3wno wewn\u0119trznie, jak i zewn\u0119trznie&#8221;.<\/p>\n<p class=\"ods-c-paragraph \">Wpis Donalda Trumpa zosta\u0142 usuni\u0119ty w godzinach popo\u0142udniowych czasu polskiego.<\/p>\n<p class=\"ods-c-paragraph \">Kilka dni wcze\u015bniej dosz\u0142o do <a href=\"https:\/\/www.onet.pl\/styl-zycia\/plejada\/donald-trump-nazwal-dziennikarke-swinka-obrzydliwe-i-ponizajace-wideo\/4095rnh,0898b825\" id=\"c3957512-b0ff-478c-80df-bc0957088984\" rel=\"nofollow noopener\" target=\"_blank\">incydentu z udzia\u0142em innej dziennikarki<\/a>. W ubieg\u0142y pi\u0105tek Trump na pok\u0142adzie Air Force One odpowiada\u0142 na pytania dziennikarzy m.in. w sprawie przest\u0119pcy seksualnego Jeffreya Epsteina. Gdy reporterka serwisu Bloomberg News zada\u0142a dodatkowe pytanie na ten temat, odpowiedzia\u0142: &#8222;Cicho. Cicho, \u015bwinko&#8221;. Wypowied\u017a wywo\u0142a\u0142a fal\u0119 negatywnych komentarzy.<\/p>\n","protected":false},"excerpt":{"rendered":"Obra\u017aliwe s\u0142owa prezydent Stan\u00f3w Zjednoczonych opublikowa\u0142 w swoim wpisie w mediach spo\u0142eczno\u015bciowych. To jego reakcja na artyku\u0142, w&hellip;\n","protected":false},"author":2,"featured_media":119606,"comment_status":"","ping_status":"","sticky":false,"template":"","format":"standard","meta":{"footnotes":""},"categories":[14],"tags":[32,33,44,994,27,34,35,28,31,48,25,46,40,41,47,80,29,30,71,26,82,83,84],"class_list":{"0":"post-119605","1":"post","2":"type-post","3":"status-publish","4":"format-standard","5":"has-post-thumbnail","7":"category-swiat","8":"tag-breaking-news","9":"tag-breakingnews","10":"tag-donald_trump","11":"tag-dziennikarze","12":"tag-headlines","13":"tag-latest-news","14":"tag-latestnews","15":"tag-naglowki","16":"tag-najwazniejsze-artykuly","17":"tag-nat_styl","18":"tag-news","19":"tag-omp","20":"tag-polish","21":"tag-polski","22":"tag-screening_general","23":"tag-swiat","24":"tag-top-stories","25":"tag-topstories","26":"tag-usa","27":"tag-wiadomosci","28":"tag-world","29":"tag-world-news","30":"tag-worldnews"},"share_on_mastodon":{"url":"https:\/\/pubeurope.com\/@pl\/115617069211307701","error":""},"_links":{"self":[{"href":"https:\/\/www.europesays.com\/pl\/wp-json\/wp\/v2\/posts\/119605","targetHints":{"allow":["GET"]}}],"collection":[{"href":"https:\/\/www.europesays.com\/pl\/wp-json\/wp\/v2\/posts"}],"about":[{"href":"https:\/\/www.europesays.com\/pl\/wp-json\/wp\/v2\/types\/post"}],"author":[{"embeddable":true,"href":"https:\/\/www.europesays.com\/pl\/wp-json\/wp\/v2\/users\/2"}],"replies":[{"embeddable":true,"href":"https:\/\/www.europesays.com\/pl\/wp-json\/wp\/v2\/comments?post=119605"}],"version-history":[{"count":0,"href":"https:\/\/www.europesays.com\/pl\/wp-json\/wp\/v2\/posts\/119605\/revisions"}],"wp:featuredmedia":[{"embeddable":true,"href":"https:\/\/www.europesays.com\/pl\/wp-json\/wp\/v2\/media\/119606"}],"wp:attachment":[{"href":"https:\/\/www.europesays.com\/pl\/wp-json\/wp\/v2\/media?parent=119605"}],"wp:term":[{"taxonomy":"category","embeddable":true,"href":"https:\/\/www.europesays.com\/pl\/wp-json\/wp\/v2\/categories?post=119605"},{"taxonomy":"post_tag","embeddable":true,"href":"https:\/\/www.europesays.com\/pl\/wp-json\/wp\/v2\/tags?post=119605"}],"curies":[{"name":"wp","href":"https:\/\/api.w.org\/{rel}","templated":true}]}}