{"id":119662,"date":"2025-11-26T17:36:13","date_gmt":"2025-11-26T17:36:13","guid":{"rendered":"https:\/\/www.europesays.com\/pl\/119662\/"},"modified":"2025-11-26T17:36:13","modified_gmt":"2025-11-26T17:36:13","slug":"jechal-po-pijanemu-sad-oddal-mu-prawo-jazdy-prokurator-zaskarzy-wyrok","status":"publish","type":"post","link":"https:\/\/www.europesays.com\/pl\/119662\/","title":{"rendered":"Jecha\u0142 po pijanemu. S\u0105d odda\u0142 mu prawo jazdy. Prokurator zaskar\u017cy wyrok?"},"content":{"rendered":"<p class=\"article-p\" data-section=\"detail-body\">Sprawa Mariusza S., lokalnego biznesmena z Dar\u0142owa, zacz\u0119\u0142a si\u0119 20 pa\u017adziernika 2025 r. Na m\u0119\u017cczyzn\u0119, od kt\u00f3rego czu\u0142o si\u0119 wo\u0144 alkoholu, zwr\u00f3ci\u0142 uwag\u0119 policjant po s\u0142u\u017cbie, kt\u00f3ry robi\u0142 w sklepie zakupy. Zobaczy\u0142, \u017ce kierowca wsiad\u0142 do mercedesa. Zawiadomi\u0142 funkcjonariuszy, a ci go zatrzymali. Dmuchni\u0119cie w alkomat nie pozostawi\u0142o w\u0105tpliwo\u015bci: Mariusz S. mia\u0142 w organizmie 1,84 promila alkoholu.<\/p>\n<p class=\"article-p\" data-section=\"detail-body\">Sprawa trafi\u0142a b\u0142yskawicznie do s\u0105du. Wszystko wskazywa\u0142o na to, \u017ce m\u0119\u017cczyzna straci prawo jazdy, a tak\u017ce samoch\u00f3d. Wyrok, kt\u00f3ry zapad\u0142, by\u0142 zadziwiaj\u0105co \u0142agodny. Mariusz S. zosta\u0142 uznany winnym prowadzenia pojazdu pod wp\u0142ywem alkoholu, ale s\u0105d warunkowo umorzy\u0142 post\u0119powanie na dwa lata pr\u00f3by. Zas\u0105dzono tak\u017ce wp\u0142at\u0119 5 tys. z\u0142 na Fundusz Pomocy Pokrzywdzonym i Pomocy Postpenitencjarnej. <a href=\"https:\/\/www.fakt.pl\/pieniadze\/biedronka-musi-zaplacic-za-mobbing-kasjerka-wygrala-w-sadzie\/gkgbpcw\" id=\"4220f6f3-44db-4253-8e8a-0bc485d19b72\" rel=\"nofollow noopener\" target=\"_blank\">Wyrok uprawomocni\u0142 si<\/a>\u0119 ju\u017c po czterech dniach, co oznacza\u0142o, \u017ce 27 pa\u017adziernika przedsi\u0119biorca m\u00f3g\u0142 znowu wsi\u0105\u015b\u0107 za k\u00f3\u0142ko.<\/p>\n<p>        Jecha\u0142 maj\u0105c 1,84 promila alkoholu w organizmie. Po wyroku przeprosi\u0142<\/p>\n<p class=\"article-p\" data-section=\"detail-body\">Informacje te zszokowa\u0142y opini\u0119 publiczn\u0105. Rzecznik S\u0105du Okr\u0119gowego w Koszalinie, s\u0119dzia S\u0142awomir Przykucki, t\u0142umaczy\u0142, \u017ce s\u0105d wzi\u0105\u0142 pod uwag\u0119 dotychczasow\u0105 niekaralno\u015b\u0107 Mariusza S., jego nieposzlakowan\u0105 opini\u0119 w \u015brodowisku oraz fakt, \u017ce przez 40 lat posiadania prawa jazdy nie mia\u0142 na swoim koncie \u017cadnych punkt\u00f3w karnych.<\/p>\n<p class=\"article-p\" data-section=\"detail-body\">Mariusz S. wys\u0142a\u0142 do redakcji &#8222;Faktu&#8221; o\u015bwiadczenie: <\/p>\n<p class=\"article-p\" data-section=\"detail-body\">&#8222;Przepraszam za swoje nieodpowiedzialne post\u0119powanie, za jazd\u0119 samochodem pod wp\u0142ywem alkoholu i spowodowanie zagro\u017cenia na drodze. Decyzja o prowadzeniu samochodu pod wp\u0142ywem alkoholu by\u0142a najgorsz\u0105 decyzj\u0105 w moim \u017cyciu. Nie znajduj\u0119 s\u0142\u00f3w usprawiedliwienia i s\u0142\u00f3w, kt\u00f3rymi m\u00f3g\u0142bym wyrazi\u0107, jak bardzo jest mi przykro i jak bardzo wstydz\u0119 si\u0119 tej decyzji.<\/p>\n<p class=\"article-p\" data-section=\"detail-body\">Szczerze \u017ca\u0142uj\u0119 i g\u0142\u0119boko przepraszam wszystkich, kt\u00f3rych postawi\u0142em w trudnej sytuacji swoim zachowaniem i zawiod\u0142em. To nie powinno si\u0119 wydarzy\u0107&#8221;.<\/p>\n<p>        Prokuratura odnosi si\u0119 do wyroku s\u0105du w sprawie pijanego kierowcy<\/p>\n<p class=\"article-p\" data-section=\"detail-body\">Po publikacjach w &#8222;Fakcie&#8221; skontaktowa\u0142a si\u0119 z nami tak\u017ce przedstawicielka prokuratury krajowej, z informacj\u0105 o tym, \u017ce spraw\u0105 zainteresowa\u0142 si\u0119 sam minister sprawiedliwo\u015bci.<\/p>\n<p class=\"article-p\" data-section=\"detail-body\">Prok. Ewa Dziadczyk z Prokuratury Okr\u0119gowej w Koszalinie potwierdzi\u0142a wcze\u015bniejsze informacje o tym, \u017ce <a href=\"https:\/\/wiadomosci.onet.pl\/kraj\/przyspieszony-rozwod-waldemar-zurek-o-projekcie-ministerstwa\/3gjpewt\" id=\"31b64461-735f-4201-bb9e-77d557f5bc3e\" rel=\"nofollow noopener\" target=\"_blank\">post\u0119powanie toczy\u0142o si\u0119 w trybie przyspieszonym, bez udzia\u0142u prokuratora<\/a>. \u2014 Prokurator ma mo\u017cliwo\u015b\u0107 zaskar\u017cenia takiego wyroku, pod warunkiem \u017ce wiedzia\u0142 o tym posiedzeniu. Aktualnie podj\u0119te zosta\u0142y dzia\u0142ania, maj\u0105ce na celu ustalenie, czy zachowana zosta\u0142a w\u0142a\u015bciwa procedura, a mianowicie, czy prokurator zosta\u0142 powiadomiony o terminie posiedzenia s\u0105du i mia\u0142 mo\u017cliwo\u015b\u0107 zapoznania si\u0119 z tre\u015bci\u0105 wyroku.<\/p>\n<p class=\"article-p\" data-section=\"detail-body\">Dzia\u0142ania te maj\u0105 zmierza\u0107 do zaskar\u017cenia tego orzeczenia. Co na to Mariusz S.? \u2014 Co ja na to mog\u0119? Je\u017celi prokurator <a href=\"https:\/\/www.fakt.pl\/wydarzenia\/polska\/lublin\/adwokat-michal-k-przyznal-sie-do-winy-chce-pieciu-lat-wiezienia-bez-procesu\/grfst7s\" id=\"56fc979e-3ace-471e-ba0c-88db845ddd24\" rel=\"nofollow noopener\" target=\"_blank\">b\u0119dzie chcia\u0142 kasacji wyroku<\/a>, no to b\u0119dzie kasacja i tyle \u2014 powiedzia\u0142 w rozmowie z reporterem &#8222;Faktu&#8221;. \u2014 Niczego si\u0119 nie obawiam, \u017cyj\u0119 dalej. Za to, co si\u0119 sta\u0142o, przeprosi\u0142em i ubolewam nad tym. Nie kwestionuj\u0119 wyrok\u00f3w s\u0105d\u00f3w. Co mog\u0142em, to zrobi\u0142em. Przeprosi\u0142em i wi\u0119cej komentarzy nie b\u0119dzie. Wyje\u017cd\u017cam, ju\u017c praktycznie rzecz bior\u0105c, mnie nie ma. Za miesi\u0105c wracam. Wszyscy ju\u017c s\u0105 zm\u0119czeni. Moja rodzina te\u017c jest zdenerwowana. Ja ju\u017c nie chc\u0119 wi\u0119cej tego tematu rozgrzewa\u0107. Je\u015bli b\u0119dzie pan uprzejmy, niech pan napisze moje przeprosiny \u2014 doda\u0142 m\u0119\u017cczyzna.<\/p>\n<p class=\"article-p\" data-section=\"detail-body\"><a href=\"https:\/\/www.fakt.pl\/wydarzenia\/mercedes-i-alkohol-mariusz-s-przeprasza-sad-wydaje-zaskakujacy-wyrok\/dsx128v\" id=\"f61c1adc-dd71-4436-88a4-d2bc1d7d8ae5\" rel=\"nofollow noopener\" target=\"_blank\">Skandal z udzia\u0142em bogatego przedsi\u0119biorcy. &#8222;To najgorsza decyzja w moim \u017cyciu&#8221;<\/a><\/p>\n<p class=\"article-p\" data-section=\"detail-body\"><a href=\"https:\/\/www.fakt.pl\/wydarzenia\/skandal-w-darlowie-znany-przedsiebiorca-uniknal-surowej-kary-za-jazde-po-alkoholu\/q0pqxed\" id=\"05af02b1-00fc-426a-aabd-1fd94c8a6213\" rel=\"nofollow noopener\" target=\"_blank\">Szokuj\u0105ca decyzja s\u0105du na Pomorzu w sprawie pijanego kierowcy. By\u0142 wyj\u0105tkowo \u0142askawy<\/a><\/p>\n<p class=\"article-p\" data-section=\"detail-body\"><a href=\"https:\/\/www.fakt.pl\/wydarzenia\/polska\/wroclaw\/wroclaw-policyjny-poscig-zakonczyl-sie-tragedia-wstrzasajace-nagranie\/g39zrzl\" id=\"e93c4b43-47d6-46e9-8e30-0d7f4271000d\" rel=\"nofollow noopener\" target=\"_blank\">Po\u015bcig ulicami Wroc\u0142awia zako\u0144czy\u0142 si\u0119 tragedi\u0105. Tak dosz\u0142o do wypadku. Nagranie<\/a><\/p>\n<p>        \/2<\/p>\n<p>                    <img decoding=\"async\" class=\"article-image-img\" loading=\"lazy\" alt=\"\" src=\"https:\/\/www.europesays.com\/pl\/wp-content\/uploads\/2025\/11\/c5Bk9kuTURBXy81OTQ5N2E1Yi0wZDJmLTQ3MzQtYmZjNy1hYmYxZTA2ZDU2ZGUuanBlZ5GTAs0DSM0Gqd4AAqEwAaExAQ.jpeg\" width=\"840\" height=\"1705\"\/><\/p>\n<p>                  Darlowo.pl \/ &#8211;<\/p>\n<p class=\"article-gallery-p\">\n        Mariusz S., kt\u00f3rego s\u0105d w S\u0142awnie potraktowa\u0142 nadzwyczaj \u0142agodnie, teraz ubolewa nad tym, \u017ce pijany je\u017adzi\u0142 swoim samochodem i za to przeprasza.\n    <\/p>\n<p>        \/2<\/p>\n<p>                    <img decoding=\"async\" class=\"article-image-img\" loading=\"lazy\" alt=\"\" src=\"https:\/\/www.europesays.com\/pl\/wp-content\/uploads\/2025\/11\/9aXk9kuTURBXy85YTAyZjcwNy00NGJjLTQ5MjItYTVjNi03MTFlNTA4ZDI1MGQuanBlZ5GTAs0DSM0CXN4AAqEwAaExAQ.jpeg\" width=\"840\" height=\"604\"\/><\/p>\n<p>                  Gry\u0144 Przemys\u0142aw \/ newspix.pl<\/p>\n<p class=\"article-gallery-p\">\n        Prok. Ewa Dziadczyk, rzecznik prasowy Prokuratury Okr\u0119gowej w Koszalinie.\n    <\/p>\n","protected":false},"excerpt":{"rendered":"Sprawa Mariusza S., lokalnego biznesmena z Dar\u0142owa, zacz\u0119\u0142a si\u0119 20 pa\u017adziernika 2025 r. Na m\u0119\u017cczyzn\u0119, od kt\u00f3rego czu\u0142o&hellip;\n","protected":false},"author":2,"featured_media":119663,"comment_status":"","ping_status":"","sticky":false,"template":"","format":"standard","meta":{"footnotes":""},"categories":[5],"tags":[32,33,36,37,27,34,35,28,31,25,42,38,40,39,41,29,30,26],"class_list":{"0":"post-119662","1":"post","2":"type-post","3":"status-publish","4":"format-standard","5":"has-post-thumbnail","7":"category-naglowki","8":"tag-breaking-news","9":"tag-breakingnews","10":"tag-featured-news","11":"tag-featurednews","12":"tag-headlines","13":"tag-latest-news","14":"tag-latestnews","15":"tag-naglowki","16":"tag-najwazniejsze-artykuly","17":"tag-news","18":"tag-pl","19":"tag-poland","20":"tag-polish","21":"tag-polska","22":"tag-polski","23":"tag-top-stories","24":"tag-topstories","25":"tag-wiadomosci"},"share_on_mastodon":{"url":"https:\/\/pubeurope.com\/@pl\/115617214335172233","error":""},"_links":{"self":[{"href":"https:\/\/www.europesays.com\/pl\/wp-json\/wp\/v2\/posts\/119662","targetHints":{"allow":["GET"]}}],"collection":[{"href":"https:\/\/www.europesays.com\/pl\/wp-json\/wp\/v2\/posts"}],"about":[{"href":"https:\/\/www.europesays.com\/pl\/wp-json\/wp\/v2\/types\/post"}],"author":[{"embeddable":true,"href":"https:\/\/www.europesays.com\/pl\/wp-json\/wp\/v2\/users\/2"}],"replies":[{"embeddable":true,"href":"https:\/\/www.europesays.com\/pl\/wp-json\/wp\/v2\/comments?post=119662"}],"version-history":[{"count":0,"href":"https:\/\/www.europesays.com\/pl\/wp-json\/wp\/v2\/posts\/119662\/revisions"}],"wp:featuredmedia":[{"embeddable":true,"href":"https:\/\/www.europesays.com\/pl\/wp-json\/wp\/v2\/media\/119663"}],"wp:attachment":[{"href":"https:\/\/www.europesays.com\/pl\/wp-json\/wp\/v2\/media?parent=119662"}],"wp:term":[{"taxonomy":"category","embeddable":true,"href":"https:\/\/www.europesays.com\/pl\/wp-json\/wp\/v2\/categories?post=119662"},{"taxonomy":"post_tag","embeddable":true,"href":"https:\/\/www.europesays.com\/pl\/wp-json\/wp\/v2\/tags?post=119662"}],"curies":[{"name":"wp","href":"https:\/\/api.w.org\/{rel}","templated":true}]}}