{"id":119711,"date":"2025-11-26T18:09:11","date_gmt":"2025-11-26T18:09:11","guid":{"rendered":"https:\/\/www.europesays.com\/pl\/119711\/"},"modified":"2025-11-26T18:09:11","modified_gmt":"2025-11-26T18:09:11","slug":"ogromny-pozar-wysokosciowcow-w-hongkongu-drastycznie-wzrosla-liczba-ofiar-onet","status":"publish","type":"post","link":"https:\/\/www.europesays.com\/pl\/119711\/","title":{"rendered":"Ogromny po\u017car wysoko\u015bciowc\u00f3w w Hongkongu. Drastycznie wzros\u0142a liczba ofiar &#8211; Onet"},"content":{"rendered":"<ol>\n<li><a href=\"https:\/\/news.google.com\/rss\/articles\/CBMi0gFBVV95cUxQWmFGY3lraElHTEdXR0hKVkhlNVFXeF9VRFVOcnR3R0dNX1NTc2E3UDMwUUhhRlJHaHlyOHplQ25fTm9yTElQZS1fYXRMOTc4TWJWVjJBdk55c0dyNm5kSGgxa1JTTFpTbFFQa2pKNHhXVzhvMTY2WHEwV0tSVW1oSnlRRFVNMl9VcjBDWW9rX21lOEFkSUtIc2RVTWJSZVJhcGY2c25aelNYVUVzUHVmZmJRN28xcFRwSWR0S21BZm5BS2tkS21CNnRrYTJVQnhVZUE?oc=5\" target=\"_blank\" rel=\"nofollow noopener\">Ogromny po\u017car wysoko\u015bciowc\u00f3w w Hongkongu. Drastycznie wzros\u0142a liczba ofiar<\/a>&nbsp;&nbsp;Onet<\/li>\n<li><a href=\"https:\/\/news.google.com\/rss\/articles\/CBMirAFBVV95cUxOX09taVBBTWFvQWJ2cFp5V2lXZEx4eEZ6NlZTSWw3cTNiTngyVlJxcnFhalZRZ0ZUQ0JNei1uMXZxVW9oZU1HMkxiT1NadUtkcmY4U3I1R1ZjVFVxTTd5MDEta01va3RaWnJYSDBYT3NyUW9GcFBEdGtMZEptRkVIdFdWRklvS3l3TEZXRWZudjctcVVsN21kaFc0Wnl2UWtLd0lLdzFoR25HVzlf?oc=5\" target=\"_blank\" rel=\"nofollow noopener\">Ogromny po\u017car w Hongkongu. Ro\u015bnie liczba ofiar<\/a>&nbsp;&nbsp;Onet<\/li>\n<li><a href=\"https:\/\/news.google.com\/rss\/articles\/CBMi3wFBVV95cUxPczE4X1RWbGFBLWpjYXBaRDBtZkdxc3F3VnBZa3l5OGMtTjlfUEZXMjNQVEl4ZFJLTTVBUG5vQzBvOGZnZlpra0l5a3pRS3JmaXp2dS1PdXF0eFVhUzd5eUZQRVBOa1hLZk9sRndqWExxdzhEQjQ2X1pwRWR6Y0twTnFyVzZyQ3hySFcyaHRDdzU2Smg5QUxTa0ltcE9kazJFNFVRTWIxOHJSdjlhdl9FWlplZ1RlS3JVSThmRXdjWG5pM2Z5b1hNOWd6dXpJVzdsUzgxZDhhYU5NZXNYTWt3?oc=5\" target=\"_blank\" rel=\"nofollow noopener\">P\u0142on\u0105cy wie\u017cowiec. W \u015brodku uwi\u0119zieni ludzie<\/a>&nbsp;&nbsp;TVP Info<\/li>\n<li><a href=\"https:\/\/news.google.com\/rss\/articles\/CBMihwFBVV95cUxPNlVGc1pEalJOR2gxOUNHdjBVSHRBZkY0ZDQwLW1fTnRkYjV4T09OVC1RYnh5bUlZa0Z2MkxWSkVhVDBkQk5yUHJRaE5HVXJyUEw0VXAyN3JDZF84ekhxXzc5bHprMVVtR1EtdVozSHp0Vmc1Q0xhV3AxZUMtXzhCeU0wZHJ0c3M?oc=5\" target=\"_blank\" rel=\"nofollow noopener\">P\u0142onie kompleks wie\u017cowc\u00f3w w Hongkongu. S\u0105 ofiary<\/a>&nbsp;&nbsp;TVN24<\/li>\n<li><a href=\"https:\/\/news.google.com\/rss\/articles\/CBMisAFBVV95cUxNMHVtSFdNY2xpSlVieGVzQ1c2S3Bva3JZdmRDVjJDZDhqWThNWEpPXy1IZ0NlUnhKYmlvX1h6U09EZ3VtY1pQUUp1QmhnVEJiX0xIQnNFbEV6TUU4bmpFTXFyYUpVREtwQmdDTDRkUW4xSzJONHUyZnMxcjV1NjZyUVh4d1NXQjg5S1VBdk1fZUFZOEstdVhZU1ptbTlwSk4wY3B1dlJEVmpRWHNhaDJSUA?oc=5\" target=\"_blank\" rel=\"nofollow noopener\">Hongkong: Wielki po\u017car wie\u017cowc\u00f3w. Ludzie uwi\u0119zieni w mieszkaniach<\/a>&nbsp;&nbsp;Rzeczpospolita<\/li>\n<\/ol>\n","protected":false},"excerpt":{"rendered":"Ogromny po\u017car wysoko\u015bciowc\u00f3w w Hongkongu. Drastycznie wzros\u0142a liczba ofiar&nbsp;&nbsp;Onet Ogromny po\u017car w Hongkongu. Ro\u015bnie liczba ofiar&nbsp;&nbsp;Onet P\u0142on\u0105cy wie\u017cowiec.&hellip;\n","protected":false},"author":2,"featured_media":119572,"comment_status":"","ping_status":"","sticky":false,"template":"","format":"standard","meta":{"footnotes":""},"categories":[14],"tags":[32,33,27,15365,67,34,35,28,31,53,25,52,68,51,55,40,41,4686,47,80,29,30,50,26,82,83,84],"class_list":{"0":"post-119711","1":"post","2":"type-post","3":"status-publish","4":"format-standard","5":"has-post-thumbnail","7":"category-swiat","8":"tag-breaking-news","9":"tag-breakingnews","10":"tag-headlines","11":"tag-hongkong_chinska_prowincja","12":"tag-intextvideo_splayer","13":"tag-latest-news","14":"tag-latestnews","15":"tag-naglowki","16":"tag-najwazniejsze-artykuly","17":"tag-new_header","18":"tag-news","19":"tag-onet3","20":"tag-onet3d","21":"tag-onet3d_2i","22":"tag-phx","23":"tag-polish","24":"tag-polski","25":"tag-pozar_pozary","26":"tag-screening_general","27":"tag-swiat","28":"tag-top-stories","29":"tag-topstories","30":"tag-v2021","31":"tag-wiadomosci","32":"tag-world","33":"tag-world-news","34":"tag-worldnews"},"share_on_mastodon":{"url":"https:\/\/pubeurope.com\/@pl\/115617344097854647","error":""},"_links":{"self":[{"href":"https:\/\/www.europesays.com\/pl\/wp-json\/wp\/v2\/posts\/119711","targetHints":{"allow":["GET"]}}],"collection":[{"href":"https:\/\/www.europesays.com\/pl\/wp-json\/wp\/v2\/posts"}],"about":[{"href":"https:\/\/www.europesays.com\/pl\/wp-json\/wp\/v2\/types\/post"}],"author":[{"embeddable":true,"href":"https:\/\/www.europesays.com\/pl\/wp-json\/wp\/v2\/users\/2"}],"replies":[{"embeddable":true,"href":"https:\/\/www.europesays.com\/pl\/wp-json\/wp\/v2\/comments?post=119711"}],"version-history":[{"count":0,"href":"https:\/\/www.europesays.com\/pl\/wp-json\/wp\/v2\/posts\/119711\/revisions"}],"wp:featuredmedia":[{"embeddable":true,"href":"https:\/\/www.europesays.com\/pl\/wp-json\/wp\/v2\/media\/119572"}],"wp:attachment":[{"href":"https:\/\/www.europesays.com\/pl\/wp-json\/wp\/v2\/media?parent=119711"}],"wp:term":[{"taxonomy":"category","embeddable":true,"href":"https:\/\/www.europesays.com\/pl\/wp-json\/wp\/v2\/categories?post=119711"},{"taxonomy":"post_tag","embeddable":true,"href":"https:\/\/www.europesays.com\/pl\/wp-json\/wp\/v2\/tags?post=119711"}],"curies":[{"name":"wp","href":"https:\/\/api.w.org\/{rel}","templated":true}]}}