{"id":119788,"date":"2025-11-26T19:04:12","date_gmt":"2025-11-26T19:04:12","guid":{"rendered":"https:\/\/www.europesays.com\/pl\/119788\/"},"modified":"2025-11-26T19:04:12","modified_gmt":"2025-11-26T19:04:12","slug":"terminy-wyplat-emerytur-w-grudniu-kiedy-spodziewac-sie-przelewu","status":"publish","type":"post","link":"https:\/\/www.europesays.com\/pl\/119788\/","title":{"rendered":"Terminy wyp\u0142at emerytur w grudniu. Kiedy spodziewa\u0107 si\u0119 przelewu?"},"content":{"rendered":"<ol style=\"counter-reset:list-counter\" class=\"typography ids-typeset-body ids-typeset-body--preset-large list ids-list ids-list--ordered ids-list--size-large ids-list--marker-decimalLeadingZero \">\n<li class=\"ids-list-item\">\n<p>Dlaczego terminy przelew\u00f3w emerytur mog\u0105 si\u0119 zmienia\u0107?<\/p>\n<\/li>\n<li class=\"ids-list-item\">\n<p>Terminy przelew\u00f3w emerytur w grudniu 2025<\/p>\n<\/li>\n<li class=\"ids-list-item\">\n<p>Jak sprawdzi\u0107 termin swojej emerytury?<\/p>\n<\/li>\n<\/ol>\n<p>Dlaczego terminy przelew\u00f3w emerytur mog\u0105 si\u0119 zmienia\u0107?<\/p>\n<p class=\"typography ids-typeset-body ids-typeset-body--preset-large link paragraph ids-paragraph ids-paragraph--default\">Terminy zwi\u0105zane z wyp\u0142at\u0105 \u015bwiadcze\u0144 emerytalnych i rentowych s\u0105 z g\u00f3ry okre\u015blone. Wyp\u0142ata \u015brodk\u00f3w na konta \u015bwiadczeniobiorc\u00f3w nast\u0119puje 1., 5., 6., 10., 15., 20. i 25. dnia miesi\u0105ca. To w\u0142a\u015bnie w\u00f3wczas Zak\u0142ad Ubezpiecze\u0144 Spo\u0142ecznych realizuje przelewy. Mo\u017ce si\u0119 jednak zdarzy\u0107, \u017ce emerytura wp\u0142ynie na konto seniora w inny dzie\u0144. Dlaczego tak si\u0119 dzieje?<\/p>\n<p class=\"typography ids-typeset-body ids-typeset-body--preset-large link paragraph ids-paragraph ids-paragraph--default\">Daty przelew\u00f3w\u00a0<a href=\"https:\/\/kobieta.interia.pl\/tagi-emerytura,tId,93397\" target=\"_self\" rel=\"nofollow noopener\">emerytur<\/a> mog\u0105 si\u0119 zmienia\u0107 w wyniku przypadni\u0119cia danego terminu wyp\u0142aty w weekend lub dzie\u0144 \u015bwi\u0105teczny. Co istotne &#8211; w grudniu taka sytuacja b\u0119dzie mia\u0142a miejsce trzy razy.<\/p>\n<p>Terminy przelew\u00f3w emerytur w grudniu 2025<\/p>\n<p class=\"typography ids-typeset-body ids-typeset-body--preset-large link paragraph ids-paragraph ids-paragraph--default\">Bior\u0105c pod uwag\u0119 powy\u017csze informacje, w jakie dni przypadn\u0105 terminy przelew\u00f3w emerytur w grudniu 2025? Na niekt\u00f3rych emeryt\u00f3w czekaj\u0105 pewne zmiany, jednak nie powinny one stanowi\u0107 wi\u0119kszego k\u0142opotu. Wyp\u0142aty \u015bwiadcze\u0144 emerytalnych nast\u0105pi\u0105 w poni\u017csze dni:<\/p>\n<ul class=\"typography ids-typeset-body ids-typeset-body--preset-large list ids-list ids-list--unordered ids-list--size-large \" datatype=\"disc\">\n<li class=\"ids-list-item\">\n<p>1 grudnia &#8211; poniedzia\u0142ek;<\/p>\n<\/li>\n<li class=\"ids-list-item\">\n<p>5 grudnia &#8211; pi\u0105tek;<\/p>\n<\/li>\n<li class=\"ids-list-item\">\n<p>6 grudnia &#8211; sobota &#8211; wyp\u0142ata nast\u0105pi szybciej &#8211; w pi\u0105tek 5 grudnia;<\/p>\n<\/li>\n<li class=\"ids-list-item\">\n<p>10 grudnia &#8211; \u015broda;<\/p>\n<\/li>\n<li class=\"ids-list-item\">\n<p>15 grudnia &#8211; poniedzia\u0142ek;<\/p>\n<\/li>\n<li class=\"ids-list-item\">\n<p>20 grudnia &#8211; sobota &#8211; wyp\u0142ata nast\u0105pi szybciej &#8211; w pi\u0105tek 19 grudnia;<\/p>\n<\/li>\n<li class=\"ids-list-item\">\n<p>25 grudnia &#8211; czwartek &#8211; Pierwszy Dzie\u0144 \u015awi\u0105t, wyp\u0142ata nast\u0105pi szybciej &#8211; 23 grudnia.<\/p>\n<\/li>\n<\/ul>\n<p class=\"typography ids-typeset-body ids-typeset-body--preset-large link paragraph ids-paragraph ids-paragraph--default\">Co ciekawe, niekt\u00f3rzy otrzymaj\u0105 w grudniu dwa przelewy. Chodzi tutaj o osoby, kt\u00f3re dostaj\u0105 emerytur\u0119 w 1. dzie\u0144 miesi\u0105ca. W ich przypadku \u015bwiadczenie zostanie wyp\u0142acone 1 grudnia oraz 31 grudnia &#8211; 1 stycznia to \u015bwi\u0119to, wskutek czego <a href=\"https:\/\/wydarzenia.interia.pl\/tematy-zus,gsbi,5057\" rel=\"nofollow noopener\" target=\"_blank\">ZUS<\/a> zrealizuje przelew szybciej.<\/p>\n<p><img decoding=\"async\" class=\"ids-image-holder__img\" loading=\"lazy\" alt=\"Starsza kobieta w okularach siedzi przy stole, trzyma w r\u0119kach banknoty i spogl\u0105da na nie uwa\u017cnie, na stole le\u017c\u0105 dokumenty oraz portfel.\" title=\"Niekt\u00f3rzy otrzymaj\u0105 w grudniu dwa przelewy\" width=\"1280\" height=\"800\" src=\"https:\/\/www.europesays.com\/pl\/wp-content\/uploads\/2025\/11\/000LBCEWRH6C70HC-C322-F4.webp.webp\"\/><\/p>\n<p>Niekt\u00f3rzy otrzymaj\u0105 w grudniu dwa przelewyCanva ProINTERIA.PL<\/p>\n<p>Jak sprawdzi\u0107 termin swojej emerytury?<\/p>\n<p class=\"typography ids-typeset-body ids-typeset-body--preset-large link paragraph ids-paragraph ids-paragraph--default\">Przy sk\u0142adaniu wniosku o emerytur\u0119, Zak\u0142ad Ubezpiecze\u0144 Spo\u0142ecznych ustala termin wyp\u0142aty \u015bwiadczenia. Niekt\u00f3rzy seniorzy mog\u0105 zastanawia\u0107 si\u0119 nad tym, w jaki spos\u00f3b da si\u0119 sprawdzi\u0107 rzeczony termin. Okazuje si\u0119, \u017ce to ca\u0142kiem \u0142atwe.<\/p>\n<p class=\"typography ids-typeset-body ids-typeset-body--preset-large link paragraph ids-paragraph ids-paragraph--default\">Wystarczy zalogowa\u0107 si\u0119 do aplikacji bankowej, a nast\u0119pnie zajrze\u0107 w histori\u0119 przelew\u00f3w i znale\u017a\u0107 przelew z emerytur\u0105 z ZUS-u &#8211; w szczeg\u00f3\u0142ach owego przelewu znajdziemy dat\u0119 jego wykonania. Informacj\u0119 dotycz\u0105c\u0105 terminu wyp\u0142aty <a href=\"https:\/\/biznes.interia.pl\/emerytury\" target=\"_self\" rel=\"nofollow noopener\">emerytury<\/a> mo\u017cemy r\u00f3wnie\u017c uzyska\u0107 kontaktuj\u0105c si\u0119 telefonicznie z Zak\u0142adem Ubezpiecze\u0144 Spo\u0142ecznych, odwiedzaj\u0105c plac\u00f3wk\u0119 osobi\u015bcie lub loguj\u0105c si\u0119 do swojego konta na Platformie Us\u0142ug Elektronicznych ZUS.<\/p>\n<p class=\"typography ids-typeset-body ids-typeset-body--preset-large link paragraph ids-paragraph ids-paragraph--default\">Co zrobi\u0107, je\u015bli przelew nie wp\u0142yn\u0105\u0142 na konto w przewidzianym terminie? W takiej sytuacji najlepsz\u0105 opcj\u0105 okazuje si\u0119 kontakt z Zak\u0142adem Ubezpiecze\u0144 Spo\u0142ecznych. W trakcie rozmowy telefonicznej z pracownikiem ZUS-u sprawa powinna si\u0119 wyklarowa\u0107.<\/p>\n<ul class=\"typography ids-typeset-body ids-typeset-body--preset-small list--article-list ids-list ids-list--unordered ids-list--size-small \" datatype=\"disc\">\n<li class=\"ids-list-item ids-list-item__content brief-list-item\"><a class=\"ids-undecorated-link link ids-link \" data-spons=\"false\" href=\"https:\/\/kobieta.interia.pl\/porady\/news-zmiany-od-1-stycznia-2026-roku-ta-grupa-zyska-najwiecej,nId,22456746\" rel=\"nofollow noopener\" target=\"_blank\">Zmiany od 1 stycznia 2026 roku: Ta grupa zyska najwi\u0119cej <\/a><\/li>\n<li class=\"ids-list-item ids-list-item__content brief-list-item\"><a class=\"ids-undecorated-link link ids-link \" data-spons=\"false\" href=\"https:\/\/kobieta.interia.pl\/newsy\/news-w-grudniu-az-dwie-emerytury-wyjasniamy-kogo-dotyczy-zmiana,nId,22455904\" rel=\"nofollow noopener\" target=\"_blank\">W grudniu a\u017c dwie emerytury. Wyja\u015bniamy, kogo dotyczy zmiana<\/a><\/li>\n<\/ul>\n<p class=\"typography ids-typeset-body ids-typeset-body--preset-large link paragraph ids-paragraph ids-paragraph--default\">Nie wszystko trzeba wiedzie\u0107 od razu, ale warto wiedzie\u0107, gdzie szuka\u0107 pomocy. Zajrzyj po proste i rzetelne porady, kt\u00f3re pomog\u0105 ci w codziennych sprawach od s\u0105siedzkich nieporozumie\u0144 po wa\u017cne dokumenty i \u015bwiadczenia. Wi\u0119cej na\u00a0<a href=\"https:\/\/kobieta.interia.pl\/porady\" target=\"_blank\" rel=\"nofollow noopener\">kobieta.interia.pl\/porady<\/a><\/p>\n<p><a href=\"https:\/\/kobieta.interia.pl\/porady\" target=\"_blank\" rel=\"noreferrer nofollow noopener\"><img decoding=\"async\" class=\"ids-image-holder__img\" loading=\"lazy\" alt=\"Dwie kobiece d\u0142onie zapisuj\u0105ce notatki w zeszycie, na pierwszym planie d\u0142ugopis oraz notes. W tle widoczny fragment laptopa, po lewej stronie grafika z napisem 'porady interia kobieta'.\" title=\"Czasem wystarczy kilka sprawdzonych wskaz\u00f3wek, by za\u0142atwi\u0107 co\u015b szybciej, taniej i spokojniej\" width=\"851\" height=\"315\" src=\"https:\/\/www.europesays.com\/pl\/wp-content\/uploads\/2025\/11\/000LUX8ZC88DAAJV-C322-F4.webp.webp\"\/><\/a><\/p>\n<p>Czasem wystarczy kilka sprawdzonych wskaz\u00f3wek, by za\u0142atwi\u0107 co\u015b szybciej, taniej i spokojniejCanva ProINTERIA.PL<\/p>\n<p><a class=\"ids-undecorated-link source ids-page-info--source__link\" href=\"https:\/\/www.interia.pl\" rel=\"nofollow noopener\" target=\"_blank\"><img decoding=\"async\" class=\"ids-image-holder__img\" loading=\"lazy\" alt=\"\" title=\"\" height=\"24px\" src=\"https:\/\/www.europesays.com\/pl\/wp-content\/uploads\/2025\/11\/1763998694_431_0009A60QQ5I2TYF7-C202-F4.webp.webp\"\/><\/a><\/p>\n<p>Masz sugestie, uwagi albo widzisz b\u0142\u0105d? Napisz do nas<\/p>\n","protected":false},"excerpt":{"rendered":"Dlaczego terminy przelew\u00f3w emerytur mog\u0105 si\u0119 zmienia\u0107? Terminy przelew\u00f3w emerytur w grudniu 2025 Jak sprawdzi\u0107 termin swojej emerytury?&hellip;\n","protected":false},"author":2,"featured_media":119789,"comment_status":"","ping_status":"","sticky":false,"template":"","format":"standard","meta":{"footnotes":""},"categories":[16],"tags":[113,112,42,38,40,39,41],"class_list":{"0":"post-119788","1":"post","2":"type-post","3":"status-publish","4":"format-standard","5":"has-post-thumbnail","7":"category-biznes","8":"tag-biznes","9":"tag-business","10":"tag-pl","11":"tag-poland","12":"tag-polish","13":"tag-polska","14":"tag-polski"},"share_on_mastodon":{"url":"https:\/\/pubeurope.com\/@pl\/115617560674122145","error":""},"_links":{"self":[{"href":"https:\/\/www.europesays.com\/pl\/wp-json\/wp\/v2\/posts\/119788","targetHints":{"allow":["GET"]}}],"collection":[{"href":"https:\/\/www.europesays.com\/pl\/wp-json\/wp\/v2\/posts"}],"about":[{"href":"https:\/\/www.europesays.com\/pl\/wp-json\/wp\/v2\/types\/post"}],"author":[{"embeddable":true,"href":"https:\/\/www.europesays.com\/pl\/wp-json\/wp\/v2\/users\/2"}],"replies":[{"embeddable":true,"href":"https:\/\/www.europesays.com\/pl\/wp-json\/wp\/v2\/comments?post=119788"}],"version-history":[{"count":0,"href":"https:\/\/www.europesays.com\/pl\/wp-json\/wp\/v2\/posts\/119788\/revisions"}],"wp:featuredmedia":[{"embeddable":true,"href":"https:\/\/www.europesays.com\/pl\/wp-json\/wp\/v2\/media\/119789"}],"wp:attachment":[{"href":"https:\/\/www.europesays.com\/pl\/wp-json\/wp\/v2\/media?parent=119788"}],"wp:term":[{"taxonomy":"category","embeddable":true,"href":"https:\/\/www.europesays.com\/pl\/wp-json\/wp\/v2\/categories?post=119788"},{"taxonomy":"post_tag","embeddable":true,"href":"https:\/\/www.europesays.com\/pl\/wp-json\/wp\/v2\/tags?post=119788"}],"curies":[{"name":"wp","href":"https:\/\/api.w.org\/{rel}","templated":true}]}}