{"id":119872,"date":"2025-11-26T19:53:12","date_gmt":"2025-11-26T19:53:12","guid":{"rendered":"https:\/\/www.europesays.com\/pl\/119872\/"},"modified":"2025-11-26T19:53:12","modified_gmt":"2025-11-26T19:53:12","slug":"koncern-zamyka-symbol-chorzowa-ludzie-poswiecili-temu-miejscu-zycie","status":"publish","type":"post","link":"https:\/\/www.europesays.com\/pl\/119872\/","title":{"rendered":"Koncern zamyka symbol Chorzowa. &#8222;Ludzie po\u015bwi\u0119cili temu miejscu \u017cycie&#8221;"},"content":{"rendered":"<ul class=\"UnorderedList_container__nmfSl\">\n<li class=\"UnorderedList_listElement__Py7xi\" data-id=\"ai-summary-link\">Du\u017co czytania, a ma\u0142o czasu? Sprawd\u017a\u00a0skr\u00f3t\u00a0artyku\u0142u<\/li>\n<\/ul>\n<p class=\"Paragraph_desktopParagraph__U31Gm\">We wtorek o godz. 9.30 pracownicy Kr\u00f3lewskiej Huty w Chorzowie dowiedzieli si\u0119 oficjalnie o tym, \u017ce 1 stycznia 2026 r. ich zak\u0142ad przestanie istnie\u0107.<\/p>\n<p class=\"Paragraph_desktopParagraph__U31Gm\">\u2014 To by\u0142a niezwykle trudna decyzja, bior\u0105c pod uwag\u0119 wieloletni\u0105 tradycj\u0119 i histori\u0119 Huty Kr\u00f3lewskiej. Jeste\u015bmy \u015bwiadomi, \u017ce to koniec wa\u017cnego rozdzia\u0142u dla pracownik\u00f3w oraz os\u00f3b emocjonalnie zwi\u0105zanych z hut\u0105. Jako firma w ostatnich latach podj\u0119li\u015bmy wiele dzia\u0142a\u0144, aby utrzyma\u0107 produkcj\u0119 w tym zak\u0142adzie, jednak splot kilku negatywnych zewn\u0119trznych czynnik\u00f3w zniweczy\u0142 nasze wysi\u0142ki \u2014 skomentowa\u0142 decyzj\u0119 Wojciech Koszuta, prezes zarz\u0105du i dyrektor generalny ArcelorMittal Poland.<\/p>\n<p class=\"VideoPlayerText_videoPlayerText__iDwyz\">Dalszy ci\u0105g materia\u0142u pod wideo<\/p>\n<p class=\"Paragraph_desktopParagraph__U31Gm\">Pracodawca podj\u0105\u0142 decyzje o niezwalnianiu chorzowskiej za\u0142ogi. \u2014 Wi\u0119kszo\u015b\u0107 pracownik\u00f3w b\u0119dzie doje\u017cd\u017ca\u0142a do D\u0105browy G\u00f3rniczej. Kilku pracownikom pewnie uda si\u0119 za\u0142atwi\u0107 prac\u0119 w \u015awi\u0119toch\u0142owicach, w dawnej Hucie Florian, kt\u00f3ra r\u00f3wnie\u017c jest cz\u0119\u015bci\u0105 ArcelorMittal Poland. Bardzo cieszymy si\u0119 z tego rozwi\u0105zania \u2014 podkre\u015bla Sebastian Zimmer.<\/p>\n<ul class=\"OchatFollowUps_wrapper__1ry7X\">\n<li class=\"OchatFollowUps_item__Dhyly OchatFollowUps_itemDesktop__R6aBv\">Kiedy ko\u0144czy si\u0119 produkcja w Hucie Kr\u00f3lewskiej?<\/li>\n<li class=\"OchatFollowUps_item__Dhyly OchatFollowUps_itemDesktop__R6aBv\">Ile os\u00f3b pracuje w Hucie Kr\u00f3lewskiej?<\/li>\n<li class=\"OchatFollowUps_item__Dhyly OchatFollowUps_itemDesktop__R6aBv\">Gdzie b\u0119d\u0105 pracowa\u0107 byli pracownicy Huty Kr\u00f3lewskiej?<\/li>\n<li class=\"OchatFollowUps_item__Dhyly OchatFollowUps_itemDesktop__R6aBv\">Jak d\u0142ugo trwa\u0142a historia Huty Kr\u00f3lewskiej?<\/li>\n<\/ul>\n<p>223 lat tradycji hutniczych <\/p>\n<p class=\"Paragraph_desktopParagraph__U31Gm\">Historia huty si\u0119ga 1796 r. Pomys\u0142 wspar\u0142 kr\u00f3l Fryderyk Wilhelm II. Pierwsze wytopy sur\u00f3wki odby\u0142y si\u0119 w 1802 r. \u2014 To 223 lat tradycji hutniczych. Dzi\u015b mamy tutaj pracownik\u00f3w, kt\u00f3rzy przepracowali tutaj ponad 30 lat. Sam mam podobny sta\u017c pracy. M\u00f3j ojciec r\u00f3wnie\u017c by\u0142 hutnikiem w Kr\u00f3lewskiej Hucie. Wielu z nas odziedziczy\u0142o to z pokolenia na pokolenie. Dzi\u0119ki hucie miasto Chorz\u00f3w po prostu \u017cy\u0142o. W 1975 r. zak\u0142ad dawa\u0142 prace ponad 8 tys. os\u00f3b. Jednak ju\u017c w 1995 r. spad\u0142o do 2,3 tys. i dzi\u015b zatrzyma\u0142o si\u0119 na niespe\u0142na 300 osobach \u2014 podsumowuje.<\/p>\n<p class=\"Paragraph_desktopParagraph__U31Gm\">Jeszcze przed oficjalnym komunikatem koncernu o zatrzymaniu produkcji, prezydent Chorzowa Szymon Micha\u0142ek zwr\u00f3ci\u0142 si\u0119 do zarz\u0105du ArcelorMittal Poland z apelem o ponowne rozwa\u017cenie plan\u00f3w likwidacji.<\/p>\n<p class=\"Paragraph_desktopParagraph__U31Gm\">&#8222;Rozumiem, \u017ce decyzje inwestycyjne s\u0105 motywowane racjami ekonomicznymi. Prosz\u0119 jednak o uwzgl\u0119dnienie tak\u017ce szerszej perspektywy: odpowiedzialno\u015bci spo\u0142ecznej, znaczenia dla lokalnej i krajowej infrastruktury przemys\u0142owej oraz strategicznej roli zak\u0142adu w regionie [\u2026] Proponuj\u0119 dialog, aby wsp\u00f3lnie poszuka\u0107 rozwi\u0105za\u0144 alternatywnych wobec zamkni\u0119cia: modernizacji, restrukturyzacji etapowej czy znalezienia sposob\u00f3w na transformacj\u0119 zak\u0142adu. Jeste\u015bmy gotowi do pomocy i wsp\u00f3\u0142pracy oraz do rozm\u00f3w nad planem, kt\u00f3ry minimalizowa\u0142by negatywne skutki dla ludzi i dla miasta&#8221; \u2014 podkre\u015bli\u0142 prezydent Chorzowa.<\/p>\n<p class=\"Paragraph_desktopParagraph__U31Gm\">To kolejna w tym roku decyzja ArcelorMittal dotycz\u0105ca wygaszenia produkcji huty w Polsce. W lipcu koncern zdecydowa\u0142 o wygaszeniu jednego z piec\u00f3w w D\u0105browie G\u00f3rniczej. Jednak ta decyzja to tymczasowe rozwi\u0105zanie na trudniejsze czasy. Je\u015bli warunki na rynku ulegn\u0105 poprawie, piec ma zosta\u0107 uruchomiony ponownie.<\/p>\n<p>&#8222;Nasze huty, kopalnie i przemys\u0142 ci\u0119\u017cki padaj\u0105. Po prostu nie op\u0142aca si\u0119 u nas produkowa\u0107&#8221; <\/p>\n<p class=\"Paragraph_desktopParagraph__U31Gm\">ArcelorMittal podaje, \u017ce przed decyzj\u0105 o wygaszeniu produkcji w hucie w Chorzowie firma zainwestowa\u0142a 30 mln z\u0142 w celu utrzymania zak\u0142adu. Sp\u00f3\u0142ka pr\u00f3bowa\u0142a r\u00f3wnie\u017c znale\u017a\u0107 dla huty w Chorzowie inwestora strategicznego i utworzy\u0107 joint venture.<\/p>\n<p class=\"Paragraph_desktopParagraph__U31Gm\">\u2014 Do dalszego utrzymania produkcji w chorzowskim zak\u0142adzie by\u0142yby jednak potrzebne nak\u0142ady finansowe, kt\u00f3rych firma nie mo\u017ce ponie\u015b\u0107 ze wzgl\u0119du na sytuacj\u0119 na europejskim rynku stali \u2014 wskazuje ArcelorMittalPoland.<\/p>\n<p class=\"Paragraph_desktopParagraph__U31Gm\">\u2014 Tutaj jest problem z naszym rz\u0105dem. ETS, ETS 2 i ca\u0142y Zielony \u0141ad. Jeste\u015bmy obecnie w momencie, kiedy nasze huty, kopalnie i przemys\u0142 ci\u0119\u017cki padaj\u0105. Po prostu nie op\u0142aca si\u0119 u nas produkowa\u0107. Do tego dochodzi zalewanie naszego rynku tani\u0105 stal\u0105 z Ukrainy. Wspieramy Ukrain\u0119 i nie zgadzamy si\u0119 z tym, co robi Putin, ale nie mo\u017cemy przy okazji niszczy\u0107 w\u0142asnego przemys\u0142u. Nasza stal jest nieop\u0142acalna przez drog\u0105 energi\u0119 i dodatkowe op\u0142aty, tak opisa\u0142 nam ca\u0142\u0105 sytuacj\u0119 prezes ArcelorMittal Poland \u2014 m\u00f3wi zwi\u0105zkowiec.<\/p>\n<p class=\"Paragraph_desktopParagraph__U31Gm\">\u2014 Mimo \u017ce Huta Kr\u00f3lewska ma w swoim asortymencie specjalistyczne wyroby, jej udzia\u0142 w ca\u0142kowitym wolumenie produkcji ArcelorMittal Poland stanowi mniej ni\u017c 1 proc. R\u00f3wnie\u017c wiek instalacji sprawia, \u017ce w nadchodz\u0105cych latach zapewnienie bezpiecznych warunk\u00f3w pracy w zak\u0142adzie b\u0119dzie stanowi\u0142o du\u017ce wyzwanie. Niezb\u0119dne s\u0105 znaczne nak\u0142ady finansowe, kt\u00f3rych w obecnej, trudnej sytuacji sektora stalowego w Europie nie mo\u017cemy ponie\u015b\u0107, gdy\u017c by\u0142oby to ekonomicznie nieuzasadnione \u2014 poda\u0142 Marek Kempa, dyrektor zarz\u0105dzaj\u0105cy oddzia\u0142u wyrob\u00f3w d\u0142ugich w ArcelorMittal Poland.<\/p>\n<p class=\"Paragraph_desktopParagraph__U31Gm\">\u2014 Widocznie inwestycje by\u0142y zbyt ma\u0142e. Owszem, dysponujemy wys\u0142u\u017conym sprz\u0119tem, ale nasze wyroby by\u0142y chwalone na ca\u0142ym \u015bwiecie. Nasz materia\u0142 by\u0142 du\u017co, du\u017co lepszy, ni\u017c ten z nowocze\u015bniejszych walcowni \u2014 podsumowa\u0142 Sebastian Zimmer.<\/p>\n<p class=\"Paragraph_desktopParagraph__U31Gm\">Sp\u00f3\u0142ka jest cz\u0119\u015bci\u0105 globalnego koncernu ArcelorMittal kontrolowanego przez indyjskiego przedsi\u0119biorc\u0119 Lakshmiego Mittala. Obroty ArcelorMittal w 2024 r. si\u0119gn\u0119\u0142y 62,4 mld dolar\u00f3w.<\/p>\n","protected":false},"excerpt":{"rendered":"Du\u017co czytania, a ma\u0142o czasu? Sprawd\u017a\u00a0skr\u00f3t\u00a0artyku\u0142u We wtorek o godz. 9.30 pracownicy Kr\u00f3lewskiej Huty w Chorzowie dowiedzieli si\u0119&hellip;\n","protected":false},"author":2,"featured_media":119873,"comment_status":"","ping_status":"","sticky":false,"template":"","format":"standard","meta":{"footnotes":""},"categories":[16],"tags":[113,112,4154,105,190,16082,67,53,52,68,51,55,42,38,40,39,41,352,47,65,50],"class_list":{"0":"post-119872","1":"post","2":"type-post","3":"status-publish","4":"format-standard","5":"has-post-thumbnail","7":"category-biznes","8":"tag-biznes","9":"tag-business","10":"tag-chorzow","11":"tag-ekonomia","12":"tag-gospodarka","13":"tag-huta","14":"tag-intextvideo_splayer","15":"tag-new_header","16":"tag-onet3","17":"tag-onet3d","18":"tag-onet3d_2i","19":"tag-phx","20":"tag-pl","21":"tag-poland","22":"tag-polish","23":"tag-polska","24":"tag-polski","25":"tag-przemysl","26":"tag-screening_general","27":"tag-update_me","28":"tag-v2021"},"share_on_mastodon":{"url":"https:\/\/pubeurope.com\/@pl\/115617752998848770","error":""},"_links":{"self":[{"href":"https:\/\/www.europesays.com\/pl\/wp-json\/wp\/v2\/posts\/119872","targetHints":{"allow":["GET"]}}],"collection":[{"href":"https:\/\/www.europesays.com\/pl\/wp-json\/wp\/v2\/posts"}],"about":[{"href":"https:\/\/www.europesays.com\/pl\/wp-json\/wp\/v2\/types\/post"}],"author":[{"embeddable":true,"href":"https:\/\/www.europesays.com\/pl\/wp-json\/wp\/v2\/users\/2"}],"replies":[{"embeddable":true,"href":"https:\/\/www.europesays.com\/pl\/wp-json\/wp\/v2\/comments?post=119872"}],"version-history":[{"count":0,"href":"https:\/\/www.europesays.com\/pl\/wp-json\/wp\/v2\/posts\/119872\/revisions"}],"wp:featuredmedia":[{"embeddable":true,"href":"https:\/\/www.europesays.com\/pl\/wp-json\/wp\/v2\/media\/119873"}],"wp:attachment":[{"href":"https:\/\/www.europesays.com\/pl\/wp-json\/wp\/v2\/media?parent=119872"}],"wp:term":[{"taxonomy":"category","embeddable":true,"href":"https:\/\/www.europesays.com\/pl\/wp-json\/wp\/v2\/categories?post=119872"},{"taxonomy":"post_tag","embeddable":true,"href":"https:\/\/www.europesays.com\/pl\/wp-json\/wp\/v2\/tags?post=119872"}],"curies":[{"name":"wp","href":"https:\/\/api.w.org\/{rel}","templated":true}]}}