{"id":119888,"date":"2025-11-26T20:01:12","date_gmt":"2025-11-26T20:01:12","guid":{"rendered":"https:\/\/www.europesays.com\/pl\/119888\/"},"modified":"2025-11-26T20:01:12","modified_gmt":"2025-11-26T20:01:12","slug":"wojna-o-tajwan-wiceszef-msz-rosji-ostrzega-przed-prowokacjami","status":"publish","type":"post","link":"https:\/\/www.europesays.com\/pl\/119888\/","title":{"rendered":"Wojna o Tajwan? Wiceszef MSZ Rosji ostrzega przed prowokacjami"},"content":{"rendered":"\n<p>&#13;<br \/>\n\u2013 Sk\u0142adamy wyrazy uznania za\u00a0pow\u015bci\u0105gliwo\u015b\u0107 Pekinu, a\u00a0przy tym jego zdecydowanie w\u00a0obronie interes\u00f3w narodowych \u2013\u00a0powiedzia\u0142 rosyjski wiceminister spraw zagranicznych w\u00a0rozmowie z\u00a0dziennikarzami przychylnymi Kremlowi. &#13;\n<\/p>\n<p>&#13;<br \/>\nRiabkow stwierdzi\u0142, \u017ce\u00a0&#8222;prowokacyjny kurs&#8221; w\u00a0regionie, kt\u00f3ry \u2013\u00a0jego zdaniem \u2013\u00a0obra\u0142y niekt\u00f3re pa\u0144stwa, jest du\u017co bardziej intensywny ni\u017c\u00a0zwykle. \u2013\u00a0Nie\u00a0wchodz\u0105c w\u00a0szczeg\u00f3\u0142ow\u0105 analiz\u0119 tego, co\u00a0zosta\u0142o zrobione, chc\u0119 powiedzie\u0107, \u017ce\u00a0ten region mo\u017ce potencjalnie sta\u0107 si\u0119 jednym z\u00a0region\u00f3w podatnych na\u00a0konflikty \u2013\u00a0powiedzia\u0142 wiceszef rosyjskiej dyplomacji. &#13;\n<\/p>\n<p>&#13;<br \/>\nJak zaznaczy\u0142 wiceminister: &#8222;Dop\u00f3ki do\u00a0tego nie\u00a0dojdzie, konieczne jest zachowanie zr\u00f3wnowa\u017conego podej\u015bcia, a\u00a0sojusznicy USA w\u00a0regionie powinni przede wszystkim odpowiedzialni i\u00a0rozs\u0105dnie podchodzi\u0107 do\u00a0tej sprawy, rozumiej\u0105c, jak kluczowy jest temat Tajwanu i\u00a0jak wra\u017cliwi s\u0105 na\u00a0tym punkcie Chi\u0144czycy&#8221;. &#13;\n<\/p>\n<p>Reakcja na\u00a0stanowisko Tajwanu<\/p>\n<p>&#13;<br \/>\nPolsat News zwraca uwag\u0119, \u017ce\u00a0s\u0142owa Sergieja Riabkowa mog\u0105 by\u0107 traktowane jako odpowied\u017a na\u00a0s\u0142owa premiera Tajwanu Cho Jung-tai i\u00a0wypowied\u017a japo\u0144skiej premier Senae Takaichi. Politycy podkre\u015blili bowiem, \u017ce\u00a0Tajwan jest w\u00a0pe\u0142ni suwerennym i\u00a0niepodleg\u0142ym pa\u0144stwem. &#13;\n<\/p>\n<p>&#13;<br \/>\nW poniedzia\u0142ek MSZ Chin wyda\u0142o natomiast komunikat, w\u00a0kt\u00f3rym przyw\u00f3dca Xi Jinping stwierdzi\u0142, \u017ce\u00a0&#8222;powr\u00f3t Tajwanu do\u00a0Chin jest wa\u017cn\u0105 cz\u0119\u015bci\u0105 powojennego porz\u0105dku mi\u0119dzynarodowego&#8221;, a\u00a0tak\u017ce apelowa\u0142 o\u00a0&#8222;chronienie owoc\u00f3w zwyci\u0119stwa w\u00a0II wojnie \u015bwiatowej&#8221;. &#13;\n<\/p>\n<p>&#13;<br \/>\nZ kolei rzecznik MSZ Tajwanu Hsiao Kuang-wei oceni\u0142 narracj\u0119 Pekinu jako &#8222;ca\u0142kowicie fa\u0142szyw\u0105&#8221;. &#13;\n<\/p>\n<p>Zgrzyt mi\u0119dzy Chinami a\u00a0Japoni\u0105<\/p>\n<p>&#13;<br \/>\nW ubieg\u0142ym tygodniu <a href=\"https:\/\/dorzeczy.pl\/swiat\/807357\/zgrzyt-miedzy-chinami-a-japonia-poderwane-mysliwce.html\" rel=\"nofollow noopener\" target=\"_blank\">w\u0142adze Japonii poinformowa\u0142y<\/a>, \u017ce\u00a0wys\u0142a\u0142y samoloty wojskowe po\u00a0wykryciu w\u00a0sobot\u0119 podejrzanego chi\u0144skiego drona w\u00a0pobli\u017cu jej po\u0142udniowej wyspy Yonaguni, kt\u00f3ra jest po\u0142o\u017cona w\u00a0okolicy Tajwanu. W\u00a0zwi\u0105zku z\u00a0tym napi\u0119cie mi\u0119dzy Pekinem a\u00a0Tokio po\u00a0raz kolejny wzros\u0142o \u2013\u00a0zwraca uwag\u0119 stacja CBS News. &#13;\n<\/p>\n<p>&#13;<br \/>\n\u2013 W\u00a0niedziel\u0119 chi\u0144skie statki stra\u017cy przybrze\u017cnej sp\u0119dzi\u0142y kilka godzin na\u00a0japo\u0144skich wodach terytorialnych wok\u00f3\u0142 spornych Wysp Senkaku, znanych w\u00a0Chinach jako Diaoyu, kt\u00f3re cz\u0119sto staj\u0105 si\u0119 punktem zapalnym \u2013\u00a0powiedzia\u0142 sekretarz g\u0142\u00f3wny Japonii Kihara Minoru, cytowany przez CBS News. &#13;\n<\/p>\n<p>&#13;<br \/>\nNapi\u0119cie mi\u0119dzy Chinami a\u00a0Japoni\u0105 wzros\u0142o po\u00a0wypowiedzi nowej japo\u0144skiej premier Sanae Takaichi o\u00a0mo\u017cliwej interwencji militarnej w\u00a0przypadku ataku na\u00a0Tajwan. &#13;\n<\/p>\n<p>&#13;<br \/>\nCzytaj te\u017c:<br \/><a href=\"https:\/\/dorzeczy.pl\/swiat\/811446\/euronews-orban-i-putin-spotkaja-sie-w-piatek-w-moskwie.html\" rel=\"follow nofollow noopener\" data-schema=\"DORZECZY\" data-image=\"https:\/\/img.dorzeczy.pl\/_thumb\/06\/4c\/9b7e8ee04a6681e06f43c6eb6358.jpeg\" target=\"_blank\">Orban i\u00a0Putin spotkaj\u0105 si\u0119 w\u00a0Moskwie. Wizyta jeszcze w\u00a0tym tygodniu<\/a>Czytaj te\u017c:<br \/><a href=\"https:\/\/dorzeczy.pl\/swiat\/799197\/trump-i-xi-jinping-w-busan-wiadomo-w-czym-sie-dogadali.html\" rel=\"follow nofollow noopener\" data-schema=\"DORZECZY\" data-image=\"https:\/\/img.dorzeczy.pl\/_thumb\/63\/d7\/fd03c0d8aae8681bcb1623061547.jpeg\" target=\"_blank\">Trump i\u00a0Xi rozmawiali osobi\u015bcie. Wiadomo, w\u00a0czym si\u0119 dogadali<\/a>&#13;<\/p>\n","protected":false},"excerpt":{"rendered":"&#13; \u2013 Sk\u0142adamy wyrazy uznania za\u00a0pow\u015bci\u0105gliwo\u015b\u0107 Pekinu, a\u00a0przy tym jego zdecydowanie w\u00a0obronie interes\u00f3w narodowych \u2013\u00a0powiedzia\u0142 rosyjski wiceminister spraw&hellip;\n","protected":false},"author":2,"featured_media":119889,"comment_status":"","ping_status":"","sticky":false,"template":"","format":"standard","meta":{"footnotes":""},"categories":[14],"tags":[32,33,85,98,27,706,34,35,1162,28,31,25,103,102,40,41,4764,25804,87,80,2188,29,30,26,892,82,83,84],"class_list":{"0":"post-119888","1":"post","2":"type-post","3":"status-publish","4":"format-standard","5":"has-post-thumbnail","7":"category-swiat","8":"tag-breaking-news","9":"tag-breakingnews","10":"tag-chiny","11":"tag-dorzeczy","12":"tag-headlines","13":"tag-japonia","14":"tag-latest-news","15":"tag-latestnews","16":"tag-msz","17":"tag-naglowki","18":"tag-najwazniejsze-artykuly","19":"tag-news","20":"tag-obserwator-mediow","21":"tag-opinie","22":"tag-polish","23":"tag-polski","24":"tag-prowokacje","25":"tag-riabkow","26":"tag-rosja","27":"tag-swiat","28":"tag-tajwan","29":"tag-top-stories","30":"tag-topstories","31":"tag-wiadomosci","32":"tag-wojna","33":"tag-world","34":"tag-world-news","35":"tag-worldnews"},"share_on_mastodon":{"url":"https:\/\/pubeurope.com\/@pl\/115617784434620470","error":""},"_links":{"self":[{"href":"https:\/\/www.europesays.com\/pl\/wp-json\/wp\/v2\/posts\/119888","targetHints":{"allow":["GET"]}}],"collection":[{"href":"https:\/\/www.europesays.com\/pl\/wp-json\/wp\/v2\/posts"}],"about":[{"href":"https:\/\/www.europesays.com\/pl\/wp-json\/wp\/v2\/types\/post"}],"author":[{"embeddable":true,"href":"https:\/\/www.europesays.com\/pl\/wp-json\/wp\/v2\/users\/2"}],"replies":[{"embeddable":true,"href":"https:\/\/www.europesays.com\/pl\/wp-json\/wp\/v2\/comments?post=119888"}],"version-history":[{"count":0,"href":"https:\/\/www.europesays.com\/pl\/wp-json\/wp\/v2\/posts\/119888\/revisions"}],"wp:featuredmedia":[{"embeddable":true,"href":"https:\/\/www.europesays.com\/pl\/wp-json\/wp\/v2\/media\/119889"}],"wp:attachment":[{"href":"https:\/\/www.europesays.com\/pl\/wp-json\/wp\/v2\/media?parent=119888"}],"wp:term":[{"taxonomy":"category","embeddable":true,"href":"https:\/\/www.europesays.com\/pl\/wp-json\/wp\/v2\/categories?post=119888"},{"taxonomy":"post_tag","embeddable":true,"href":"https:\/\/www.europesays.com\/pl\/wp-json\/wp\/v2\/tags?post=119888"}],"curies":[{"name":"wp","href":"https:\/\/api.w.org\/{rel}","templated":true}]}}