{"id":119903,"date":"2025-11-26T20:10:08","date_gmt":"2025-11-26T20:10:08","guid":{"rendered":"https:\/\/www.europesays.com\/pl\/119903\/"},"modified":"2025-11-26T20:10:08","modified_gmt":"2025-11-26T20:10:08","slug":"zamach-stanu-w-gwinei-bissau-prezydent-zostal-aresztowany-2","status":"publish","type":"post","link":"https:\/\/www.europesays.com\/pl\/119903\/","title":{"rendered":"Zamach stanu w Gwinei Bissau. Prezydent zosta\u0142 aresztowany"},"content":{"rendered":"<p class=\"ods-c-paragraph \">Wybory prezydenckie odby\u0142y si\u0119 w ubieg\u0142\u0105 niedziel\u0119, a w \u015brod\u0119 ust\u0119puj\u0105cy prezydent powiedzia\u0142, \u017ce wygra\u0142 je, zdobywaj\u0105c 65 proc. g\u0142os\u00f3w. Swoje zwyci\u0119stwo og\u0142osi\u0142 r\u00f3wnie\u017c jeden z g\u0142\u00f3wnych kandydat\u00f3w opozycji Fernando Dias de Costa. Oficjalne wyniki wybor\u00f3w powinny zosta\u0107 og\u0142oszone w czwartek wieczorem.<\/p>\n<p>Dalszy ci\u0105g artyku\u0142u pod materia\u0142em wideo<\/p>\n<p> Kto zosta\u0142 aresztowany w Gwinei Bissau? <\/p>\n<p> Kiedy odby\u0142y si\u0119 wybory prezydenckie? <\/p>\n<p> Jakie \u015brodki bezpiecze\u0144stwa wprowadzono po zamachu stanu? <\/p>\n<p> Dlaczego armia przej\u0119\u0142a w\u0142adz\u0119? <\/p>\n<p class=\"ods-c-paragraph \">Oficer armii powiedzia\u0142 w rozmowie z lokaln\u0105 telewizj\u0105, \u017ce wojsko przej\u0119\u0142o w\u0142adz\u0119 &#8222;do odwo\u0142ania&#8221;. Zamkni\u0119te zosta\u0142y granice i przestrze\u0144 powietrzna. Do czasu &#8222;wyja\u015bnienia sytuacji&#8221; wprowadzona zosta\u0142a tak\u017ce godzina policyjna.<\/p>\n<p>   Prezydent zosta\u0142 aresztowany<\/p>\n<p class=\"ods-c-paragraph \">W \u015brod\u0119, po og\u0142oszeniu cz\u0119\u015bciowych wynik\u00f3w, oddzia\u0142 wojska uda\u0142 si\u0119 do pa\u0142acu prezydenckiego, aby aresztowa\u0107 ust\u0119puj\u0105cego prezydenta, kt\u00f3ry zd\u0105\u017cy\u0142 o tym poinformowa\u0107 dziennik &#8222;Jeune Afrique&#8221;.<\/p>\n<p class=\"ods-c-paragraph \">Razem z prezydentem aresztowani zostali szef sztabu generalnego, gen. Biague Na Ntan, jego zast\u0119pca, gen. Mamadou Toure oraz minister spraw wewn\u0119trznych, Botche Cande.<\/p>\n<p class=\"ods-c-paragraph \">Embalo zapewni\u0142, \u017ce podczas tego &#8222;zamachu stanu&#8221;, kt\u00f3ry \u2014 jak twierdzi\u0142 \u2014 zosta\u0142 zorganizowany przez szefa armii, nie dosz\u0142o wobec niego do przemocy.<\/p>\n<p class=\"ods-c-paragraph \">Jednak wed\u0142ug informacji, uzyskanych przez PAP od kilku Europejczyk\u00f3w pracuj\u0105cych w stolicy kraju \u2014 Bissau, w mie\u015bcie od dw\u00f3ch dni s\u0142ycha\u0107 sporadyczne strza\u0142y z broni lekkiej, a przy placu Praca dos Herois Nacionais, gdzie znajduje si\u0119 pa\u0142ac prezydencki, i w pobli\u017cu ambasad pojawi\u0142y si\u0119 uzbrojone patrole wojska.<\/p>\n<p class=\"ods-c-paragraph \">Je\u015bli armia nie przeka\u017ce w\u0142adzy cywilom, Gwinea Bissau b\u0119dzie pi\u0105tym krajem Afryki Zachodniej rz\u0105dzonym przez junt\u0119 wojskow\u0105, obok s\u0105siedniej Gwinei, Burkina Faso, Mali i Nigru.<\/p>\n<p class=\"ods-c-paragraph \">W tym niewielkim, licz\u0105cym niespe\u0142na 2 mln mieszka\u0144c\u00f3w, pa\u0144stwie od czasu uzyskania niepodleg\u0142o\u015bci od Portugalii w 1973 r. przeprowadzono cztery zamachy stanu.<\/p>\n","protected":false},"excerpt":{"rendered":"Wybory prezydenckie odby\u0142y si\u0119 w ubieg\u0142\u0105 niedziel\u0119, a w \u015brod\u0119 ust\u0119puj\u0105cy prezydent powiedzia\u0142, \u017ce wygra\u0142 je, zdobywaj\u0105c 65&hellip;\n","protected":false},"author":2,"featured_media":119904,"comment_status":"","ping_status":"","sticky":false,"template":"","format":"standard","meta":{"footnotes":""},"categories":[5],"tags":[6306,32,33,36,37,25772,27,34,35,28,31,48,25,46,42,38,40,39,41,25773,47,80,29,30,26],"class_list":{"0":"post-119903","1":"post","2":"type-post","3":"status-publish","4":"format-standard","5":"has-post-thumbnail","7":"category-naglowki","8":"tag-afryka","9":"tag-breaking-news","10":"tag-breakingnews","11":"tag-featured-news","12":"tag-featurednews","13":"tag-gwinea_bissau","14":"tag-headlines","15":"tag-latest-news","16":"tag-latestnews","17":"tag-naglowki","18":"tag-najwazniejsze-artykuly","19":"tag-nat_styl","20":"tag-news","21":"tag-omp","22":"tag-pl","23":"tag-poland","24":"tag-polish","25":"tag-polska","26":"tag-polski","27":"tag-pucz","28":"tag-screening_general","29":"tag-swiat","30":"tag-top-stories","31":"tag-topstories","32":"tag-wiadomosci"},"share_on_mastodon":{"url":"https:\/\/pubeurope.com\/@pl\/115617819767817330","error":""},"_links":{"self":[{"href":"https:\/\/www.europesays.com\/pl\/wp-json\/wp\/v2\/posts\/119903","targetHints":{"allow":["GET"]}}],"collection":[{"href":"https:\/\/www.europesays.com\/pl\/wp-json\/wp\/v2\/posts"}],"about":[{"href":"https:\/\/www.europesays.com\/pl\/wp-json\/wp\/v2\/types\/post"}],"author":[{"embeddable":true,"href":"https:\/\/www.europesays.com\/pl\/wp-json\/wp\/v2\/users\/2"}],"replies":[{"embeddable":true,"href":"https:\/\/www.europesays.com\/pl\/wp-json\/wp\/v2\/comments?post=119903"}],"version-history":[{"count":0,"href":"https:\/\/www.europesays.com\/pl\/wp-json\/wp\/v2\/posts\/119903\/revisions"}],"wp:featuredmedia":[{"embeddable":true,"href":"https:\/\/www.europesays.com\/pl\/wp-json\/wp\/v2\/media\/119904"}],"wp:attachment":[{"href":"https:\/\/www.europesays.com\/pl\/wp-json\/wp\/v2\/media?parent=119903"}],"wp:term":[{"taxonomy":"category","embeddable":true,"href":"https:\/\/www.europesays.com\/pl\/wp-json\/wp\/v2\/categories?post=119903"},{"taxonomy":"post_tag","embeddable":true,"href":"https:\/\/www.europesays.com\/pl\/wp-json\/wp\/v2\/tags?post=119903"}],"curies":[{"name":"wp","href":"https:\/\/api.w.org\/{rel}","templated":true}]}}