{"id":119915,"date":"2025-11-26T20:18:11","date_gmt":"2025-11-26T20:18:11","guid":{"rendered":"https:\/\/www.europesays.com\/pl\/119915\/"},"modified":"2025-11-26T20:18:11","modified_gmt":"2025-11-26T20:18:11","slug":"tenis-glosno-o-casperze-ruudzie-przepiekny-gest-partnera-igi-swiatek","status":"publish","type":"post","link":"https:\/\/www.europesays.com\/pl\/119915\/","title":{"rendered":"Tenis. G\u0142o\u015bno o Casperze Ruudzie. Przepi\u0119kny gest partnera Igi \u015awi\u0105tek"},"content":{"rendered":"<p class=\"typography ids-typeset-body ids-typeset-body--preset-large link paragraph ids-paragraph ids-paragraph--default\"><a href=\"https:\/\/sport.interia.pl\/tenis\/profil-casper-ruud,sppi,677394\" rel=\"nofollow noopener\" target=\"_blank\">Casper Ruud<\/a> to dzi\u015b jeden z najbardziej rozpoznawalnych tenisist\u00f3w na \u015bwiecie, by\u0142y wicelider rankingu ATP i trzykrotny finalista turniej\u00f3w wielkoszlemowych. Jego najlepszy okres przypad\u0142 na lata 2022-2023, kiedy dociera\u0142 do fina\u0142\u00f3w French Open oraz US Open, pokazuj\u0105c, \u017ce potrafi walczy\u0107 o najwy\u017csze cele na najwi\u0119kszych arenach. Norweg nale\u017cy te\u017c do grona zawodnik\u00f3w, kt\u00f3rzy konsekwentnie utrzymuj\u0105 miejsce w \u015bwiatowej czo\u0142\u00f3wce, \u0142\u0105cz\u0105c spokojny charakter z imponuj\u0105cym profesjonalizmem.<\/p>\n<p class=\"typography ids-typeset-body ids-typeset-body--preset-large link paragraph ids-paragraph ids-paragraph--default\">W sezonie 2025 Ruud dorzuci\u0142 do swojej kariery jeszcze jeden interesuj\u0105cy epizod: podczas\u00a0US Open wyst\u0105pi\u0142 w mik\u015bcie, tworz\u0105c duet z <a href=\"https:\/\/sport.interia.pl\/tenis\/profil-iga-swiatek,sppi,677871\" rel=\"nofollow noopener\" target=\"_blank\">Ig\u0105 \u015awi\u0105tek<\/a>. Ich wsp\u00f3\u0142praca od pocz\u0105tku budzi\u0142a ogromne zainteresowanie fan\u00f3w, a obecno\u015b\u0107 dw\u00f3ch wielkich gwiazd na jednym korcie sta\u0142a si\u0119 jednym z najciekawszych wydarze\u0144 turnieju. Cho\u0107 start ten mia\u0142 dla nich charakter raczej jednorazowej przygody, ani\u017celi d\u0142u\u017cszej wsp\u00f3\u0142pracy, para zrobi\u0142a spore wra\u017cenie na kibicach i komentatorach.<\/p>\n<p>Casper Ruud przekaza\u0142 siostrom luksusowe apartamenty<\/p>\n<p class=\"typography ids-typeset-body ids-typeset-body--preset-large link paragraph ids-paragraph ids-paragraph--default\">Ruud wielokrotnie podkre\u015bla\u0142, \u017ce rodzina stanowi fundament jego sukcesu. Od najm\u0142odszych lat towarzyszy\u0142a mu w najwa\u017cniejszych momentach kariery, a szczeg\u00f3lnie dwie m\u0142odsze siostry &#8211; Caroline i Charlotte &#8211; kt\u00f3re regularnie pojawiaj\u0105 si\u0119 na trybunach najwi\u0119kszych stadion\u00f3w. Nic dziwnego, \u017ce postanowi\u0142 podzi\u0119kowa\u0107 im w wyj\u0105tkowy spos\u00f3b.<\/p>\n<p class=\"typography ids-typeset-body ids-typeset-body--preset-large link paragraph ids-paragraph ids-paragraph--default\">W norweskich mediach g\u0142o\u015bno zrobi\u0142o si\u0119 o prezencie, kt\u00f3ry tenisista przygotowa\u0142 swoim siostrom po zako\u0144czeniu sezonu 2025. Ruud przekaza\u0142 Caroline i Charlotte po luksusowej willi, a na zakup obu nieruchomo\u015bci wyda\u0142 \u0142\u0105cznie ponad 13 milion\u00f3w koron norweskich, czyli oko\u0142o 4,65 mln z\u0142otych. Apartamenty te mia\u0142 kupi\u0107 wcze\u015bniej z my\u015bl\u0105 o inwestycji, jednak ostatecznie zdecydowa\u0142, \u017ce przekazanie ich siostrom b\u0119dzie najlepszym sposobem okazania wdzi\u0119czno\u015bci za wieloletnie wsparcie.<\/p>\n<p class=\"typography ids-typeset-body ids-typeset-body--preset-large link paragraph ids-paragraph ids-paragraph--default\">Nettavisen przypomina, \u017ce Ruud od lat aktywnie inwestuje na rynku nieruchomo\u015bci i posiada ju\u017c pi\u0119\u0107 obiekt\u00f3w w Asker i Baerum. To jednak niejedyny przyk\u0142ad jego przedsi\u0119biorczo\u015bci &#8211; niedawno wsp\u00f3lnie z Magnusem Carlsenem zainwestowa\u0142 2,6 mln euro w firm\u0119 SportAI z siedzib\u0105 w Oslo. Dzi\u0119ki temu Norweg pokazuje, \u017ce my\u015bli nie tylko o swojej sportowej przysz\u0142o\u015bci, ale te\u017c o rozwoju technologii wspieraj\u0105cych sportowc\u00f3w na ca\u0142ym \u015bwiecie.<\/p>\n<p>Matteo Berrettini &#8211; Pablo Carreno-Busta. Skr\u00f3t meczu. WIDEOPolsat SportPolsat Sport<\/p>\n<p><img decoding=\"async\" class=\"ids-image-holder__img\" loading=\"lazy\" alt=\"Dwoje sportowc\u00f3w stoi razem i u\u015bmiecha si\u0119 do kamery, jedna z os\u00f3b trzyma w r\u0119kach srebrn\u0105 tac\u0119 b\u0119d\u0105c\u0105 nagrod\u0105 za osi\u0105gni\u0119cie sportowe, obie osoby ubrane s\u0105 w stroje sportowe.\" title=\"Iga \u015awi\u0105tek i Casper Ruud odebrali nagrod\u0119 za drugie miejsce w mik\u015bcie US Open 2025\" width=\"2200\" height=\"1467\" src=\"https:\/\/www.europesays.com\/pl\/wp-content\/uploads\/2025\/11\/000LHXVXYYYWQVAR-C322-F4.webp.webp\"\/><\/p>\n<p>Iga \u015awi\u0105tek i Casper Ruud odebrali nagrod\u0119 za drugie miejsce w mik\u015bcie US Open 2025TIMOTHY A. CLARY \/ AFPAFP<\/p>\n<p><img decoding=\"async\" class=\"ids-image-holder__img\" loading=\"lazy\" alt=\"Casper Ruud\" title=\"Casper Ruud\" width=\"3000\" height=\"2083\" src=\"https:\/\/www.europesays.com\/pl\/wp-content\/uploads\/2025\/10\/000HLU1RG34DIHUV-C322-F4.webp.webp\"\/><\/p>\n<p>Casper RuudAFP<\/p>\n<p><img decoding=\"async\" class=\"ids-image-holder__img\" loading=\"lazy\" alt=\"Casper Ruud\" title=\"Casper Ruud\" width=\"2620\" height=\"1747\" src=\"https:\/\/www.europesays.com\/pl\/wp-content\/uploads\/2025\/11\/000HIMUUW8C14H44-C322-F4.webp.webp\"\/><\/p>\n<p>Casper RuudAFP<\/p>\n<p><a class=\"ids-undecorated-link source ids-page-info--source__link\" href=\"https:\/\/www.interia.pl\" rel=\"nofollow noopener\" target=\"_blank\"><img decoding=\"async\" class=\"ids-image-holder__img\" loading=\"lazy\" alt=\"\" title=\"\" height=\"24px\" src=\"https:\/\/www.europesays.com\/pl\/wp-content\/uploads\/2025\/11\/1763998694_431_0009A60QQ5I2TYF7-C202-F4.webp.webp\"\/><\/a><\/p>\n<p>Masz sugestie, uwagi albo widzisz b\u0142\u0105d? Napisz do nas<\/p>\n","protected":false},"excerpt":{"rendered":"Casper Ruud to dzi\u015b jeden z najbardziej rozpoznawalnych tenisist\u00f3w na \u015bwiecie, by\u0142y wicelider rankingu ATP i trzykrotny finalista&hellip;\n","protected":false},"author":2,"featured_media":119916,"comment_status":"","ping_status":"","sticky":false,"template":"","format":"standard","meta":{"footnotes":""},"categories":[24],"tags":[42,38,40,39,41,127,126],"class_list":{"0":"post-119915","1":"post","2":"type-post","3":"status-publish","4":"format-standard","5":"has-post-thumbnail","7":"category-sport","8":"tag-pl","9":"tag-poland","10":"tag-polish","11":"tag-polska","12":"tag-polski","13":"tag-sport","14":"tag-sports"},"share_on_mastodon":{"url":"https:\/\/pubeurope.com\/@pl\/115617851717254965","error":""},"_links":{"self":[{"href":"https:\/\/www.europesays.com\/pl\/wp-json\/wp\/v2\/posts\/119915","targetHints":{"allow":["GET"]}}],"collection":[{"href":"https:\/\/www.europesays.com\/pl\/wp-json\/wp\/v2\/posts"}],"about":[{"href":"https:\/\/www.europesays.com\/pl\/wp-json\/wp\/v2\/types\/post"}],"author":[{"embeddable":true,"href":"https:\/\/www.europesays.com\/pl\/wp-json\/wp\/v2\/users\/2"}],"replies":[{"embeddable":true,"href":"https:\/\/www.europesays.com\/pl\/wp-json\/wp\/v2\/comments?post=119915"}],"version-history":[{"count":0,"href":"https:\/\/www.europesays.com\/pl\/wp-json\/wp\/v2\/posts\/119915\/revisions"}],"wp:featuredmedia":[{"embeddable":true,"href":"https:\/\/www.europesays.com\/pl\/wp-json\/wp\/v2\/media\/119916"}],"wp:attachment":[{"href":"https:\/\/www.europesays.com\/pl\/wp-json\/wp\/v2\/media?parent=119915"}],"wp:term":[{"taxonomy":"category","embeddable":true,"href":"https:\/\/www.europesays.com\/pl\/wp-json\/wp\/v2\/categories?post=119915"},{"taxonomy":"post_tag","embeddable":true,"href":"https:\/\/www.europesays.com\/pl\/wp-json\/wp\/v2\/tags?post=119915"}],"curies":[{"name":"wp","href":"https:\/\/api.w.org\/{rel}","templated":true}]}}