{"id":119921,"date":"2025-11-26T20:22:17","date_gmt":"2025-11-26T20:22:17","guid":{"rendered":"https:\/\/www.europesays.com\/pl\/119921\/"},"modified":"2025-11-26T20:22:17","modified_gmt":"2025-11-26T20:22:17","slug":"kradli-z-parkometrow-laczna-kwota-moze-przyprawic-o-bol-glowy-wp-wiadomosci","status":"publish","type":"post","link":"https:\/\/www.europesays.com\/pl\/119921\/","title":{"rendered":"Kradli z parkometr\u00f3w. \u0141\u0105czna kwota mo\u017ce przyprawi\u0107 o b\u00f3l g\u0142owy &#8211; WP Wiadomo\u015bci"},"content":{"rendered":"<ol>\n<li><a href=\"https:\/\/news.google.com\/rss\/articles\/CBMipwFBVV95cUxNWmhVbjJSQnZrSVRRdHMtZVplYUdQWmUzazV5ZVFDY2plREJNZFo2RTVGdVhTTUJXeENIUTdYMUFiWF8wRVVmakd1ZTQ0ZHlkemlYNXA1NVpyNXVBSWxnODNZYnZZNjVuNzFnd3JRLUJJeDkxVmxTZldaS3RueTVfdm1Bcl9ralpodWtiOUQyUVRad1lUN1J1YWROTjVIRkVoZTJDMVR6UQ?oc=5\" target=\"_blank\" rel=\"nofollow noopener\">Kradli z parkometr\u00f3w. \u0141\u0105czna kwota mo\u017ce przyprawi\u0107 o b\u00f3l g\u0142owy<\/a>&nbsp;&nbsp;WP Wiadomo\u015bci<\/li>\n<li><a href=\"https:\/\/news.google.com\/rss\/articles\/CBMi3AFBVV95cUxNN1EyLTJRMWpQbzdHaDRzdU5uenlvM3dRSmRzWDl4ekFQbzUwTG5JWkFKYjlQYlI2NjFWbmNiVE02cHFSX1M1QjRsUWJwWVZnaGxxY0h2am5wVWdLbVdRUS0tSldxUlhEVWNFU0NUbzNXV2hwbXItYzlUNmdtdTJ1UDI1bjhxenN4RlhZeWZoVURqTFpKWkhwTTUyYlU3eDVLdjBGR1U2bW5wZXZNbjQ4eDBLZHQ3TlJZY1YtRmpfRnpJOXFyZWhkajhCaTFMTndOVnlvb3BPTVdSLUMz?oc=5\" target=\"_blank\" rel=\"nofollow noopener\">Z parkomat\u00f3w skradziono r\u00f3wnowarto\u015b\u0107 miliona euro. Z\u0142odzieje brali tylko monety<\/a>&nbsp;&nbsp;Portal Samorz\u0105dowy<\/li>\n<li><a href=\"https:\/\/news.google.com\/rss\/articles\/CBMi9AFBVV95cUxOellTbTdNNUxuWm81T2lsQ2VrRS14bUxvdHdnR0ppT040cnAxemtDWXRwdkpQcHJDbTFmMnc0cGFkSjI5QTdTbkUxLVlNVHM5Z3B6dFpoZy00X1hibloxaWZBVU9KOV8xVHRzUzF1U192Sm9nT2xhRXZUbXVjTXB6QTh1Y1VGSjZXZUtGaEVnTDdvQldnWEJ0TnRqeWZjSC16d2lpMGFnYW52QWNyNFd4allGX19RZjd1TXZYeFF4a3FObWR4bHFoZEkxN0JBbmxrWXhSOEd1ZUlSWmZndU5wSzJ0OHlqWWdRZU1wcDl1QnE0QWZT?oc=5\" target=\"_blank\" rel=\"nofollow noopener\">Pieni\u0105dze z parkometr\u00f3w trafia\u0142y na prywatne konta. Zgin\u0119\u0142o ponad milion euro<\/a>&nbsp;&nbsp;TVN24<\/li>\n<li><a href=\"https:\/\/news.google.com\/rss\/articles\/CBMirwFBVV95cUxNRFF3b205dE42dGRMNTN3SFlsQkd6UkFYZUctc1lJOUlmNnlnMml6akYxZGtvZEtPcU43R2JhTTRtYmM4dnJFZFpLdjlJNWo3QVFoQnAxZDF4ZXNZUnZfMXU1eHhQYl8zbU1Pc2dLYWFMS2kyano5ZUoza0JJb2FZSGRjQTRkY0R3YmJpLWhJR3hZdGo1dEpBQ3BrSVN4dE9vWVRMbi1HejU0TnZXeDZB?oc=5\" target=\"_blank\" rel=\"nofollow noopener\">Zrabowane milion euro w monetach z parkometr\u00f3w. S\u0142u\u017cby uj\u0119\u0142y podejrzanych<\/a>&nbsp;&nbsp;RMF24<\/li>\n<li><a href=\"https:\/\/news.google.com\/rss\/articles\/CBMiqAFBVV95cUxNV0p2S1hzWXQ1RzFDNnBMM1JQSC1SMEdnWUNJYzlJSjJLaEs2a0UyR1ZsUW1BMFVkUjRqYXk5anVpX2pkMUVsRHpFSUw1MHRiM2s4eV9LNVB2V0FPUF82ajhqQUlhXzBPS2pPS3RPWXljaXR0MEFZcTVRMFNqRTExbVEwSHozMExCME1GWW9VN0VGRVV3XzVUTXF0TEg5ckx5bTRuQTRBM2w?oc=5\" target=\"_blank\" rel=\"nofollow noopener\">Niemcy: Pracownik miejski kradnie ponad milion euro z parkomat\u00f3w<\/a>&nbsp;&nbsp;Euronews.com<\/li>\n<\/ol>\n","protected":false},"excerpt":{"rendered":"Kradli z parkometr\u00f3w. \u0141\u0105czna kwota mo\u017ce przyprawi\u0107 o b\u00f3l g\u0142owy&nbsp;&nbsp;WP Wiadomo\u015bci Z parkomat\u00f3w skradziono r\u00f3wnowarto\u015b\u0107 miliona euro. Z\u0142odzieje&hellip;\n","protected":false},"author":2,"featured_media":119922,"comment_status":"","ping_status":"","sticky":false,"template":"","format":"standard","meta":{"footnotes":""},"categories":[14],"tags":[32,33,27,34,35,28,31,25,40,41,80,29,30,26,82,83,84],"class_list":{"0":"post-119921","1":"post","2":"type-post","3":"status-publish","4":"format-standard","5":"has-post-thumbnail","7":"category-swiat","8":"tag-breaking-news","9":"tag-breakingnews","10":"tag-headlines","11":"tag-latest-news","12":"tag-latestnews","13":"tag-naglowki","14":"tag-najwazniejsze-artykuly","15":"tag-news","16":"tag-polish","17":"tag-polski","18":"tag-swiat","19":"tag-top-stories","20":"tag-topstories","21":"tag-wiadomosci","22":"tag-world","23":"tag-world-news","24":"tag-worldnews"},"share_on_mastodon":{"url":"https:\/\/pubeurope.com\/@pl\/115617866863637110","error":""},"_links":{"self":[{"href":"https:\/\/www.europesays.com\/pl\/wp-json\/wp\/v2\/posts\/119921","targetHints":{"allow":["GET"]}}],"collection":[{"href":"https:\/\/www.europesays.com\/pl\/wp-json\/wp\/v2\/posts"}],"about":[{"href":"https:\/\/www.europesays.com\/pl\/wp-json\/wp\/v2\/types\/post"}],"author":[{"embeddable":true,"href":"https:\/\/www.europesays.com\/pl\/wp-json\/wp\/v2\/users\/2"}],"replies":[{"embeddable":true,"href":"https:\/\/www.europesays.com\/pl\/wp-json\/wp\/v2\/comments?post=119921"}],"version-history":[{"count":0,"href":"https:\/\/www.europesays.com\/pl\/wp-json\/wp\/v2\/posts\/119921\/revisions"}],"wp:featuredmedia":[{"embeddable":true,"href":"https:\/\/www.europesays.com\/pl\/wp-json\/wp\/v2\/media\/119922"}],"wp:attachment":[{"href":"https:\/\/www.europesays.com\/pl\/wp-json\/wp\/v2\/media?parent=119921"}],"wp:term":[{"taxonomy":"category","embeddable":true,"href":"https:\/\/www.europesays.com\/pl\/wp-json\/wp\/v2\/categories?post=119921"},{"taxonomy":"post_tag","embeddable":true,"href":"https:\/\/www.europesays.com\/pl\/wp-json\/wp\/v2\/tags?post=119921"}],"curies":[{"name":"wp","href":"https:\/\/api.w.org\/{rel}","templated":true}]}}