{"id":119958,"date":"2025-11-26T20:47:12","date_gmt":"2025-11-26T20:47:12","guid":{"rendered":"https:\/\/www.europesays.com\/pl\/119958\/"},"modified":"2025-11-26T20:47:12","modified_gmt":"2025-11-26T20:47:12","slug":"zona-adama-konkola-uderza-w-anie-wyszkoni-fakty-sa-takie-2","status":"publish","type":"post","link":"https:\/\/www.europesays.com\/pl\/119958\/","title":{"rendered":"\u017bona Adama Konkola uderza w Ani\u0119 Wyszkoni. &#8222;Fakty s\u0105 takie&#8221;"},"content":{"rendered":"<p class=\"Paragraph_desktopParagraph__U31Gm\">Nie milkn\u0105 echa sporu mi\u0119dzy Adamem Konkolem a Ani\u0105 Wyszkoni, kt\u00f3ry od lat zaognia si\u0119 w przestrzeni medialnej \u2014 przede wszystkim w kwestii wsp\u00f3\u0142autorstwa przeboju &#8222;Agnieszka&#8221; zespo\u0142u \u0141zy. Niedawno jednak w sieci wybuch\u0142a kolejna afera po tym, jak gitarzysta skomentowa\u0142 jeden z wyst\u0119p\u00f3w Wyszkoni w sieci. &#8222;Pani Aniu, my wiemy, \u017ce pani wyros\u0142a z tych piosenek. Ale zap\u0142acimy, \u017ceby pani nie musia\u0142a \u015bpiewa\u0107 w samych majtkach&#8221; \u2014 napisa\u0142.<\/p>\n<p class=\"Paragraph_desktopParagraph__U31Gm\">Ju\u017c wcze\u015bniej Adam Konkol w podobny spos\u00f3b wypowiada\u0142 si\u0119 na ten temat, a gwiazda nie pozostawi\u0142a tego bez odpowiedzi. \u2014 To rzeczywi\u015bcie odbywa si\u0119 poza internetem poza show-biznesem, bo to ju\u017c wesz\u0142o rzeczywi\u015bcie na drog\u0119 prawn\u0105, bo trwa\u0107 w niesko\u0144czono\u015b\u0107 te\u017c to nie mo\u017ce \u2014 <a href=\"https:\/\/plejada.pl\/wideo\/anna-wyszkoni-o-kulisach-konfliktu-z-adamem-konkolem-to-juz-weszlo-na-droge-prawna\/vnycks6\" id=\"3e9f3eba-4cb6-4167-93f7-b9d176654a19\" rel=\"nofollow noopener\" target=\"_blank\">m\u00f3wi\u0142a artystka w rozmowie z Plejad\u0105<\/a>.<\/p>\n<ul class=\"OchatFollowUps_wrapper__1ry7X\">\n<li class=\"OchatFollowUps_item__Dhyly OchatFollowUps_itemDesktop__R6aBv\">Jakie odszkodowanie za\u017c\u0105da\u0142a Ania Wyszkoni?<\/li>\n<li class=\"OchatFollowUps_item__Dhyly OchatFollowUps_itemDesktop__R6aBv\">O co posz\u0142o w sporze mi\u0119dzy Adamem Konkolem a Ani\u0105 Wyszkoni?<\/li>\n<li class=\"OchatFollowUps_item__Dhyly OchatFollowUps_itemDesktop__R6aBv\">Co powiedzia\u0142a \u017cona Adama Konkola o piosenkach Wyszkoni?<\/li>\n<li class=\"OchatFollowUps_item__Dhyly OchatFollowUps_itemDesktop__R6aBv\">Jaki jest stan sprawy dotycz\u0105cej zakazu wykonywania piosenki 'Agnieszka&#8217;?<\/li>\n<\/ul>\n<p>\u017bona Adama Konkola uderza w Ani\u0119 Wyszkoni. &#8222;Fakty s\u0105 takie&#8221; <\/p>\n<p class=\"Paragraph_desktopParagraph__U31Gm\">Okaza\u0142o si\u0119, \u017ce <a href=\"https:\/\/plejada.pl\/newsy\/afera-po-wpisie-adama-konkola-ania-wyszkoni-zada-300-tys-zl-odszkodowania\/80e0ele\" id=\"d3b6b7ca-a342-4f4e-848e-222eef0dc619\" rel=\"nofollow noopener\" target=\"_blank\">Ania Wyszkoni za\u017c\u0105da\u0142a 300 tys. z\u0142 odszkodowania za s\u0142owa Adama Konkola na temat jej stylizacji<\/a>. &#8222;Trudno nazwa\u0107 to inaczej ni\u017c fars\u0105. Wokalistka \u017c\u0105da 300 tys. z\u0142 za to, \u017ce Adam nazwa\u0142 rzecz po imieniu. Nie obrazi\u0142 jej wygl\u0105du, nie skomentowa\u0142 \u017cycia osobistego. Zauwa\u017cy\u0142 publiczny fakt: wyst\u0105pi\u0142a w telewizji w majtkach&#8221; \u2014 m\u00f3wi\u0142a \u017cona Adama Konkola w rozmowie z Plotkiem. &#8222;Szkoda, \u017ce wra\u017cliwo\u015b\u0107 wokalistki nie budzi\u0142a si\u0119 wtedy, gdy przez 30 lat pobiera\u0142a ogromne tantiemy z piosenek, do kt\u00f3rych nie napisa\u0142a ani jednej nuty&#8221; \u2014 doda\u0142a.<\/p>\n<p class=\"Paragraph_desktopParagraph__U31Gm\">Teraz partnerka gitarzysty ponownie odnios\u0142a si\u0119 do sprawy, publikuj\u0105c dwa wpisy w mediach spo\u0142eczno\u015bciowych. W pierwszym z nich wypomnia\u0142a by\u0142ej wokalistce \u0141ez s\u0142owa z dawnego wywiadu, kt\u00f3rego udzieli\u0142a Wideoportalowi. Tam stwierdzi\u0142a, \u017ce wi\u0119kszo\u015b\u0107 piosenek grupy &#8222;ju\u017c nie gra w jej duszy&#8221;.<\/p>\n<blockquote>\n<p class=\"Paragraph_desktopParagraph__U31Gm\">Skoro piosenki &#8222;ju\u017c jej nie graj\u0105 w duszy&#8221;, jak sama m\u00f3wi\u0142a, to dziwi fakt, \u017ce tak ch\u0119tnie do nich wraca. Wyros\u0142a z nich? A jednak to w\u0142a\u015bnie one nadal stanowi\u0105 fundament jej repertuaru<\/p>\n<\/blockquote>\n<p class=\"Paragraph_desktopParagraph__U31Gm\">&#8222;A dzi\u015b, kiedy repertuar ju\u017c nie wystarcza, pojawiaj\u0105 si\u0119 inne sposoby na zwr\u00f3cenie na siebie uwagi. To jej wyb\u00f3r i jej wizerunek. My tego nie komentujemy \u2014 pokazali\u015bmy jedynie fakty, kt\u00f3re wszyscy mogli zobaczy\u0107&#8221; \u2014 czytamy. &#8222;Adam Konkol wyst\u0105pi\u0142 do s\u0105du o zakaz wykonywania \u00bbAgnieszki\u00ab, bo jako jej autor ma do tego pe\u0142ne prawo&#8221; \u2014 kontynuowa\u0142a.<\/p>\n<blockquote>\n<p class=\"Paragraph_desktopParagraph__U31Gm\">Ta sprawa toczy si\u0119 legalnie, a nie w przestrzeni medialnej. Je\u015bli jednak rozmawiamy o &#8222;zado\u015b\u0107uczynieniach&#8221;, to gdyby policzy\u0107 lata korzystania z jego tw\u00f3rczo\u015bci, jego piosenek, jego dorobku \u2014 to naprawd\u0119 nie on powinien tu komukolwiek p\u0142aci\u0107<\/p>\n<\/blockquote>\n<p class=\"Paragraph_desktopParagraph__U31Gm\">&#8222;Fakty s\u0105 takie: jej kariera powsta\u0142a na piosenkach, kt\u00f3re napisa\u0142 Adam. (&#8230;) I skoro pojawia si\u0119 absurdalne \u017c\u0105danie 300 tys. z\u0142, to mo\u017cna by z przek\u0105sem powiedzie\u0107, \u017ce kwota nale\u017cna w drug\u0105 stron\u0119 musia\u0142aby by\u0107 przynajmniej dziesi\u0119ciokrotnie wy\u017csza&#8221; \u2014 stwierdzi\u0142a.<\/p>\n<p class=\"Paragraph_desktopParagraph__U31Gm\">Drugi post po\u015bwi\u0119ci\u0142a swoim przemy\u015bleniom, nawi\u0105zuj\u0105c do dzia\u0142alno\u015bci w show-biznesie, a tak\u017ce swojego \u017cycia rodzinnego. &#8222;Wiecie, co w tym wszystkim jest najwa\u017cniejsze? Show-biznes bywa brutalny. To chyba druga najci\u0119\u017csza bran\u017ca po polityce&#8221; \u2014 rozpocz\u0119\u0142a.<\/p>\n<blockquote>\n<p class=\"Paragraph_desktopParagraph__U31Gm\">Ale my od ponad 16 lat mamy siebie \u2014 na dobre i na z\u0142e. W zdrowiu i chorobie. W sukcesach i w momentach, kiedy \u015bwiat potrafi przycisn\u0105\u0107 do ziemi. Bo mi\u0142o\u015b\u0107 to nie tylko \u015bwi\u0119towanie pi\u0119knych chwil. (&#8230;) Jestem jak lwica. Matka swojego stada. Chroni\u0119 swoj\u0105 rodzin\u0119 ca\u0142ym sercem i ca\u0142\u0105 si\u0142\u0105.<\/p>\n<\/blockquote>\n<p class=\"Paragraph_desktopParagraph__U31Gm\">&#8222;A ka\u017cdy, kto spr\u00f3buje nas zrani\u0107, szybko si\u0119 przekona, \u017ce nie uciszy mnie, nie z\u0142amie i nie odsunie od prawdy. Nie pozwol\u0119 krzywdzi\u0107 moich najbli\u017cszych. Nigdy. (&#8230;) A ten cz\u0142owiek na zdj\u0119ciu? To m\u00f3j m\u0105\u017c, Adam. M\u00f3j dom, moje serce, moja si\u0142a. Za niego posz\u0142abym w ogie\u0144. Wi\u0119c je\u015bli kto\u015b my\u015bli, \u017ce trafi w nasz s\u0142aby punkt\u2026 Jest w ogromnym b\u0142\u0119dzie. My dopiero nabieramy mocy. Razem&#8221; \u2014 podsumowa\u0142a.<\/p>\n<p><img decoding=\"async\" class=\"Image_image__0tuHp Image_autoHeight__f2n87 \" height=\"587\" width=\"880\" src=\"https:\/\/www.europesays.com\/pl\/wp-content\/uploads\/2025\/11\/jrMk9kpTURBXy9kMDNkNzcwNDE0ZTU5YzMyOWY2YWYxY2Q0NzRhOGUzNi5qcGeSlQLNA6wAwsOVAgDNAkvCw94AA6EwAaExAaEzw.jpeg\" alt=\"Anna Wyszkoni\" loading=\"lazy\" \/>Andras Szilagyi \/ MW Media<\/p>\n<p>Anna Wyszkoni<\/p>\n<p><img decoding=\"async\" class=\"Image_image__0tuHp Image_autoHeight__f2n87 \" height=\"587\" width=\"882\" src=\"https:\/\/www.europesays.com\/pl\/wp-content\/uploads\/2025\/11\/-K9k9kpTURBXy84NDkzZDM4MTliYzEyNTUyNWIyMzZhZWUyMWEwMjNiZS5qcGeSlQLNA6wAwsOVAgDNAkvCw94AA6EwAaExAaEzw.jpeg\" alt=\"Adam Konkol i Angelina Konkol\" loading=\"lazy\" \/>Piotr Andrzejczak \/ MW Media<\/p>\n<p>Adam Konkol i Angelina Konkol<\/p>\n<p class=\"Paragraph_desktopParagraph__U31Gm\">Dzi\u0119kujemy, \u017ce przeczyta\u0142a\u015b\/e\u015b nasz artyku\u0142 do ko\u0144ca. W serwisie Plejada.pl ka\u017cdego dnia piszemy o najwa\u017cniejszych wydarzeniach show-biznesowych. B\u0105d\u017a na bie\u017c\u0105co! <a rel=\"nofollow noopener\" href=\"https:\/\/profile.google.com\/cp\/Cg0vZy8xMWJ6X19wdHBx\" id=\"6164bdce-da91-40b7-ab28-d5ae5f0212ac\" target=\"_blank\">Obserwuj<\/a> Plejad\u0119 w Google. Odwied\u017a nas tak\u017ce na <a rel=\"nofollow noopener\" href=\"https:\/\/www.facebook.com\/plejadapl\" id=\"672605bd-deb9-483a-8101-c9b7ef3daecd\" target=\"_blank\">Facebooku<\/a>, <a rel=\"nofollow noopener\" href=\"https:\/\/www.instagram.com\/plejadapl\/\" id=\"fc6352c6-a767-473d-96f6-be4f2a61d3af\" target=\"_blank\">Instagramie<\/a>, <a rel=\"nofollow noopener\" href=\"https:\/\/www.youtube.com\/c\/plejada\" id=\"720f25fb-2089-4f54-af40-ec5cd0278ca2\" target=\"_blank\">YouTube<\/a> oraz <a rel=\"nofollow noopener\" href=\"https:\/\/www.tiktok.com\/@plejada_pl\" id=\"670a2950-7a27-474a-b637-1b2d253dba8d\" target=\"_blank\">TikToku<\/a>.<\/p>\n<p class=\"Paragraph_desktopParagraph__U31Gm\">Chcesz podzieli\u0107 si\u0119 ciekawym newsem lub zaproponowa\u0107 temat? Skontaktuj si\u0119 z nami, pisz\u0105c e-maila na adres: <a href=\"https:\/\/www.onet.pl\/styl-zycia\/plejada\/zona-adama-konkola-uderza-w-anie-wyszkoni-fakty-sa-takie\/mailto:plejada@redakcjaonet.pl\" id=\"b4d9a11b-bcfd-4e7b-912d-a1c289dc8077\" rel=\"nofollow noopener\" target=\"_blank\">plejada@redakcjaonet.pl<\/a>.<\/p>\n<p><script async src=\"\/\/www.instagram.com\/embed.js\"><\/script><script async src=\"\/\/www.tiktok.com\/embed.js\"><\/script><\/p>\n","protected":false},"excerpt":{"rendered":"Nie milkn\u0105 echa sporu mi\u0119dzy Adamem Konkolem a Ani\u0105 Wyszkoni, kt\u00f3ry od lat zaognia si\u0119 w przestrzeni medialnej&hellip;\n","protected":false},"author":2,"featured_media":119959,"comment_status":"","ping_status":"","sticky":false,"template":"","format":"standard","meta":{"footnotes":""},"categories":[22],"tags":[122,67,261,53,52,68,51,55,42,38,40,39,41,123,47,50],"class_list":{"0":"post-119958","1":"post","2":"type-post","3":"status-publish","4":"format-standard","5":"has-post-thumbnail","7":"category-rozrywka","8":"tag-entertainment","9":"tag-intextvideo_splayer","10":"tag-kultura","11":"tag-new_header","12":"tag-onet3","13":"tag-onet3d","14":"tag-onet3d_2i","15":"tag-phx","16":"tag-pl","17":"tag-poland","18":"tag-polish","19":"tag-polska","20":"tag-polski","21":"tag-rozrywka","22":"tag-screening_general","23":"tag-v2021"},"share_on_mastodon":{"url":"https:\/\/pubeurope.com\/@pl\/115617965481546862","error":""},"_links":{"self":[{"href":"https:\/\/www.europesays.com\/pl\/wp-json\/wp\/v2\/posts\/119958","targetHints":{"allow":["GET"]}}],"collection":[{"href":"https:\/\/www.europesays.com\/pl\/wp-json\/wp\/v2\/posts"}],"about":[{"href":"https:\/\/www.europesays.com\/pl\/wp-json\/wp\/v2\/types\/post"}],"author":[{"embeddable":true,"href":"https:\/\/www.europesays.com\/pl\/wp-json\/wp\/v2\/users\/2"}],"replies":[{"embeddable":true,"href":"https:\/\/www.europesays.com\/pl\/wp-json\/wp\/v2\/comments?post=119958"}],"version-history":[{"count":0,"href":"https:\/\/www.europesays.com\/pl\/wp-json\/wp\/v2\/posts\/119958\/revisions"}],"wp:featuredmedia":[{"embeddable":true,"href":"https:\/\/www.europesays.com\/pl\/wp-json\/wp\/v2\/media\/119959"}],"wp:attachment":[{"href":"https:\/\/www.europesays.com\/pl\/wp-json\/wp\/v2\/media?parent=119958"}],"wp:term":[{"taxonomy":"category","embeddable":true,"href":"https:\/\/www.europesays.com\/pl\/wp-json\/wp\/v2\/categories?post=119958"},{"taxonomy":"post_tag","embeddable":true,"href":"https:\/\/www.europesays.com\/pl\/wp-json\/wp\/v2\/tags?post=119958"}],"curies":[{"name":"wp","href":"https:\/\/api.w.org\/{rel}","templated":true}]}}