{"id":119966,"date":"2025-11-26T20:53:10","date_gmt":"2025-11-26T20:53:10","guid":{"rendered":"https:\/\/www.europesays.com\/pl\/119966\/"},"modified":"2025-11-26T20:53:10","modified_gmt":"2025-11-26T20:53:10","slug":"dzwonil-do-syna-zle-to-znosilem-sportowefakty","status":"publish","type":"post","link":"https:\/\/www.europesays.com\/pl\/119966\/","title":{"rendered":"Dzwoni\u0142 do syna. &quot;\u0179le to znosi\u0142em&quot; &#8211; SportoweFakty"},"content":{"rendered":"<ol>\n<li><a href=\"https:\/\/news.google.com\/rss\/articles\/CBMihgFBVV95cUxQZ2Y0d3lKY0VuNTNjSFY2RzFyY2xVTWhubTlxalRIOUVJS1JuYTEyemdOeGdfTFJ1MEhOYzZmUkVlYmJteGRyMnoteE5DMXoyV3RWMldKekl1ZWJpTDFZdXQxcHR1TnZNekNHanZreC1icVFMVXFyU2NES08tNy12UWU3cy1CZw?oc=5\" target=\"_blank\" rel=\"nofollow noopener\">Dzwoni\u0142 do syna. &#8222;\u0179le to znosi\u0142em&#8221;<\/a>&nbsp;&nbsp;SportoweFakty<\/li>\n<li><a href=\"https:\/\/news.google.com\/rss\/articles\/CBMi0gFBVV95cUxOd2I3bUhRSXBoa0FENV84X01hdDI2UUt4N0NQN1pyREZBUnBqVGtJTTVLeW9WOUN3TjN3UkNleW5zUERkVWJteTF0U1c4T01tTWdDWkowYjNibXI1WFVmRlBEdHo1TDBINEVQUHVuRC15X3N2dnBSR3htSWtFREo3amQydjBhdHRuLXhobVVqSGh5M1NvbksxT3Iwd1RqZm5sTU96ZlNkc1l3NkNzRC1URWdPTVdHR1ltUFBFTWplQS1WSjM3RlZ0UjJ3VVlCVkVCZ2c?oc=5\" target=\"_blank\" rel=\"nofollow noopener\">Wysz\u0142a na jaw prawda o Krychowiaku. To dlatego zrezygnowa\u0142 z gry w kadrze<\/a>&nbsp;&nbsp;Sport w INTERIA.PL<\/li>\n<li><a href=\"https:\/\/news.google.com\/rss\/articles\/CBMi2AFBVV95cUxOb2t0TlpxdGN5c3dpM0U3eGNCanUwRjhXMHRJazZCQldYRHNIeE9rNWIxa1o0U1hNaDMxd3JDYTUtVmdGSXBsalc5bUJoWmxIOUZDeUlHZkF1b1A2VE1vNmc0ZXhmeF8xVkVIdGQ3TktMa1NQaU1OM3hVbmtsN3ZRdEFPTkdnU1pYZUg4REtuS1UweUJETi1kNmJOaHVjemV2SzdUR1hGcjFpSmhxUEpqdEdlVjEtZng4Q1ZoWlMtRDB1aC1YVzJEc0lveWd6RnBJX01OWXJMS1c?oc=5\" target=\"_blank\" rel=\"nofollow noopener\">Nawa\u0142ka mia\u0142 propozycj\u0119 dla Krychowiaka. Szybka kontra, cios w Szcz\u0119snego<\/a>&nbsp;&nbsp;MSN<\/li>\n<li><a href=\"https:\/\/news.google.com\/rss\/articles\/CBMiqgFBVV95cUxOdS1VcUlKSUtBeDlPNjN3alQyclJWREthQ0pUV2hLYlZzUmgwZWphMmJlYlpLdmZ3Ul8wXzB6RUcwRC1taElqLVVTT0RvWFg2ZldQdFZCRHNjODdjSUpBLV93VUFKa3l1eDJ3d0hGbU1hOElUZGg5QTFDRTlKa2JxYTZ5RGQydENrUWJFLTVYMkdTOGtzNkFlSHQtSWNSRzZvNGRNUTA4TDgtdw?oc=5\" target=\"_blank\" rel=\"nofollow noopener\">Sensacyjny powr\u00f3t Krychowiaka? &#8222;Mo\u017ce pomog\u0119 im awansowa\u0107&#8221;<\/a>&nbsp;&nbsp;SportoweFakty<\/li>\n<li><a href=\"https:\/\/news.google.com\/rss\/articles\/CBMitAFBVV95cUxNM0U5Ym0tTDUwTmN4eUFjU0lTdnZTRmFmM3dCVVFfaDRKcEt6M01sTzdxWmVHUXFMNmp1VzlDeGV6bXpjdWFYb0hOTHduZjR3YXQ3ckNqc1o5Ni15TkhZQ0h5cjFjNldraTVHVVZSczZyaWFvVGh6SGxKbks5S3g3SHppS2VMVHlQWGxmNXdlTUhkZnJiRDhMU0pmNG1HOF96dkZMQ04tQmZWemNmYjZKdUJueW8?oc=5\" target=\"_blank\" rel=\"nofollow noopener\">Krychowiak wypali\u0142 w kierunku Szcz\u0119snego. &#8222;Nie robi\u0119 z mordy cholewy&#8221;<\/a>&nbsp;&nbsp;Meczyki.pl<\/li>\n<\/ol>\n","protected":false},"excerpt":{"rendered":"Dzwoni\u0142 do syna. &#8222;\u0179le to znosi\u0142em&#8221;&nbsp;&nbsp;SportoweFakty Wysz\u0142a na jaw prawda o Krychowiaku. To dlatego zrezygnowa\u0142 z gry w&hellip;\n","protected":false},"author":2,"featured_media":119967,"comment_status":"","ping_status":"","sticky":false,"template":"","format":"standard","meta":{"footnotes":""},"categories":[24],"tags":[25813,10225,541,269,42,38,40,39,41,537,539,127,126],"class_list":{"0":"post-119966","1":"post","2":"type-post","3":"status-publish","4":"format-standard","5":"has-post-thumbnail","7":"category-sport","8":"tag-edward-krychowiak","9":"tag-grzegorz-krychowiak","10":"tag-kadra-polski","11":"tag-pilka-nozna","12":"tag-pl","13":"tag-poland","14":"tag-polish","15":"tag-polska","16":"tag-polski","17":"tag-reprezentacja-polski","18":"tag-reprezentacje","19":"tag-sport","20":"tag-sports"},"share_on_mastodon":{"url":"https:\/\/pubeurope.com\/@pl\/115617988904113746","error":""},"_links":{"self":[{"href":"https:\/\/www.europesays.com\/pl\/wp-json\/wp\/v2\/posts\/119966","targetHints":{"allow":["GET"]}}],"collection":[{"href":"https:\/\/www.europesays.com\/pl\/wp-json\/wp\/v2\/posts"}],"about":[{"href":"https:\/\/www.europesays.com\/pl\/wp-json\/wp\/v2\/types\/post"}],"author":[{"embeddable":true,"href":"https:\/\/www.europesays.com\/pl\/wp-json\/wp\/v2\/users\/2"}],"replies":[{"embeddable":true,"href":"https:\/\/www.europesays.com\/pl\/wp-json\/wp\/v2\/comments?post=119966"}],"version-history":[{"count":0,"href":"https:\/\/www.europesays.com\/pl\/wp-json\/wp\/v2\/posts\/119966\/revisions"}],"wp:featuredmedia":[{"embeddable":true,"href":"https:\/\/www.europesays.com\/pl\/wp-json\/wp\/v2\/media\/119967"}],"wp:attachment":[{"href":"https:\/\/www.europesays.com\/pl\/wp-json\/wp\/v2\/media?parent=119966"}],"wp:term":[{"taxonomy":"category","embeddable":true,"href":"https:\/\/www.europesays.com\/pl\/wp-json\/wp\/v2\/categories?post=119966"},{"taxonomy":"post_tag","embeddable":true,"href":"https:\/\/www.europesays.com\/pl\/wp-json\/wp\/v2\/tags?post=119966"}],"curies":[{"name":"wp","href":"https:\/\/api.w.org\/{rel}","templated":true}]}}