{"id":120114,"date":"2025-11-26T22:50:05","date_gmt":"2025-11-26T22:50:05","guid":{"rendered":"https:\/\/www.europesays.com\/pl\/120114\/"},"modified":"2025-11-26T22:50:05","modified_gmt":"2025-11-26T22:50:05","slug":"grozny-wypadek-na-pomorzu-autobus-z-pasazerami-wpadl-do-rowu-onet-wiadomosci","status":"publish","type":"post","link":"https:\/\/www.europesays.com\/pl\/120114\/","title":{"rendered":"Gro\u017any wypadek na Pomorzu. Autobus z pasa\u017cerami wpad\u0142 do rowu &#8211; Onet Wiadomo\u015bci"},"content":{"rendered":"<ol>\n<li><a href=\"https:\/\/news.google.com\/rss\/articles\/CBMilAFBVV95cUxOaEtCcGh6V0NwWml2Z0I5QWU4SzJqZ0JwelEyNkY1Mk5UeXpORWFLNE0yUGk3bjZRQUNPYXhhZDctTWdBM1RSQWxZaGpPYXA1ZmhFMEU0VkJtd3I4VWd2YzdQVHN0d1VPVl9xUmpROTQyY05MWEFNbEdLZWtwSGthRV9fU1U1RW9YMG91TW5Ra0ttNldS?oc=5\" target=\"_blank\" rel=\"nofollow noopener\">Gro\u017any wypadek na Pomorzu. Autobus z pasa\u017cerami wpad\u0142 do rowu<\/a>&nbsp;&nbsp;Onet Wiadomo\u015bci<\/li>\n<li><a href=\"https:\/\/news.google.com\/rss\/articles\/CBMiugFBVV95cUxNclFxeHFDa1lEQ1BWWnE5MFJmb3FsMnNRd1hWTEVwakFPWWs4S0MtcENXZlBUVTBsVTZzemg4S0padHhEU044Y0NieWowbGhjaF95WGUybS11WDFWaGVmeTRZaEJuNUYyWEFXMVFaejRXNjZQY2xzejBtUlFvYmdzRm00T2c3M0U5OTRfU0hNeXVZMXVlTXcxdDhyV1ozblREc3NHUU41OW9NLTZWckV0cGRTX0tIWk0yTUE?oc=5\" target=\"_blank\" rel=\"nofollow noopener\">Autobus z siedmioma osobami wpad\u0142 do rowu. Pomorska policja apeluje do kierowc\u00f3w<\/a>&nbsp;&nbsp;Wydarzenia w INTERIA.PL<\/li>\n<li><a href=\"https:\/\/news.google.com\/rss\/articles\/CBMiowFBVV95cUxNN1ZiX25JU1k0TTRYQzF6TG1kc0plU1VKQXd2Q0I2MW1LMG9MLWxrQ0h5aEpON204MF9nbUllN3UxdUVyOWh0anpLNkx4Z19oQTllWWlDV2dYNHZxRUt1eXRXSlNubnJsQnk1Q2RDNDliaTBTVHFvaFJxRThsRC00eGxxRXVLQnBUa2lrdXVaT1FNeVUzLU41SWIxTkVqTUhHWjc4?oc=5\" target=\"_blank\" rel=\"nofollow noopener\">Pomorskie: Autobus z pasa\u017cerami wpad\u0142 do rowu<\/a>&nbsp;&nbsp;RMF24<\/li>\n<li><a href=\"https:\/\/news.google.com\/rss\/articles\/CBMimwFBVV95cUxPZ1pJaG5DaXdNRVpiRmNnMTY2VFJxRm1QenF6WlplOUJMNHItRGNuZ01wdzJmZnpKc1hYcllsTXpiekszWnVrSmVyd0pUcnMtUmM1Q21OYlRBdmZUZXlxdlhMTVU5WlhTOG9PT0VZT0llcE9acUt1b3BvQU1QbzBCZW00TDhyTlFKVGNXMnlOUXFKTjNiWS02Ym9iYw?oc=5\" target=\"_blank\" rel=\"nofollow noopener\">Trudne warunki daj\u0105 si\u0119 we znaki. Autobus nagle wpad\u0142 do rowu<\/a>&nbsp;&nbsp;Fakt<\/li>\n<li><a href=\"https:\/\/news.google.com\/rss\/articles\/CBMizgFBVV95cUxPV2ZvbktIV0pHTVBISUZIT0ZvMjk3aThyOTkxS2NNTklfUlZXWGl1OVlyYTNTdk5JZS1DLVo4VVpPSzJFSEFrc0djWXVXcEVTT2dGOUluT25ONGpGSUJtOFNfa0xlWGpYcTdVZVFuUWdLNW1RcndwbkVfb1A4MDY1ckloa2NhOERkMEZzajJuVG5lRHJiempGak9ZbGZfRFp6Y01NZ3Y3VUZVNFJHR1FIY3RfVXlCcEhSTl9Xa2VVcmtfd29IZVF0eHV6YXUxdw?oc=5\" target=\"_blank\" rel=\"nofollow noopener\">Autobus przewr\u00f3ci\u0142 si\u0119 i wpad\u0142 do rowu. Pojazdem podr\u00f3\u017cowa\u0142o siedem os\u00f3b<\/a>&nbsp;&nbsp;Radio Gda\u0144sk<\/li>\n<\/ol>\n","protected":false},"excerpt":{"rendered":"Gro\u017any wypadek na Pomorzu. Autobus z pasa\u017cerami wpad\u0142 do rowu&nbsp;&nbsp;Onet Wiadomo\u015bci Autobus z siedmioma osobami wpad\u0142 do rowu.&hellip;\n","protected":false},"author":2,"featured_media":120115,"comment_status":"","ping_status":"","sticky":false,"template":"","format":"standard","meta":{"footnotes":""},"categories":[12],"tags":[32,33,36,37,27,49,34,35,28,31,48,25,46,42,38,40,39,41,47,7312,3842,29,30,26,23583],"class_list":{"0":"post-120114","1":"post","2":"type-post","3":"status-publish","4":"format-standard","5":"has-post-thumbnail","7":"category-polska","8":"tag-breaking-news","9":"tag-breakingnews","10":"tag-featured-news","11":"tag-featurednews","12":"tag-headlines","13":"tag-kraj","14":"tag-latest-news","15":"tag-latestnews","16":"tag-naglowki","17":"tag-najwazniejsze-artykuly","18":"tag-nat_styl","19":"tag-news","20":"tag-omp","21":"tag-pl","22":"tag-poland","23":"tag-polish","24":"tag-polska","25":"tag-polski","26":"tag-screening_general","27":"tag-snieg","28":"tag-straz_pozarna_strazacy","29":"tag-top-stories","30":"tag-topstories","31":"tag-wiadomosci","32":"tag-wypadek_autokaru"},"share_on_mastodon":{"url":"https:\/\/pubeurope.com\/@pl\/115618448859213590","error":""},"_links":{"self":[{"href":"https:\/\/www.europesays.com\/pl\/wp-json\/wp\/v2\/posts\/120114","targetHints":{"allow":["GET"]}}],"collection":[{"href":"https:\/\/www.europesays.com\/pl\/wp-json\/wp\/v2\/posts"}],"about":[{"href":"https:\/\/www.europesays.com\/pl\/wp-json\/wp\/v2\/types\/post"}],"author":[{"embeddable":true,"href":"https:\/\/www.europesays.com\/pl\/wp-json\/wp\/v2\/users\/2"}],"replies":[{"embeddable":true,"href":"https:\/\/www.europesays.com\/pl\/wp-json\/wp\/v2\/comments?post=120114"}],"version-history":[{"count":0,"href":"https:\/\/www.europesays.com\/pl\/wp-json\/wp\/v2\/posts\/120114\/revisions"}],"wp:featuredmedia":[{"embeddable":true,"href":"https:\/\/www.europesays.com\/pl\/wp-json\/wp\/v2\/media\/120115"}],"wp:attachment":[{"href":"https:\/\/www.europesays.com\/pl\/wp-json\/wp\/v2\/media?parent=120114"}],"wp:term":[{"taxonomy":"category","embeddable":true,"href":"https:\/\/www.europesays.com\/pl\/wp-json\/wp\/v2\/categories?post=120114"},{"taxonomy":"post_tag","embeddable":true,"href":"https:\/\/www.europesays.com\/pl\/wp-json\/wp\/v2\/tags?post=120114"}],"curies":[{"name":"wp","href":"https:\/\/api.w.org\/{rel}","templated":true}]}}