{"id":120181,"date":"2025-11-26T23:45:11","date_gmt":"2025-11-26T23:45:11","guid":{"rendered":"https:\/\/www.europesays.com\/pl\/120181\/"},"modified":"2025-11-26T23:45:11","modified_gmt":"2025-11-26T23:45:11","slug":"napiete-relacje-w-pis-chodzi-o-bylego-premiera-michal-dworczyk-ma-zal","status":"publish","type":"post","link":"https:\/\/www.europesays.com\/pl\/120181\/","title":{"rendered":"Napi\u0119te relacje w PiS. Chodzi o by\u0142ego premiera. Micha\u0142 Dworczyk ma \u017cal"},"content":{"rendered":"<p class=\"ods-c-paragraph \">PiS powo\u0142a\u0142o niedawno Rad\u0119 Programow\u0105, kt\u00f3ra ma odpowiada\u0107 za za\u0142o\u017cenia programu partii na wybory w 2027 r. Jej cz\u0142onkowie maj\u0105 si\u0119 zaj\u0105\u0107 wypracowaniem rozwi\u0105za\u0144 i usprawnie\u0144 z 18 obszar\u00f3w tematycznych, takich jak np. ochrona zdrowia, wymiar sprawiedliwo\u015bci czy gospodarka. <a href=\"https:\/\/wiadomosci.onet.pl\/tylko-w-onecie\/burzliwe-kulisy-rady-programowej-w-pis-morawiecki-byl-oburzony\/nvedddp\" id=\"67e7a12b-6791-4d51-8492-3f4dfb004eaa\" rel=\"nofollow noopener\" target=\"_blank\">W zespole tym nieoczekiwanie zabrak\u0142o by\u0142ego premiera Mateusza Morawieckiego<\/a>. <a href=\"https:\/\/wiadomosci.onet.pl\/kraj\/napieta-sytuacja-w-pis-rosnie-frustracja-postawa-zbigniewa-ziobry\/9rhrbkn\" id=\"57588bcc-fbfd-49f6-b254-a35b80727b28\" rel=\"nofollow noopener\" target=\"_blank\">Taka decyzja prezesa PiS Jaros\u0142awa Kaczy\u0144skiego ma \u015bwiadczy\u0107 o napi\u0119tych relacjach wewn\u0105trz partii<\/a>.<\/p>\n<p>Dalszy ci\u0105g artyku\u0142u pod materia\u0142em wideo<\/p>\n<p> Dlaczego Mateusz Morawiecki nie jest w Radzie Programowej PiS? <\/p>\n<p> Jakie obszary tematyczne ma si\u0119 zaj\u0105\u0107 Rada Programowa? <\/p>\n<p> Co powiedzia\u0142 Micha\u0142 Dworczyk o dzia\u0142aniach koleg\u00f3w z partii? <\/p>\n<p> Jakie napi\u0119cia istniej\u0105 wewn\u0105trz PiS? <\/p>\n<p>  W PiS narasta konflikt. Chodzi o by\u0142ego premiera Mateusza Morawieckiego<\/p>\n<p class=\"ods-c-paragraph \">Do tej sytuacji odni\u00f3s\u0142 si\u0119 w rozmowie z Radiem Plus europose\u0142 PiS Micha\u0142 Dworczyk. Prowadz\u0105cy zapyta\u0142 polityka, czy nie ma wra\u017cenia, \u017ce by\u0142y premier Mateusz Morawiecki &#8222;jest wypychany&#8221; z partii.<\/p>\n<blockquote class=\"ods-o-quota\">\n<p class=\"ods-o-quota__paragraph\">Nie jest \u017cadn\u0105 tajemnic\u0105, \u017ce ka\u017cda partia, kt\u00f3ra jest szerok\u0105 formacj\u0105, a PiS w\u0142a\u015bnie do takich nale\u017cy, skupia w sobie r\u00f3\u017cne \u015brodowiska, kt\u00f3re czasami r\u00f3\u017cnie interpretuj\u0105 czy r\u00f3\u017cnie patrz\u0105 na kwestie programowe i wszelkie inne. No i tu mamy chyba do czynienia z tak\u0105 sytuacj\u0105<\/p>\n<\/blockquote>\n<p class=\"ods-c-paragraph \">\u2014 odpowiedzia\u0142 Micha\u0142 Dworczyk.<\/p>\n<p class=\"ods-c-paragraph \">Prowadz\u0105cy nie dawa\u0142 jednak za wygran\u0105 i dalej dopytywa\u0142 o sytuacj\u0119 Mateusza Morawieckiego w PiS. W odpowiedzi Micha\u0142 Dworczyk stwierdzi\u0142, \u017ce jest to sprawa, nad kt\u00f3r\u0105 &#8222;nie warto si\u0119 skupia\u0107&#8221;. Przy okazji polityk uderzy\u0142 w Donalda Tuska.<\/p>\n<blockquote class=\"ods-o-quota\">\n<p class=\"ods-o-quota__paragraph\">Mam czasami poczucie, \u017ce niekt\u00f3rzy koledzy w spos\u00f3b nieroztropny podejmuj\u0105 dzia\u0142ania, kt\u00f3re tak naprawd\u0119 wpisuj\u0105 si\u0119 w dzia\u0142ania Donalda Tuska. Pr\u00f3buje on sk\u0142\u00f3ci\u0107 wewn\u0119trznie opozycj\u0119 i czasami niekt\u00f3rymi nieroztropnymi dzia\u0142aniami koledzy wspieraj\u0105 te wysi\u0142ki<\/p>\n<\/blockquote>\n<p class=\"ods-c-paragraph \">\u2014 powiedzia\u0142 Micha\u0142 Dworczyk, dodaj\u0105c przy tym, \u017ce &#8222;trudno mu uwierzy\u0107, \u017ce s\u0105 to dzia\u0142ania intencjonalne&#8221;.<\/p>\n","protected":false},"excerpt":{"rendered":"PiS powo\u0142a\u0142o niedawno Rad\u0119 Programow\u0105, kt\u00f3ra ma odpowiada\u0107 za za\u0142o\u017cenia programu partii na wybory w 2027 r. Jej&hellip;\n","protected":false},"author":2,"featured_media":120182,"comment_status":"","ping_status":"","sticky":false,"template":"","format":"standard","meta":{"footnotes":""},"categories":[5],"tags":[32,33,212,36,37,27,3787,49,34,35,3946,4478,28,31,48,25,46,529,42,38,40,39,41,47,29,30,26],"class_list":{"0":"post-120181","1":"post","2":"type-post","3":"status-publish","4":"format-standard","5":"has-post-thumbnail","7":"category-naglowki","8":"tag-breaking-news","9":"tag-breakingnews","10":"tag-donald_tusk","11":"tag-featured-news","12":"tag-featurednews","13":"tag-headlines","14":"tag-konflikt","15":"tag-kraj","16":"tag-latest-news","17":"tag-latestnews","18":"tag-mateusz_morawiecki","19":"tag-michal_dworczyk","20":"tag-naglowki","21":"tag-najwazniejsze-artykuly","22":"tag-nat_styl","23":"tag-news","24":"tag-omp","25":"tag-pis","26":"tag-pl","27":"tag-poland","28":"tag-polish","29":"tag-polska","30":"tag-polski","31":"tag-screening_general","32":"tag-top-stories","33":"tag-topstories","34":"tag-wiadomosci"},"share_on_mastodon":{"url":"https:\/\/pubeurope.com\/@pl\/115618665229011542","error":""},"_links":{"self":[{"href":"https:\/\/www.europesays.com\/pl\/wp-json\/wp\/v2\/posts\/120181","targetHints":{"allow":["GET"]}}],"collection":[{"href":"https:\/\/www.europesays.com\/pl\/wp-json\/wp\/v2\/posts"}],"about":[{"href":"https:\/\/www.europesays.com\/pl\/wp-json\/wp\/v2\/types\/post"}],"author":[{"embeddable":true,"href":"https:\/\/www.europesays.com\/pl\/wp-json\/wp\/v2\/users\/2"}],"replies":[{"embeddable":true,"href":"https:\/\/www.europesays.com\/pl\/wp-json\/wp\/v2\/comments?post=120181"}],"version-history":[{"count":0,"href":"https:\/\/www.europesays.com\/pl\/wp-json\/wp\/v2\/posts\/120181\/revisions"}],"wp:featuredmedia":[{"embeddable":true,"href":"https:\/\/www.europesays.com\/pl\/wp-json\/wp\/v2\/media\/120182"}],"wp:attachment":[{"href":"https:\/\/www.europesays.com\/pl\/wp-json\/wp\/v2\/media?parent=120181"}],"wp:term":[{"taxonomy":"category","embeddable":true,"href":"https:\/\/www.europesays.com\/pl\/wp-json\/wp\/v2\/categories?post=120181"},{"taxonomy":"post_tag","embeddable":true,"href":"https:\/\/www.europesays.com\/pl\/wp-json\/wp\/v2\/tags?post=120181"}],"curies":[{"name":"wp","href":"https:\/\/api.w.org\/{rel}","templated":true}]}}