{"id":120247,"date":"2025-11-27T01:52:11","date_gmt":"2025-11-27T01:52:11","guid":{"rendered":"https:\/\/www.europesays.com\/pl\/120247\/"},"modified":"2025-11-27T01:52:11","modified_gmt":"2025-11-27T01:52:11","slug":"mateusz-kochalski-azerbejdzan-wyobrazalem-sobie-zupelnie-inaczej-wywiad","status":"publish","type":"post","link":"https:\/\/www.europesays.com\/pl\/120247\/","title":{"rendered":"Mateusz Kochalski: Azerbejd\u017can wyobra\u017ca\u0142em sobie zupe\u0142nie inaczej [WYWIAD]"},"content":{"rendered":"<p>Mateusz Kochalski we wtorek obroni\u0142 rzut karny w meczu z Napoli, ale nie by\u0142 w stanie zapobiec pora\u017cce swojego zespo\u0142u 0:2 w pi\u0105tej kolejce Ligi Mistrz\u00f3w. Przypominamy d\u0142ugi wywiad z polskim bramkarzem przeprowadzony w grudniu 2024 r.<\/p>\n<p>MACIEJ FRYDRYCH: Czy pojawi\u0142 si\u0119 lekki stres, gdy us\u0142ysza\u0142 pan hymn Ligi Mistrz\u00f3w UEFA przed rewan\u017cowym meczem ostatniej rundy eliminacji z Dinamem Zagrzeb? <\/p>\n<p>MATEUSZ KOCHALSKI (BRAMKARZ QARABAGU): Tak, ale wi\u0119cej by\u0142o euforii. Spe\u0142ni\u0142em swoje marzenie, przyszed\u0142em do Qarabagu, aby gra\u0107 w europejskich pucharach.<\/p>\n<p class=\"Paragraph_desktopParagraph__Fd2e9\">Ostatecznie rywalizujecie w Lidze Europy UEFA. Co dotychczas najlepiej pan zapami\u0119ta z tych rozgrywek?<\/p>\n<p class=\"Paragraph_desktopParagraph__Fd2e9\">Poziom, bo jest znacznie wy\u017cszy ni\u017c w lidze azerskiej czy polskiej. W LE jeden b\u0142\u0105d ko\u0144czy si\u0119 strat\u0105 gola lub gro\u017an\u0105 sytuacj\u0105. Wyci\u0105gn\u0105\u0142em wnioski, wiem, \u017ce musz\u0119 bardzo ci\u0119\u017cko pracowa\u0107, aby wyst\u0119powa\u0107 cz\u0119\u015bciej w rozgrywkach tej rangi.<\/p>\n<p class=\"Paragraph_desktopParagraph__Fd2e9\">Abstrahuj\u0105c od wyniku (0:3), pewnie mecz z Tottenhamem w Londynie zapami\u0119ta pan do ko\u0144ca \u017cycia?<\/p>\n<p class=\"Paragraph_desktopParagraph__Fd2e9\">Wbrew pozorom chcia\u0142bym o nim jak najszybciej zapomnie\u0107, bo zagra\u0142em po prostu \u017ale. Wierz\u0119, \u017ce b\u0119d\u0119 mia\u0142 jeszcze kiedy\u015b okazj\u0119 zmierzy\u0107 si\u0119 z rywalem takiego kalibru lub wyst\u0119powa\u0107 w Premier League. To moje najwi\u0119ksze marzenie.<\/p>\n<p class=\"Paragraph_desktopParagraph__Fd2e9\">Chcia\u0142em pana zapyta\u0107, kt\u00f3rzy zawodnicy z Tottenhamu zrobili na panu najwi\u0119ksze wra\u017cenie, ale przypomnia\u0142em sobie, \u017ce pan ju\u017c w wieku 17 lat mia\u0142 styczno\u015b\u0107 z niez\u0142ymi pi\u0142karzami. W Lidze M\u0142odzie\u017cowej UEFA w barwach Legii rywalizowali\u015bcie z Ajaksem Amsterdam, w kt\u00f3rym grali mi\u0119dzy innymi Ryan Gravenberch, Jurri\u00ebn Timber czy Sergino Dest. <\/p>\n<p class=\"Paragraph_desktopParagraph__Fd2e9\">Przed meczem z Ajaksem (0:3) w LE przypomnia\u0142em sobie o tamtym spotkaniu. By\u0142em w szoku, jak wielu graczy dzi\u015b wyst\u0119puje na wysokim poziomie. Wi\u0119kszo\u015b\u0107 z nich gra w topowych rozgrywkach. W 2017 r. wygrali\u015bmy w Amsterdamie 2:0, a wielu moich koleg\u00f3w z tamtych lat gra w ni\u017cszych polskich ligach. Zastanawia\u0142em si\u0119 dlaczego, bo siedem lat temu umiej\u0119tno\u015bciami nie odstawali\u015bmy.<\/p>\n<p class=\"Paragraph_desktopParagraph__Fd2e9\">Nawet \u00f3wczesny trener dru\u017cyny Ajaksu do lat 19 Johnny Heitinga dzi\u015b jest asystentem Arne Slota w Liverpoolu.<\/p>\n<p class=\"Paragraph_desktopParagraph__Fd2e9\">Za to przy okazji naszego pa\u017adziernikowego meczu z Ajaksem ca\u0142e spotkanie na \u0142awce rezerwowych przesiedzia\u0142 Brian Brobbey, kt\u00f3ry w 2017 r. wyst\u0119powa\u0142 w m\u0142odzie\u017cowej dru\u017cynie z Amsterdamu.<\/p>\n<p class=\"Paragraph_desktopParagraph__Fd2e9\">Spotkanie po latach. <\/p>\n<p class=\"Paragraph_desktopParagraph__Fd2e9\">Nie pami\u0119ta\u0142em go z tamtych lat. (\u015bmiech)<\/p>\n<p>Mateusz Kochalski: Ogarn\u0119\u0142o mnie dziwne, ale zarazem fajne uczucie<\/p>\n<p class=\"Paragraph_desktopParagraph__Fd2e9\">Teraz w LE nie osi\u0105gali\u015bcie najlepszych wynik\u00f3w, ale pewnie do\u015bwiadczenia nieco pan naby\u0142. <\/p>\n<p class=\"Paragraph_desktopParagraph__Fd2e9\">Kiedy sta\u0142em w tunelu przed meczem z Tottenhamem, ogarn\u0119\u0142o mnie dziwne, ale zarazem fajne uczucie. Obok mnie znajdowa\u0142 si\u0119 Son Heung-min oraz wielu innych zawodnik\u00f3w, kt\u00f3rymi wcze\u015bniej gra\u0142em w FIF-\u0119 lub kt\u00f3rych ogl\u0105da\u0142em w telewizji. R\u00f3wnie\u017c podczas spotkania poziom tych zawodnik\u00f3w by\u0142 niesamowity.<\/p>\n<p class=\"Paragraph_desktopParagraph__Fd2e9\">Mam wra\u017cenie, pozostaj\u0105c przy terminologii zaczerpni\u0119tej z gry FIFA, \u017ce nagle wskoczy\u0142 pan na poziom klasy \u015bwiatowej. Mia\u0142 pan okazj\u0119 rywalizowa\u0107 z takimi pi\u0142karskimi nazwiskami jak Wout Weghorst, Dominic Solanke, Dejan Kulu\u0161evski oraz wieloma innymi znakomitymi zawodnikami.<\/p>\n<p class=\"Paragraph_desktopParagraph__Fd2e9\">Z ka\u017cdego meczu m\u00f3g\u0142bym wskaza\u0107 kilku pi\u0142karzy, kt\u00f3rzy wywarli na mnie ogromne wra\u017cenie. Szczeg\u00f3lnie zapad\u0142 mi w pami\u0119\u0107 Guglielmo Vicario z Tottenhamu \u2013 wcze\u015bniej nie zwraca\u0142em na niego uwagi, ale przeciwko nam broni\u0142 fenomenalnie. Chcia\u0142bym sam kiedy\u015b osi\u0105gn\u0105\u0107 taki poziom. Z kolei spok\u00f3j i inteligencja, z jak\u0105 Son operuje pi\u0142k\u0105, to zupe\u0142nie inna liga.<\/p>\n<p><img decoding=\"async\" src=\"https:\/\/www.europesays.com\/pl\/wp-content\/uploads\/2025\/11\/kochalski-zalezalo-mi-na-koszulce-pasveera.jpg\" alt=\"Kochalski: Zale\u017ca\u0142o mi na koszulce Pasveera\" width=\"944\" height=\"629\" loading=\"lazy\" class=\"\" \/>Kochalski: Zale\u017ca\u0142o mi na koszulce Pasveera (Foto: ZUMA\/Newspix.pl \/ newspix.pl)<\/p>\n<p class=\"Paragraph_desktopParagraph__Fd2e9\">Mia\u0142 pan okazj\u0119 wymieni\u0107 si\u0119 z Vicario spostrze\u017ceniami po meczu? <\/p>\n<p class=\"Paragraph_desktopParagraph__Fd2e9\">Po przegranych meczach \u2013 niezale\u017cnie od tego, jak sam zagra\u0142em \u2013 zazwyczaj nie jestem zbyt skory do rozm\u00f3w na boisku. Zreszt\u0105 zwykle i tak nie by\u0142o ku temu okazji, bo rywale od razu udawali si\u0119 \u015bwi\u0119towa\u0107 z kibicami. Jednak raz zdarzy\u0142o mi si\u0119 podej\u015b\u0107 do Remko Pasveera z Ajaksu, kt\u00f3rego historia zrobi\u0142a na mnie wra\u017cenie \u2013 w wieku 38 lat zadebiutowa\u0142 w reprezentacji Holandii. Poprosi\u0142em go o koszulk\u0119, na co co\u015b odpowiedzia\u0142, ale nie dos\u0142ysza\u0142em. Ostatecznie jej nie dosta\u0142em, cho\u0107 absolutnie nie mam o to \u017calu.<\/p>\n<p class=\"Paragraph_desktopParagraph__Fd2e9\">S\u0142ysza\u0142em kiedy\u015b, \u017ce jeden z zawodnik\u00f3w Qarabagu zrobi\u0142 sobie zdj\u0119cie z Davidem Luizem po przegranym 0:6 meczu z Chelsea, co podobno wywo\u0142a\u0142o ogromny gniew trenera Qurbana Qurbanova. Czy pan zachowa\u0142 jak\u0105\u015b pami\u0105tk\u0119 po tych meczach?<\/p>\n<p class=\"Paragraph_desktopParagraph__Fd2e9\">Niestety nie. Po pora\u017ckach nie mia\u0142em na to zbytnio ochoty, cho\u0107 akurat zale\u017ca\u0142o mi na koszulce Pasveera.<\/p>\n<p class=\"Paragraph_desktopParagraph__Fd2e9\">W LE wygrali\u015bcie tylko z Bod\u00f6\/Glimt (2:1). Jak trener Qurbanov reagowa\u0142 na pora\u017cki? Wiem, \u017ce kiedy\u015b oczekiwa\u0142 zwyci\u0119stw niezale\u017cnie od skali przeciwnika. <\/p>\n<p class=\"Paragraph_desktopParagraph__Fd2e9\">W przerwach meczu bywa\u0142 zdenerwowany, ale zaskoczy\u0142o mnie, \u017ce po pora\u017ckach nie krzycza\u0142. Zdobyli\u015bmy tylko trzy punkty na mo\u017cliwych 18, wi\u0119c jedynie cud mo\u017ce spowodowa\u0107, \u017ce zagramy dalej. Ja oczywi\u015bcie b\u0119d\u0119 wierzy\u0142 w awans, bo przed nami jeszcze dwa spotkania [z FCSB i Olympiakosem]. Zauwa\u017cy\u0142em, \u017ce w Qarabagu niezale\u017cnie od poziomu przeciwnika za\u0142o\u017cenia na mecz s\u0105 podobne. Chcemy gra\u0107 wysokim pressingiem i ofensywnie, a nie tylko si\u0119 broni\u0107. Mo\u017ce dla kogo\u015b zabrzmi to \u015bmiesznie, ale my z ka\u017cdym z zespo\u0142\u00f3w do straty gola grali\u015bmy dobrze. W meczu z Tottenhamem nie pomog\u0142em zespo\u0142owi, ale mieli\u015bmy swoje okazje, a nawet zmarnowali\u015bmy jedenastk\u0119.<\/p>\n<p class=\"Paragraph_desktopParagraph__Fd2e9\">Jak pan ocenia trenera Qurbanova? To z pewno\u015bci\u0105 oryginalny, mo\u017ce specyficzny szkoleniowiec. <\/p>\n<p class=\"Paragraph_desktopParagraph__Fd2e9\">Trenera z takim charakterem jeszcze nie pozna\u0142em. Nie rozmawia za du\u017co z zawodnikami, tylko kiedy dzieje si\u0119 co\u015b powa\u017cnego. Lubi\u0119 z nim wsp\u00f3\u0142pracowa\u0107 oraz podoba mi si\u0119 jego pomys\u0142, bo chce, aby\u015bmy w ka\u017cdym meczu stawiali swoje warunki. Pokaza\u0142 to zesz\u0142y rok, gdy Qarabag odpad\u0142 dopiero w 1\/8 fina\u0142u Ligi Konferencji UEFA po zaci\u0119tym dwumeczu ze \u015bwietnym Bayerem Leverkusen (2:2 i 2:3). Teraz otrzymuj\u0119 wiadomo\u015bci od kibic\u00f3w, kt\u00f3rzy prosz\u0105, \u017cebym si\u0119 nie przejmowa\u0142 i nie my\u015bla\u0142, \u017ce Qarabag zawsze tak przegrywa w Europie. Powtarzaj\u0105, \u017ce to tylko jeden s\u0142abszy sezon. Doskonale to rozumiem, bo widz\u0119, jak\u0105 jako\u015b\u0107 prezentuj\u0105 ch\u0142opcy. Podsumowuj\u0105c, trener Qurbanov to posta\u0107 wyj\u0105tkowa \u2013 poradzi\u0142by sobie w wielu innych klubach, ale tutaj odgrywa kluczow\u0105 rol\u0119.<\/p>\n<p>Mateusz Kochalski: Cz\u0119sto spotykam si\u0119 z b\u0142\u0119dn\u0105 wymow\u0105 mojego nazwiska<\/p>\n<p class=\"Paragraph_desktopParagraph__Fd2e9\">Jacy s\u0105 azerscy kibice? Pod pa\u0144skimi postami nazywaj\u0105 pana &#8222;Koxalski&#8221;. Przez chwil\u0119 pomy\u015bla\u0142em, \u017ce to jaki\u015b nowy pseudonim, a tak po prostu po azersku pisze si\u0119 &#8222;Kochalski&#8221; \u2013 x wymawia si\u0119 jak ch. <\/p>\n<p class=\"Paragraph_desktopParagraph__Fd2e9\">Cz\u0119sto spotykam si\u0119 z b\u0142\u0119dn\u0105 wymow\u0105 mojego nazwiska, ale dla mnie najwa\u017cniejsze jest, \u017ceby jego pisownia na koszulce by\u0142a poprawna. Je\u015bli chodzi o kibic\u00f3w, s\u0105 bardzo aktywni w mediach spo\u0142eczno\u015bciowych, cho\u0107 na trybunach nie ma ich zbyt wielu. W Baku jest kilka dru\u017cyn, wi\u0119c kibice pewnie dziel\u0105 si\u0119 na r\u00f3\u017cne grupy sympatyk\u00f3w. W Polsce doping jest niezwyk\u0142y, natomiast tutaj wygl\u0105da to inaczej. Jednak te ma\u0142e grupki fan\u00f3w, kt\u00f3re przychodz\u0105 na mecze, daj\u0105 z siebie wszystko.<\/p>\n<p><img decoding=\"async\" src=\"https:\/\/www.europesays.com\/pl\/wp-content\/uploads\/2025\/11\/mateusz-kochalski-azerbejdzan-wyobrazalem-sobie-zupelnie-inaczej.jpg\" alt=\"Mateusz Kochalski: Azerbejd\u017can wyobra\u017ca\u0142em sobie zupe\u0142nie inaczej\" width=\"944\" height=\"628\" loading=\"lazy\" class=\"\" \/>Mateusz Kochalski: Azerbejd\u017can wyobra\u017ca\u0142em sobie zupe\u0142nie inaczej (Foto: ZUMA\/Newspix.pl \/ newspix.pl)<\/p>\n<p class=\"Paragraph_desktopParagraph__Fd2e9\">W Qarabagu spotka\u0142 pan Marko Ve\u0161ovicia. Czy Czarnog\u00f3rzec kojarzy\u0142 pana z czas\u00f3w gry w Legii?<\/p>\n<p class=\"Paragraph_desktopParagraph__Fd2e9\">Kiedy Marko gra\u0142 w Legii, ja dopiero rozwija\u0142em si\u0119 w akademii. Wcze\u015bniej si\u0119 nie znali\u015bmy, ale zaskoczy\u0142 mnie, bo m\u00f3wi po polsku. Co prawda nie przepada za tym, twierdzi, \u017ce nie jest w tym najlepszy, ale dla mnie to ogromnie wa\u017cne \u2013 w szatni cz\u0119sto brakuje mi ojczystego j\u0119zyka. Z Marko dogaduj\u0119 si\u0119 \u015bwietnie, a jego wsparcie bardzo pomog\u0142o mi w aklimatyzacji.<\/p>\n<p class=\"Paragraph_desktopParagraph__Fd2e9\">By\u0142o panu trudno na pocz\u0105tku w Azerbejd\u017canie? <\/p>\n<p class=\"Paragraph_desktopParagraph__Fd2e9\">Jestem tutaj sam, bo moja dziewczyna wci\u0105\u017c studiuje w Polsce. Mia\u0142em lekki problem z aklimatyzacj\u0105, bo spotka\u0142em si\u0119 z zupe\u0142nie inn\u0105 kultur\u0105. Poradzi\u0142em sobie, koledzy dobrze mnie przyj\u0119li.<\/p>\n<p class=\"Paragraph_desktopParagraph__Fd2e9\">Jak podoba si\u0119 panu Baku? To chyba raczej spokojne miasto. <\/p>\n<p class=\"Paragraph_desktopParagraph__Fd2e9\">Zdecydowanie tak, cho\u0107 Azerbejd\u017can wyobra\u017ca\u0142em sobie zupe\u0142nie inaczej. Polska jest krajem stosunkowo bezpiecznym, ale tutaj poczucie bezpiecze\u0144stwa jest jeszcze wi\u0119ksze. Nie widzia\u0142em \u017cadnych b\u00f3jek, pijanych os\u00f3b na ulicach ani bezdomnych.<\/p>\n<p class=\"Paragraph_desktopParagraph__Fd2e9\">Gdy by\u0142em w Baku, widzia\u0142em osoby, kt\u00f3re non stop zamiata\u0142y autostrady, a w mie\u015bcie by\u0142o bardzo czysto. <\/p>\n<p class=\"Paragraph_desktopParagraph__Fd2e9\">Te\u017c zwr\u00f3ci\u0142em na to uwag\u0119. Poza Baku w mniejszych miastach czy wioskach jest nieco starodawnie, wszystko wygl\u0105da troch\u0119 inaczej. Sama stolica bardzo pozytywnie mnie zaskoczy\u0142a.<\/p>\n<p class=\"Paragraph_desktopParagraph__Fd2e9\">M\u00f3wi si\u0119, \u017ce Baku to ma\u0142y Dubaj. Infrastruktura robi wra\u017cenie. <\/p>\n<p class=\"Paragraph_desktopParagraph__Fd2e9\">Planowana jest budowa kolejnych obiekt\u00f3w i atrakcji dla turyst\u00f3w. Mieszkam w dzielnicy, kt\u00f3ra dynamicznie si\u0119 rozwija \u2013 niemal wsz\u0119dzie co\u015b si\u0119 buduje. Kiedy przyjecha\u0142em tu kilka miesi\u0119cy temu, w moim budynku by\u0142y tylko mieszkania, a dzi\u015b dzia\u0142aj\u0105 ju\u017c sklepy i restauracje. Wszystko powstaje w ekspresowym tempie, by jak najbardziej przyci\u0105gn\u0105\u0107 turyst\u00f3w.<\/p>\n<p><img decoding=\"async\" src=\"https:\/\/www.europesays.com\/pl\/wp-content\/uploads\/2025\/11\/mateusz-kochalski-zapamietam-to-przezycie-na-zawsze.jpg\" alt=\"Mateusz Kochalski: Zapami\u0119tam to prze\u017cycie na zawsze\" width=\"944\" height=\"629\" loading=\"lazy\" class=\"\" \/>Mateusz Kochalski: Zapami\u0119tam to prze\u017cycie na zawsze (Foto: Hubert Bertin \/ PressFocus\/NEWSPIX.PL \/ newspix.pl)Mateusz Kochalski: Zapami\u0119tam to prze\u017cycie na zawsze<\/p>\n<p class=\"Paragraph_desktopParagraph__Fd2e9\">Co pana najbardziej zaskoczy\u0142o? <\/p>\n<p class=\"Paragraph_desktopParagraph__Fd2e9\">Dosta\u0142em zaproszenie, aby zobaczy\u0107 mieszkanie na zupe\u0142nie nowym osiedlu. Ubra\u0142em si\u0119 normalnie, a zosta\u0142em przywitany przez kilka os\u00f3b w garniturach, z kwiatami, upominkiem i kamerami. By\u0142em w szoku, nigdy wcze\u015bniej czego\u015b takiego nie do\u015bwiadczy\u0142em. My\u015bla\u0142em, \u017ce takie rzeczy s\u0105 przeznaczone dla celebryt\u00f3w, a ja nim nie by\u0142em i nie jestem. By\u0142o to mi\u0142e, bo p\u00f3\u017aniej zaprosili mnie i mojego agenta na typowo azerskie jedzenie, oprowadzili po r\u00f3\u017cnych mieszkaniach. Zapami\u0119tam to prze\u017cycie na zawsze.<\/p>\n<p class=\"Paragraph_desktopParagraph__Fd2e9\">Mo\u017ce maj\u0105 takie ciekawe podej\u015bcie, bo nawet gdy og\u0142aszali pana transfer, przygotowali film z pa\u0144skimi interwencjami, a w tle wybrzmiewa\u0142 utw\u00f3r &#8222;Hej, soko\u0142y&#8221;. <\/p>\n<p class=\"Paragraph_desktopParagraph__Fd2e9\">Przywi\u0105zuj\u0105 do tego du\u017c\u0105 wag\u0119.<\/p>\n<p class=\"Paragraph_desktopParagraph__Fd2e9\">Jak por\u00f3wnuje pan lig\u0119 azersk\u0105 do polskiej? Wydaje mi si\u0119, \u017ce PKO BP Ekstraklasa jest bardziej wyr\u00f3wnana. <\/p>\n<p class=\"Paragraph_desktopParagraph__Fd2e9\">Poziom mo\u017ce nie jest bardzo wysoki. W Polsce mamy kilka czo\u0142owych zespo\u0142\u00f3w, ale one nie zawsze graj\u0105 o najwy\u017csze miejsca. T\u0142umaczono mi, \u017ce liga azerska ca\u0142y czas jest budowana, bo chc\u0105 pchn\u0105\u0107 futbol do przodu. Qarabag zawsze gra o mistrzostwo, a jedna czy dwie dru\u017cyny staraj\u0105 si\u0119 zaj\u0105\u0107 miejsce w czubie tabeli.<\/p>\n<p class=\"Paragraph_desktopParagraph__Fd2e9\">W Stali Mielec i Radomiaku Radom co mecz mia\u0142 pan r\u0119ce pe\u0142ne roboty, a w Qarabagu jest najpewniej inaczej. \u0141atwo si\u0119 by\u0142o panu przestawi\u0107? <\/p>\n<p class=\"Paragraph_desktopParagraph__Fd2e9\">Wbrew pozorom nie do ko\u0144ca tak jest. W lidze s\u0105 trzy lub cztery zespo\u0142y, kt\u00f3re graj\u0105 niez\u0142y futbol i trudno si\u0119 z nimi rywalizuje. Koledzy m\u00f3wili, \u017ce raczej b\u0119d\u0119 si\u0119 nudzi\u0142, a wi\u0119cej b\u0119d\u0119 gra\u0142 nogami. Mimo to ju\u017c w moim debiucie przegrali\u015bmy 0:1 z Turanem Tovuz, a s\u0142ysza\u0142em, \u017ce zanotowa\u0142em dobry wyst\u0119p. P\u00f3\u017aniej grali\u015bmy w eliminacjach do LM i zanotowali\u015bmy pora\u017ck\u0119 z Dinamem (0:2).<\/p>\n<p class=\"Paragraph_desktopParagraph__Fd2e9\">Jak\u0105 not\u0119 by pan sobie wystawi\u0142 po pierwszych miesi\u0105cach w Qarabagu?<\/p>\n<p class=\"Paragraph_desktopParagraph__Fd2e9\">Na razie nie jestem do ko\u0144ca zadowolony ze swojej postawy. Gram du\u017co, to cieszy, bo trener na mnie postawi\u0142. Ka\u017cde spotkanie mnie buduje, a nast\u0119pne mecze w LE pozytywnie wp\u0142ywaj\u0105 na moj\u0105 pewno\u015b\u0107 siebie. Nauczy\u0142em si\u0119, \u017ce mo\u017cna gra\u0107 jak r\u00f3wny z r\u00f3wnym z ka\u017cd\u0105 ekip\u0105, zawsze chcia\u0142em by\u0107 w takiej dru\u017cynie.<\/p>\n","protected":false},"excerpt":{"rendered":"Mateusz Kochalski we wtorek obroni\u0142 rzut karny w meczu z Napoli, ale nie by\u0142 w stanie zapobiec pora\u017cce&hellip;\n","protected":false},"author":2,"featured_media":120248,"comment_status":"","ping_status":"","sticky":false,"template":"","format":"standard","meta":{"footnotes":""},"categories":[24],"tags":[990,299,21846,948,42,38,40,39,41,136,128,25844,47,127,135,126,4562,130],"class_list":{"0":"post-120247","1":"post","2":"type-post","3":"status-publish","4":"format-standard","5":"has-post-thumbnail","7":"category-sport","8":"tag-azerbejdzan","9":"tag-liga_mistrzow","10":"tag-mateusz_kochalski","11":"tag-pilka_nozna","12":"tag-pl","13":"tag-poland","14":"tag-polish","15":"tag-polska","16":"tag-polski","17":"tag-ps_detal_new","18":"tag-psv2","19":"tag-qarabag_fk","20":"tag-screening_general","21":"tag-sport","22":"tag-sport_sport","23":"tag-sports","24":"tag-tka","25":"tag-wiadomosci_sportowe"},"share_on_mastodon":{"url":"https:\/\/pubeurope.com\/@pl\/115619164763057647","error":""},"_links":{"self":[{"href":"https:\/\/www.europesays.com\/pl\/wp-json\/wp\/v2\/posts\/120247","targetHints":{"allow":["GET"]}}],"collection":[{"href":"https:\/\/www.europesays.com\/pl\/wp-json\/wp\/v2\/posts"}],"about":[{"href":"https:\/\/www.europesays.com\/pl\/wp-json\/wp\/v2\/types\/post"}],"author":[{"embeddable":true,"href":"https:\/\/www.europesays.com\/pl\/wp-json\/wp\/v2\/users\/2"}],"replies":[{"embeddable":true,"href":"https:\/\/www.europesays.com\/pl\/wp-json\/wp\/v2\/comments?post=120247"}],"version-history":[{"count":0,"href":"https:\/\/www.europesays.com\/pl\/wp-json\/wp\/v2\/posts\/120247\/revisions"}],"wp:featuredmedia":[{"embeddable":true,"href":"https:\/\/www.europesays.com\/pl\/wp-json\/wp\/v2\/media\/120248"}],"wp:attachment":[{"href":"https:\/\/www.europesays.com\/pl\/wp-json\/wp\/v2\/media?parent=120247"}],"wp:term":[{"taxonomy":"category","embeddable":true,"href":"https:\/\/www.europesays.com\/pl\/wp-json\/wp\/v2\/categories?post=120247"},{"taxonomy":"post_tag","embeddable":true,"href":"https:\/\/www.europesays.com\/pl\/wp-json\/wp\/v2\/tags?post=120247"}],"curies":[{"name":"wp","href":"https:\/\/api.w.org\/{rel}","templated":true}]}}