{"id":120268,"date":"2025-11-27T03:51:14","date_gmt":"2025-11-27T03:51:14","guid":{"rendered":"https:\/\/www.europesays.com\/pl\/120268\/"},"modified":"2025-11-27T03:51:14","modified_gmt":"2025-11-27T03:51:14","slug":"trump-na-moje-polecenie-rpa-nie-otrzyma-zaproszenia-na-szczyt-g20","status":"publish","type":"post","link":"https:\/\/www.europesays.com\/pl\/120268\/","title":{"rendered":"Trump: Na moje polecenie RPA nie otrzyma zaproszenia na szczyt G20"},"content":{"rendered":"<p>Donald Trump zapowiedzia\u0142 w \u015brod\u0119, \u017ce nie zaprosi Republiki Po\u0142udniowej Afryki na szczyt G20, kt\u00f3ry odb\u0119dzie si\u0119 w przysz\u0142ym roku w Miami na Florydzie. Prezydent Stan\u00f3w Zjednoczonych zarzuci\u0142 temu krajowi, \u017ce &#8222;nie jest godny cz\u0142onkostwa&#8221; w \u017cadnej organizacji. <\/p>\n<p>                         &#13;<br \/>\n        &#13;<\/p>\n<p>                                        &#13;<br \/>\n                        &#13;<br \/>\n                            <img decoding=\"async\" src=\"https:\/\/www.europesays.com\/pl\/wp-content\/uploads\/2025\/11\/000LZG4XF6JAS5A0-C123-F4.jpg\" title=\"Ten kraj nie otrzyma zaproszenia na szczyt G20. Trump potwierdza\" alt=\"Prezydent USA zapowiedzia\u0142, \u017ce RPA nie otrzyma zaproszenia na przysz\u0142oroczny szczyt G20 \/JIM LO SCALZO \/ POOL \/PAP\/EPA\" class=\"img-responsive\"\/>&#13;<\/p>\n<p>                            &#13;<\/p>\n<p>      &#13;<br \/>\n                            Prezydent USA zapowiedzia\u0142, \u017ce RPA nie otrzyma zaproszenia na przysz\u0142oroczny szczyt G20&#13;<br \/>\n                                    \/JIM LO SCALZO \/ POOL \/PAP\/EPA  &#13;\n                                    <\/p>\n<p>&#13;<\/p>\n<p>\u00a0<\/p>\n<p>Ameryka\u0144ski przyw\u00f3dca o swojej decyzji poinformowa\u0142 zamieszczaj\u0105c wpis na platformie Truth Social.\u00a0<\/p>\n<p>&#8222;USA nie uczestniczy\u0142y w szczycie G20 w RPA, poniewa\u017c rz\u0105d RPA odmawia tego, by przyzna\u0107 kwesti\u0119 przera\u017caj\u0105cych narusze\u0144 praw cz\u0142owieka, kt\u00f3rych do\u015bwiadczyli Afrykanerzy oraz inni potomkowie osadnik\u00f3w holenderskich, francuskich i niemieckich, albo by zaj\u0105\u0107 si\u0119 ni\u0105&#8221; &#8211; napisa\u0142.\u00a0<\/p>\n<p>&#8222;M\u00f3wi\u0105c wprost: zabijaj\u0105 bia\u0142ych i pozwalaj\u0105, by ich farmy by\u0142y im odbierane&#8221; &#8211; doda\u0142.\u00a0<\/p>\n<p>Prezydent w tym samym wpisie zaatakowa\u0142 tak\u017ce ameryka\u0144skie media. &#8222;I co najgorsze, &#8222;New York Times&#8221;, kt\u00f3ry wkr\u00f3tce zbankrutuje, i media promuj\u0105ce fake newsy nie napisz\u0105 ani s\u0142owa przeciwko temu ludob\u00f3jstwu&#8221; &#8211; napisa\u0142.<\/p>\n<p>Trump powiadomi\u0142, \u017ce po zako\u0144czeniu szczytu G20 RPA odm\u00f3wi\u0142a przekazania przewodnictwa w organizacji wysokiej rangi przedstawicielowi ambasady USA, kt\u00f3ry uczestniczy\u0142 w ceremonii zamkni\u0119cia. &#8222;W zwi\u0105zku z tym, na moje polecenie, Republika Po\u0142udniowej Afryki NIE otrzyma zaproszenia na szczyt G20 w 2026 roku, kt\u00f3ry odb\u0119dzie si\u0119 we wspania\u0142ym mie\u015bcie Miami na Florydzie. RPA pokaza\u0142a \u015bwiatu, \u017ce nie jest krajem godnym \u017cadnego cz\u0142onkostwa i natychmiast wstrzymamy wszelkie p\u0142atno\u015bci i subsydia na jego rzecz&#8221; &#8211; zapowiedzia\u0142 prezydent USA.<\/p>\n<p>Ameryka\u0144ski przyw\u00f3dca ju\u017c wcze\u015bniej wyrazi\u0142 przekonanie, \u017ce RPA nie powinno by\u0107 w G20. Prezydent podkre\u015bla, \u017ce Afrykanerzy padaj\u0105 ofiar\u0105 dyskryminacji w RPA, zamieszkanej w wi\u0119kszo\u015bci przez czarnosk\u00f3r\u0105 ludno\u015b\u0107. Rz\u0105d w Pretorii odrzuci\u0142 te twierdzenia.\u00a0<\/p>\n<p>Zgodnie z zapowiedzi\u0105 prezydenta, Afrykanerzy b\u0119d\u0105 traktowani priorytetowo w procesie przyznawania statusu uchod\u017acy w USA. Bia\u0142y Dom ustali\u0142 limit przyj\u0119\u0107 uchod\u017ac\u00f3w na rok fiskalny 2026 r. na rekordowo niskim poziomie 7,5 tys. os\u00f3b.<\/p>\n","protected":false},"excerpt":{"rendered":"Donald Trump zapowiedzia\u0142 w \u015brod\u0119, \u017ce nie zaprosi Republiki Po\u0142udniowej Afryki na szczyt G20, kt\u00f3ry odb\u0119dzie si\u0119 w&hellip;\n","protected":false},"author":2,"featured_media":120269,"comment_status":"","ping_status":"","sticky":false,"template":"","format":"standard","meta":{"footnotes":""},"categories":[14],"tags":[32,33,27,34,35,28,31,25,40,41,80,29,30,26,82,83,84],"class_list":{"0":"post-120268","1":"post","2":"type-post","3":"status-publish","4":"format-standard","5":"has-post-thumbnail","7":"category-swiat","8":"tag-breaking-news","9":"tag-breakingnews","10":"tag-headlines","11":"tag-latest-news","12":"tag-latestnews","13":"tag-naglowki","14":"tag-najwazniejsze-artykuly","15":"tag-news","16":"tag-polish","17":"tag-polski","18":"tag-swiat","19":"tag-top-stories","20":"tag-topstories","21":"tag-wiadomosci","22":"tag-world","23":"tag-world-news","24":"tag-worldnews"},"share_on_mastodon":{"url":"https:\/\/pubeurope.com\/@pl\/115619636454590324","error":""},"_links":{"self":[{"href":"https:\/\/www.europesays.com\/pl\/wp-json\/wp\/v2\/posts\/120268","targetHints":{"allow":["GET"]}}],"collection":[{"href":"https:\/\/www.europesays.com\/pl\/wp-json\/wp\/v2\/posts"}],"about":[{"href":"https:\/\/www.europesays.com\/pl\/wp-json\/wp\/v2\/types\/post"}],"author":[{"embeddable":true,"href":"https:\/\/www.europesays.com\/pl\/wp-json\/wp\/v2\/users\/2"}],"replies":[{"embeddable":true,"href":"https:\/\/www.europesays.com\/pl\/wp-json\/wp\/v2\/comments?post=120268"}],"version-history":[{"count":0,"href":"https:\/\/www.europesays.com\/pl\/wp-json\/wp\/v2\/posts\/120268\/revisions"}],"wp:featuredmedia":[{"embeddable":true,"href":"https:\/\/www.europesays.com\/pl\/wp-json\/wp\/v2\/media\/120269"}],"wp:attachment":[{"href":"https:\/\/www.europesays.com\/pl\/wp-json\/wp\/v2\/media?parent=120268"}],"wp:term":[{"taxonomy":"category","embeddable":true,"href":"https:\/\/www.europesays.com\/pl\/wp-json\/wp\/v2\/categories?post=120268"},{"taxonomy":"post_tag","embeddable":true,"href":"https:\/\/www.europesays.com\/pl\/wp-json\/wp\/v2\/tags?post=120268"}],"curies":[{"name":"wp","href":"https:\/\/api.w.org\/{rel}","templated":true}]}}