{"id":120278,"date":"2025-11-27T04:24:13","date_gmt":"2025-11-27T04:24:13","guid":{"rendered":"https:\/\/www.europesays.com\/pl\/120278\/"},"modified":"2025-11-27T04:24:13","modified_gmt":"2025-11-27T04:24:13","slug":"topowy-samsung-galaxy-z-fold7-w-promocji-1000-zlotych","status":"publish","type":"post","link":"https:\/\/www.europesays.com\/pl\/120278\/","title":{"rendered":"Topowy Samsung Galaxy Z Fold7 w promocji -1000 z\u0142otych"},"content":{"rendered":"<p class=\"lead\">Samsung Galaxy Z Fold7 to najnowszy i najlepiej wyposa\u017cony \u201esk\u0142adak\u201d z oferty korea\u0144skiego producenta. Jego premiera mia\u0142a miejsce podczas tegorocznych wakacji, a sam telefon nie nale\u017cy do najta\u0144szych. Teraz w jednym miejscu mo\u017cesz liczy\u0107 na spory rabat, ale czy jest to jego najlepsza mo\u017cliwa oferta?<\/p>\n<p>Cen\u0119 obni\u017ca operator Plus na swojej stronie internetowej. <a href=\"https:\/\/www.gsmmaniak.pl\/1586106\/test-samsung-galaxy-z-fold7\/\" rel=\"noopener nofollow\" target=\"_blank\">Samsung Galaxy Z Fold7<\/a> mo\u017ce by\u0107 Tw\u00f3j taniej o okr\u0105g\u0142y 1000 z\u0142otych, w dodatku bez umowy na d\u0142ugoletni abonament.<\/p>\n<p>Promocja Samsung Galaxy Z Fold7<\/p>\n<p>Smartfona w pojemniejszej wersji 12\/512 GB wybra\u0107 z abonamentem, ale lepiej skorzysta\u0107 z oferty bez umowy na 12, 24 lub 36 rat. Ile ostatecznie za niego zap\u0142acisz?<\/p>\n<p><a href=\"https:\/\/www.gsmmaniak.pl\/wp-content\/uploads\/gsmmaniak\/2025\/11\/plus-samsung-galaxy-z-fold7.jpg\" rel=\"lightbox-post4 nofollow noopener\" title=\"Galeria dla plus-samsung-galaxy-z-fold7\" target=\"_blank\"><img loading=\"lazy\" decoding=\"async\" aria-describedby=\"caption-attachment-1616549\" class=\"size-medium wp-image-1616549\" src=\"https:\/\/www.europesays.com\/pl\/wp-content\/uploads\/2025\/11\/plus-samsung-galaxy-z-fold7-medium.jpg\" alt=\"Samsung Galaxy Z Fold7\" width=\"500\" height=\"263\"   itemprop=\"image\" \/><\/a><\/p>\n<p id=\"caption-attachment-1616549\" class=\"wp-caption-text\">Samsung Galaxy Z Fold7 \/ fot. Plus<\/p>\n<p>Najtaniej (jak zwykle) w Plusie wychodzi opcja na 12 rat. W tej konfiguracji zap\u0142acisz za niego promocyjne <a href=\"https:\/\/www.plus.pl\/telefon-e?materialCode=115458&amp;name=samsung-galaxy-z-fold-7-5g-12\/512gb&amp;offerUuid=1fb5dc28-65e0-4e7b-a063-9eb4b1cfe0b0-463-7&amp;offerUuids=1fb5dc28-65e0-4e7b-a063-9eb4b1cfe0b0-463-7&amp;priceListUuid=839a7d78-907d-44fd-aa4a-ec8651ba3d29&amp;productUuid=b77f8597-b8c6-44ab-81c4-816aa7c6a389&amp;installment=12\" rel=\"nofollow noopener\" target=\"_blank\">7499 z\u0142otych<\/a> zamiast wcze\u015bniejszych 8799,04 z\u0142. Na t\u0119 kwot\u0119 sk\u0142ada si\u0119 jednorazowa op\u0142ata pocz\u0105tkowa 749 z\u0142 i 12 rat po 562,50 z\u0142. W ten spos\u00f3b zaoszcz\u0119dzisz okr\u0105g\u0142e 1000 z\u0142otych, ale wida\u0107 jak na d\u0142oni, \u017ce najni\u017csza cena Galaxy Z Fold7 na plus.pl w ostatnich 30 dniach wynosi\u0142a 6998,76 z\u0142.<\/p>\n<p>Czy oznacza to, \u017ce obecna oferta Plusa nie jest atrakcyjna? Nawet nie chodzi o to, co by\u0142o do 30 dni wstecz, lecz o obecne oferty smartfona Samsunga w innych sklepach online. A te potrafi\u0105 by\u0107 jeszcze ta\u0144sze.<\/p>\n<p><a href=\"https:\/\/www.gsmmaniak.pl\/wp-content\/uploads\/gsmmaniak\/2025\/11\/samsung-galaxy-z-fold7-ceneo.jpg\" rel=\"lightbox-post4 nofollow noopener\" title=\"Galeria dla samsung-galaxy-z-fold7-ceneo\" target=\"_blank\"><img loading=\"lazy\" decoding=\"async\" aria-describedby=\"caption-attachment-1616550\" class=\"size-medium wp-image-1616550\" src=\"https:\/\/www.europesays.com\/pl\/wp-content\/uploads\/2025\/11\/samsung-galaxy-z-fold7-ceneo-medium.jpg\" alt=\"Samsung Galaxy Z Fold7\" width=\"500\" height=\"291\"   \/><\/a><\/p>\n<p id=\"caption-attachment-1616550\" class=\"wp-caption-text\">Samsung Galaxy Z Fold7 \/ fot. Ceneo<\/p>\n<p>Ceny modelu Samsung Galaxy Z Fold7 12\/512 GB zaczynaj\u0105 si\u0119 ju\u017c od <a href=\"https:\/\/www.ceneo.pl\/185537891;0280-0.htm#pid=525\" rel=\"nofollow noopener\" target=\"_blank\">6221 z\u0142otych<\/a>. To wyra\u017anie mniej ni\u017c chce Plus, chocia\u017c je\u015bli chcia\u0142by\u015b zam\u00f3wi\u0107 tego smartfona w ta\u0144szych sklepach na raty, to musisz liczy\u0107 si\u0119 z dodatkowymi odsetkami. Niemniej i tak wychodzi o kilka st\u00f3w taniej. Tym razem nawet promocyjna oferta Plusa nie daje rady.<\/p>\n<p>Flagowa specyfikacja<br \/>\n<img loading=\"lazy\" decoding=\"async\" aria-describedby=\"caption-attachment-1586486\" class=\"size-medium wp-image-1586486\" src=\"https:\/\/www.europesays.com\/pl\/wp-content\/uploads\/2025\/10\/IMG_20250727_143022_edit_66497962292977-scaled-medium.jpg\" alt=\"\" width=\"500\" height=\"375\"   \/><\/p>\n<p id=\"caption-attachment-1586486\" class=\"wp-caption-text\">Samsung Galaxy Z Fold7 \/ fot. Pawe\u0142 Gajkowski. gsmManiaK.pl<\/p>\n<p>Na koniec przypomnijmy sobie flagow\u0105 specyfikacj\u0119 Galaxy Z Fold7. O wersji pami\u0119ciowej na plus.pl ju\u017c wspomnia\u0142em, ale o wzmocnionym Snapdragonie 8 Elite 4,47 GHz jeszcze nie. Jak ka\u017cdy inny Fold, tak\u017ce i ten model ma 2 pi\u0119kne ekrany: rozk\u0142adany Dynamic AMOLED 2X 8\u2033 120 Hz oraz zewn\u0119trzny Dynamic AMOLED 2X 6,5\u2033 120 Hz. To zdecydowanie jedne z najwi\u0119kszych walor\u00f3w tego smartfona klasy premium.<\/p>\n<p>Poza tym mo\u017cesz te\u017c liczy\u0107 na bardzo dobre aparaty. Do dyspozycj otrzymujesz obiektyw g\u0142\u00f3wny 200 MP, teleobiektyw oraz szeroki k\u0105t. O energi\u0119 dba ogniwo 4400 mAh z szybkim \u0142adowaniem przewodowym, indukcyjnym i zwrotnym o mocach odpowiednio do 25, 15 oraz 4,5 W.<\/p>\n<p>\u0179r\u00f3d\u0142o: <a href=\"https:\/\/www.plus.pl\/telefon-e?materialCode=115458&amp;name=samsung-galaxy-z-fold-7-5g-12\/512gb&amp;offerUuid=1fb5dc28-65e0-4e7b-a063-9eb4b1cfe0b0-463-7&amp;offerUuids=1fb5dc28-65e0-4e7b-a063-9eb4b1cfe0b0-463-7&amp;priceListUuid=839a7d78-907d-44fd-aa4a-ec8651ba3d29&amp;productUuid=b77f8597-b8c6-44ab-81c4-816aa7c6a389&amp;installment=12\" rel=\"nofollow noopener\" target=\"_blank\">Plus<\/a>, <a href=\"https:\/\/www.ceneo.pl\/185537891;0280-0.htm#pid=525\" rel=\"nofollow noopener\" target=\"_blank\">Ceneo.pl<\/a>, opracowanie w\u0142asne<\/p>\n","protected":false},"excerpt":{"rendered":"Samsung Galaxy Z Fold7 to najnowszy i najlepiej wyposa\u017cony \u201esk\u0142adak\u201d z oferty korea\u0144skiego producenta. Jego premiera mia\u0142a miejsce&hellip;\n","protected":false},"author":2,"featured_media":120279,"comment_status":"","ping_status":"","sticky":false,"template":"","format":"standard","meta":{"footnotes":""},"categories":[20],"tags":[120,118,119,42,1028,1027,2527,2528,25846,2531,38,40,39,41,13377,13381,13380,13384,24353,24352,25845,116,114,115,121,117],"class_list":{"0":"post-120278","1":"post","2":"type-post","3":"status-publish","4":"format-standard","5":"has-post-thumbnail","7":"category-nauka-i-technika","8":"tag-nauka","9":"tag-nauka-i-technika","10":"tag-naukatechnika","11":"tag-pl","12":"tag-plus-bez-abonamentu","13":"tag-plus-na-raty","14":"tag-plus-promocja","15":"tag-plus-rabat","16":"tag-plus-samsung-galaxy-z-fold7","17":"tag-plus-wyprzedaz","18":"tag-poland","19":"tag-polish","20":"tag-polska","21":"tag-polski","22":"tag-samsung-galaxy-z-fold7","23":"tag-samsung-galaxy-z-fold7-bez-umowy","24":"tag-samsung-galaxy-z-fold7-na-raty","25":"tag-samsung-galaxy-z-fold7-promocja","26":"tag-samsung-galaxy-z-fold7-przecena","27":"tag-samsung-galaxy-z-fold7-rabat","28":"tag-samsung-galaxy-z-fold7-wyprzedaz","29":"tag-science","30":"tag-science-and-technology","31":"tag-sciencetechnology","32":"tag-technika","33":"tag-technology"},"share_on_mastodon":{"url":"","error":"Validation failed: Text character limit of 500 exceeded"},"_links":{"self":[{"href":"https:\/\/www.europesays.com\/pl\/wp-json\/wp\/v2\/posts\/120278","targetHints":{"allow":["GET"]}}],"collection":[{"href":"https:\/\/www.europesays.com\/pl\/wp-json\/wp\/v2\/posts"}],"about":[{"href":"https:\/\/www.europesays.com\/pl\/wp-json\/wp\/v2\/types\/post"}],"author":[{"embeddable":true,"href":"https:\/\/www.europesays.com\/pl\/wp-json\/wp\/v2\/users\/2"}],"replies":[{"embeddable":true,"href":"https:\/\/www.europesays.com\/pl\/wp-json\/wp\/v2\/comments?post=120278"}],"version-history":[{"count":0,"href":"https:\/\/www.europesays.com\/pl\/wp-json\/wp\/v2\/posts\/120278\/revisions"}],"wp:featuredmedia":[{"embeddable":true,"href":"https:\/\/www.europesays.com\/pl\/wp-json\/wp\/v2\/media\/120279"}],"wp:attachment":[{"href":"https:\/\/www.europesays.com\/pl\/wp-json\/wp\/v2\/media?parent=120278"}],"wp:term":[{"taxonomy":"category","embeddable":true,"href":"https:\/\/www.europesays.com\/pl\/wp-json\/wp\/v2\/categories?post=120278"},{"taxonomy":"post_tag","embeddable":true,"href":"https:\/\/www.europesays.com\/pl\/wp-json\/wp\/v2\/tags?post=120278"}],"curies":[{"name":"wp","href":"https:\/\/api.w.org\/{rel}","templated":true}]}}