{"id":120311,"date":"2025-11-27T05:15:17","date_gmt":"2025-11-27T05:15:17","guid":{"rendered":"https:\/\/www.europesays.com\/pl\/120311\/"},"modified":"2025-11-27T05:15:17","modified_gmt":"2025-11-27T05:15:17","slug":"koalicja-chetnych-chce-przekuc-slowa-w-czyny-powstaje-nowa-grupa-zadaniowa-w-sprawie-ukrainy-francja-i-wielka-brytania-deklaruja-wyslanie-wojsk","status":"publish","type":"post","link":"https:\/\/www.europesays.com\/pl\/120311\/","title":{"rendered":"&#8222;Koalicja ch\u0119tnych&#8221; chce przeku\u0107 s\u0142owa w czyny. Powstaje nowa grupa zadaniowa w sprawie Ukrainy. Francja i Wielka Brytania deklaruj\u0105 wys\u0142anie wojsk"},"content":{"rendered":"<p>Po fali intensywnych dzia\u0142a\u0144 dyplomatycznych zmierzaj\u0105cych do zawarcia porozumienia, sojusznicy Ukrainy zebrali si\u0119 we wtorek na wirtualnym spotkaniu &#8222;koalicji ch\u0119tnych&#8221; i najwyra\u017aniej uzyskali przynajmniej cz\u0119\u015bciowe poparcie Stan\u00f3w Zjednoczonych.<\/p>\n<p>Spotkanie mia\u0142o na celu okazanie solidarno\u015bci z Kijowem w trakcie <a href=\"https:\/\/wiadomosci.onet.pl\/swiat\/donald-trump-wyslal-jasny-sygnal-ukrainie-to-mial-uslyszec-kijow\/n6mhyj3\" id=\"9b2ab68d-8757-4360-8696-13efbe9d52f9\" rel=\"nofollow noopener\" target=\"_blank\">trudnych rozm\u00f3w pokojowych ze Stanami Zjednoczonymi<\/a> oraz dotrzymanie obietnic 33-osobowej &#8222;koalicji ch\u0119tnych&#8221;, aby s\u0142owa poprze\u0107 czynami.<\/p>\n<p>We wtorek wieczorem Macron og\u0142osi\u0142 utworzenie nowej wsp\u00f3lnej grupy zadaniowej pod przewodnictwem Francji i Wielkiej Brytanii, z udzia\u0142em Stan\u00f3w Zjednoczonych i Turcji. Jej zadaniem jest dopracowanie szczeg\u00f3\u0142\u00f3w wsparcia wojskowego, jakie Europa zaoferuje w ramach porozumienia pokojowego.<\/p>\n<p>\u2014 W najbli\u017cszych dniach b\u0119dziemy w stanie bardzo precyzyjnie okre\u015bli\u0107 wk\u0142ad ka\u017cdego kraju i przedstawi\u0107 ostateczne gwarancje bezpiecze\u0144stwa \u2014 obieca\u0142 Macron.<\/p>\n<p>&#8222;Nowa sp\u00f3jno\u015b\u0107&#8221;  <\/p>\n<p class=\"Paragraph_desktopParagraph__U31Gm\">&#8222;Si\u0142y wielonarodowe&#8221; odegraj\u0105 &#8222;kluczow\u0105 rol\u0119&#8221; w zapewnieniu bezpiecze\u0144stwa \u2014 powiedzia\u0142 brytyjski premier Keir Starmer uczestnikom rozmowy, w\u015br\u00f3d kt\u00f3rych znalaz\u0142 si\u0119 m.in. sekretarz stanu USA Marco Rubio.<\/p>\n<p class=\"Paragraph_desktopParagraph__U31Gm\">Przedstawiciel Pa\u0142acu Elizejskiego argumentowa\u0142, \u017ce grupa zadaniowa zapewni &#8222;now\u0105 sp\u00f3jno\u015b\u0107&#8221; transatlantyckim rozmowom na temat gwarancji bezpiecze\u0144stwa. Z kolei brytyjski urz\u0119dnik stwierdzi\u0142, \u017ce udzia\u0142 Rubio w rozmowie jest pozytywnym sygna\u0142em poparcia ze strony Stan\u00f3w Zjednoczonych. Drugi urz\u0119dnik doda\u0142, \u017ce przygotowania brytyjskich planist\u00f3w wojskowych s\u0105 &#8222;bardzo zaawansowane&#8221;.<\/p>\n<p class=\"Paragraph_desktopParagraph__U31Gm\">Analitycy zalecaj\u0105 jednak zachowanie du\u017cej ostro\u017cno\u015bci.<\/p>\n<p class=\"Paragraph_desktopParagraph__U31Gm\">Ed Arnold z londy\u0144skiego think tanku Royal United Services ostrzeg\u0142, \u017ce je\u015bli gwarancje bezpiecze\u0144stwa ze strony USA nie zostan\u0105 jednoznacznie okre\u015blone, koalicja znajdzie si\u0119 &#8222;w naprawd\u0119 niebezpiecznej sytuacji, poniewa\u017c wys\u0142a\u0142aby si\u0142y z zabezpieczeniem, o kt\u00f3rym w g\u0142\u0119bi duszy wie, \u017ce nie jest wiarygodne&#8221;.<\/p>\n<p>Kwestia wys\u0142ania wojsk dzieli sojusznik\u00f3w <\/p>\n<p class=\"Paragraph_desktopParagraph__U31Gm\">Koalicja, lu\u017any sojusz pa\u0144stw, w sk\u0142ad kt\u00f3rego wchodz\u0105 mi\u0119dzy innymi Francja, Niemcy, Wielka Brytania, Belgia, Kanada i Turcja, powsta\u0142a na pocz\u0105tku tego roku w zwi\u0105zku z g\u0142\u0119bokim zaniepokojeniem Europy dalszym wsparciem Ameryki dla Ukrainy.<\/p>\n<p class=\"Paragraph_desktopParagraph__U31Gm\">Jej cz\u0142onkowie obiecali r\u00f3\u017cny stopie\u0144 wsparcia \u2014 w przypadku Francji i Wielkiej Brytanii jest to zobowi\u0105zanie do wys\u0142ania w\u0142asnych si\u0142 zbrojnych w celu nadzorowania porozumienia i powstrzymania dalszej agresji Rosji.<\/p>\n<p class=\"Paragraph_desktopParagraph__U31Gm\">Koalicja zaproponowa\u0142a ju\u017c utworzenie &#8222;si\u0142 bezpiecze\u0144stwa&#8221;, kt\u00f3re zapewniaj\u0105 Ukrainie wsparcie lotnicze i morskie, a tak\u017ce skoncentruj\u0105 si\u0119 na odbudowie si\u0142 zbrojnych tego kraju. Rzecznik Starmera powiedzia\u0142 we wtorek dziennikarzom, \u017ce Wielka Brytania &#8222;<a href=\"https:\/\/www.onet.pl\/informacje\/onetwiadomosci\/wielka-brytania-o-wyslaniu-wojsk-do-ukrainy-zaktualizowalismy-plany\/qdjpx2n,79cfc278\" id=\"4b75fc34-e769-45e4-b217-a8f462adf6bc\" rel=\"nofollow noopener\" target=\"_blank\">nadal jest gotowa wys\u0142a\u0107 wojska<\/a>&#8221; do Ukrainy po zawarciu porozumienia pokojowego. Macron, podkre\u015blaj\u0105c, \u017ce si\u0142y te b\u0119d\u0105 &#8222;daleko od linii frontu&#8221;, zaproponowa\u0142 ich obecno\u015b\u0107 &#8222;w Kijowie lub Odessie&#8221;.<\/p>\n<p><img decoding=\"async\" class=\"Image_image__0tuHp Image_autoHeight__f2n87 \" height=\"587\" width=\"880\" src=\"https:\/\/www.europesays.com\/pl\/wp-content\/uploads\/2025\/11\/tatk9kpTURBXy84YmE5NDg3OTU0MDY1NWY1Y2I4MDhhYTYzOWEyMjViNy5qcGeSlQLNA6wAwsOVAgDNAkvCw94AA6EwAaExAaEzw.jpeg\" alt=\"Prezydent Francji Emmanuel Macron, w towarzystwie ministra spraw zagranicznych Francji Jeana-Noela Barrota, wyg\u0142asza o\u015bwiadczenie dla prasy po wirtualnym spotkaniu &quot;koalicji ch\u0119tnych&quot; w Pa\u0142acu Elizejskim w Pary\u017cu, 25 listopada 2025 r. \" loading=\"lazy\" \/>JULIEN DE ROSA \/ POOL \/ PAP<\/p>\n<p>Prezydent Francji Emmanuel Macron, w towarzystwie ministra spraw zagranicznych Francji Jeana-Noela Barrota, wyg\u0142asza o\u015bwiadczenie dla prasy po wirtualnym spotkaniu &#8222;koalicji ch\u0119tnych&#8221; w Pa\u0142acu Elizejskim w Pary\u017cu, 25 listopada 2025 r. <\/p>\n<p class=\"Paragraph_desktopParagraph__U31Gm\">\u2014 Si\u0142y powietrzne zapewniaj\u0105ce bezpiecze\u0144stwo nie b\u0119d\u0105 stacjonowa\u0107 w Ukrainie, ale prawdopodobnie w s\u0105siednich krajach&#8230; prowadz\u0105c operacje we wsp\u00f3\u0142pracy z ukrai\u0144skimi si\u0142ami powietrznymi w celu zabezpieczenia przestrzeni powietrznej \u2014 powiedzia\u0142 we francuskim radiu.<\/p>\n<p class=\"Paragraph_desktopParagraph__U31Gm\">Maj\u0105c na uwadze nieufno\u015b\u0107 opinii publicznej w swoim kraju, Macron doda\u0142: \u2014 Nie powinni\u015bmy sia\u0107 paniki w\u015br\u00f3d Francuz\u00f3w, poniewa\u017c jest wiele os\u00f3b&#8230; kt\u00f3re chc\u0105 nas przestraszy\u0107 i twierdz\u0105, \u017ce natychmiast wy\u015blemy wojska, co jest nieprawd\u0105.<\/p>\n<p class=\"Paragraph_desktopParagraph__U31Gm\">Niemcy podchodz\u0105 do swojego zaanga\u017cowania nieco bardziej ostro\u017cnie. Minister spraw zagranicznych Johann Wadephul zwr\u00f3ci\u0142 w tym tygodniu uwag\u0119 na istniej\u0105c\u0105 niemieck\u0105 brygad\u0119 na Litwie, m\u00f3wi\u0105c, \u017ce &#8222;jeste\u015bmy bardziej zaanga\u017cowani w ca\u0142y region ni\u017c prawie ka\u017cdy inny cz\u0142onek NATO&#8221; i \u017ce to &#8222;wystarczy&#8221;.<\/p>\n<p>Pytania o zaanga\u017cowanie USA <\/p>\n<p class=\"Paragraph_desktopParagraph__U31Gm\">Pozostaj\u0105 r\u00f3wnie\u017c powa\u017cne pytania dotycz\u0105ce tego, jak Stany Zjednoczone naprawd\u0119 postrzegaj\u0105 swoj\u0105 rol\u0119 i gdzie si\u0142y europejskie mog\u0142yby mie\u0107 realny wp\u0142yw. Rosja otwarcie odrzuci\u0142a popierany przez Europ\u0119 plan pokojowy.<\/p>\n<p class=\"Paragraph_desktopParagraph__U31Gm\">Calvin Bailey, pose\u0142 Partii Pracy w komisji obrony brytyjskiej Izby Gmin, powiedzia\u0142, \u017ce chocia\u017c grupa ta &#8222;odgrywa istotn\u0105 rol\u0119&#8230; to aby proces ten m\u00f3g\u0142 funkcjonowa\u0107, nasze mo\u017cliwo\u015bci i plany musz\u0105 by\u0107 odpowiednio finansowane i wiarygodne&#8221;. Brytyjska Partia Konserwatywna wyrazi\u0142a w\u0105tpliwo\u015b\u0107, czy rz\u0105d naprawd\u0119 przemy\u015bla\u0142 swoje zobowi\u0105zania.<\/p>\n<p><img decoding=\"async\" class=\"Image_image__0tuHp Image_autoHeight__f2n87 \" height=\"587\" width=\"880\" src=\"https:\/\/www.europesays.com\/pl\/wp-content\/uploads\/2025\/11\/HtUk9kpTURBXy9iMjRhMzM0MGEyNTUwNDk2MzQzMTY5OWJjMzYzNTU2ZS5qcGeSlQLNA6wAwsOVAgDNAkvCw94AA6EwAaExAaEzw.jpeg\" alt=\"Premier Wielkiej Brytanii Keir Starmer bierze udzia\u0142 w wirtualnym spotkaniu koalicji ch\u0119tnych, Londyn, 25 listopada 2025 r.\" loading=\"lazy\" \/>Jaimi Joy \/ PAP<\/p>\n<p>Premier Wielkiej Brytanii Keir Starmer bierze udzia\u0142 w wirtualnym spotkaniu koalicji ch\u0119tnych, Londyn, 25 listopada 2025 r.<\/p>\n<p class=\"Paragraph_desktopParagraph__U31Gm\">Drugi z cytowanych powy\u017cej brytyjskich urz\u0119dnik\u00f3w rz\u0105dowych stwierdzi\u0142, \u017ce krytyka ta jest nieuzasadniona, argumentuj\u0105c, \u017ce jasne oczekiwania operacyjne mo\u017cna ustali\u0107 dopiero po faktycznym osi\u0105gni\u0119ciu porozumienia o zawieszeniu broni.<\/p>\n<p class=\"Paragraph_desktopParagraph__U31Gm\">Jednak John Foreman, by\u0142y brytyjski attach\u00e9 wojskowy w Rosji, umniejszy\u0142 znaczenie ca\u0142ego wk\u0142adu militarnego Europy.<\/p>\n<p class=\"Paragraph_desktopParagraph__U31Gm\">Stwierdzi\u0142 on, \u017ce g\u0142\u00f3wnym zadaniem koalicji jest &#8222;odgrywanie roli ugrupowania politycznego, kt\u00f3re mo\u017ce \u0142\u0105czy\u0107 NATO, UE i reszt\u0119 \u015bwiata&#8221;.<\/p>\n<p class=\"Paragraph_desktopParagraph__U31Gm\">Jego zdaniem &#8222;nigdy nie b\u0119dzie ona w stanie zapewni\u0107 wiarygodnych gwarancji bezpiecze\u0144stwa \u2014 tylko Stany Zjednoczone wraz z kluczowymi sojusznikami mog\u0105 to zrobi\u0107, poniewa\u017c nikt nie chce walczy\u0107 z Rosjanami, je\u015bli pok\u00f3j zostanie z\u0142amany&#8221;.<\/p>\n","protected":false},"excerpt":{"rendered":"Po fali intensywnych dzia\u0142a\u0144 dyplomatycznych zmierzaj\u0105cych do zawarcia porozumienia, sojusznicy Ukrainy zebrali si\u0119 we wtorek na wirtualnym spotkaniu&hellip;\n","protected":false},"author":2,"featured_media":120312,"comment_status":"","ping_status":"","sticky":false,"template":"","format":"standard","meta":{"footnotes":""},"categories":[14],"tags":[56,32,33,339,1670,27,67,64,265,34,35,28,31,53,25,52,68,51,55,40,41,47,59,80,29,30,65,50,26,264,82,83,84],"class_list":{"0":"post-120311","1":"post","2":"type-post","3":"status-publish","4":"format-standard","5":"has-post-thumbnail","7":"category-swiat","8":"tag-article_premium","9":"tag-breaking-news","10":"tag-breakingnews","11":"tag-emmanuel_macron_francuski_prezydent","12":"tag-francja_francuz_francuzka_francuzi","13":"tag-headlines","14":"tag-intextvideo_splayer","15":"tag-inwazja_rosji_na_ukraine_2014_","16":"tag-keir_starmer_brytyjski_polityk","17":"tag-latest-news","18":"tag-latestnews","19":"tag-naglowki","20":"tag-najwazniejsze-artykuly","21":"tag-new_header","22":"tag-news","23":"tag-onet3","24":"tag-onet3d","25":"tag-onet3d_2i","26":"tag-phx","27":"tag-polish","28":"tag-polski","29":"tag-screening_general","30":"tag-stany_zjednoczone_usa","31":"tag-swiat","32":"tag-top-stories","33":"tag-topstories","34":"tag-update_me","35":"tag-v2021","36":"tag-wiadomosci","37":"tag-wielka_brytania_kraj","38":"tag-world","39":"tag-world-news","40":"tag-worldnews"},"share_on_mastodon":{"url":"","error":"Validation failed: Text character limit of 500 exceeded"},"_links":{"self":[{"href":"https:\/\/www.europesays.com\/pl\/wp-json\/wp\/v2\/posts\/120311","targetHints":{"allow":["GET"]}}],"collection":[{"href":"https:\/\/www.europesays.com\/pl\/wp-json\/wp\/v2\/posts"}],"about":[{"href":"https:\/\/www.europesays.com\/pl\/wp-json\/wp\/v2\/types\/post"}],"author":[{"embeddable":true,"href":"https:\/\/www.europesays.com\/pl\/wp-json\/wp\/v2\/users\/2"}],"replies":[{"embeddable":true,"href":"https:\/\/www.europesays.com\/pl\/wp-json\/wp\/v2\/comments?post=120311"}],"version-history":[{"count":0,"href":"https:\/\/www.europesays.com\/pl\/wp-json\/wp\/v2\/posts\/120311\/revisions"}],"wp:featuredmedia":[{"embeddable":true,"href":"https:\/\/www.europesays.com\/pl\/wp-json\/wp\/v2\/media\/120312"}],"wp:attachment":[{"href":"https:\/\/www.europesays.com\/pl\/wp-json\/wp\/v2\/media?parent=120311"}],"wp:term":[{"taxonomy":"category","embeddable":true,"href":"https:\/\/www.europesays.com\/pl\/wp-json\/wp\/v2\/categories?post=120311"},{"taxonomy":"post_tag","embeddable":true,"href":"https:\/\/www.europesays.com\/pl\/wp-json\/wp\/v2\/tags?post=120311"}],"curies":[{"name":"wp","href":"https:\/\/api.w.org\/{rel}","templated":true}]}}