{"id":120313,"date":"2025-11-27T05:16:13","date_gmt":"2025-11-27T05:16:13","guid":{"rendered":"https:\/\/www.europesays.com\/pl\/120313\/"},"modified":"2025-11-27T05:16:13","modified_gmt":"2025-11-27T05:16:13","slug":"tragedia-w-trakcie-pracy-w-dobroszycach-nie-zyje-30-latek-zginal-na-miejscu","status":"publish","type":"post","link":"https:\/\/www.europesays.com\/pl\/120313\/","title":{"rendered":"Tragedia w trakcie pracy w Dobroszycach. Nie \u017cyje 30-latek. Zgin\u0105\u0142 na miejscu"},"content":{"rendered":"<p class=\"ods-c-paragraph \">Dramat rozegra\u0142 si\u0119 we wtorek 25 listopada po godz. 22. 30-letni pracownik Centrum Dystrybucyjnego Lidla w Dobroszycach przemieszcza\u0142 si\u0119 na w\u00f3zku wid\u0142owym z jednej cz\u0119\u015bci hali do drugiej \u2014 informuje lokalny serwis Ole\u015bnica 24. W pewnym momencie uderzy\u0142 w przesuwne drzwi: automatyczn\u0105 bram\u0119 rozdzielaj\u0105c\u0105 dwa pomieszczenia. Jego obra\u017cenia by\u0142y na tyle powa\u017cne, \u017ce m\u0119\u017cczyzna zmar\u0142 na miejscu. To mieszkaniec gminy Dobroszyce. Informacj\u0119 te potwierdzi\u0142a policja w rozmowie z serwisem Ole\u015bnica 24.<\/p>\n<p>Dalszy ci\u0105g artyku\u0142u pod materia\u0142em wideo<\/p>\n<p> Gdzie dosz\u0142o do wypadku? <\/p>\n<p> Kiedy mia\u0142 miejsce wypadek? <\/p>\n<p> Jakie by\u0142y okoliczno\u015bci wypadku? <\/p>\n<p> Kto prowadzi \u015bledztwo w tej sprawie? <\/p>\n<p>  Tragiczny wypadek w zak\u0142adzie Lidla w Dobroszycach. Nie \u017cyje m\u0142ody m\u0119\u017cczyzna   <\/p>\n<p class=\"ods-c-paragraph \">Na miejscu zdarzenia pojawili si\u0119: policja z Komendy Powiatowej w Ole\u015bnicy, prokurator, a tak\u017ce inne s\u0142u\u017cby ratunkowe, w tym pogotowie. Na pomoc by\u0142o ju\u017c jednak za p\u00f3\u017ano. Miejsce tragicznego w skutkach wypadku zosta\u0142o zabezpieczone. W sprawie prowadzone jest ju\u017c \u015bledztwo. Zajmuje si\u0119 nim Prokuratura Rejonowa w Ole\u015bnicy.<\/p>\n<p class=\"ods-c-paragraph \">\u015aledczy ustal\u0105 teraz przyczyny i okoliczno\u015bci tragedii. B\u0119d\u0105 sprawdza\u0107 m.in. czy w zak\u0142adzie pracy zachowane by\u0142y przepisy BHP. Jak informuje lokalny serwis Ole\u015bnica Info, nieoficjalnie wiadomo, \u017ce w czasie wypadku na terenie zak\u0142adu pracy i w okolicy by\u0142y problemy z pr\u0105dem.<\/p>\n","protected":false},"excerpt":{"rendered":"Dramat rozegra\u0142 si\u0119 we wtorek 25 listopada po godz. 22. 30-letni pracownik Centrum Dystrybucyjnego Lidla w Dobroszycach przemieszcza\u0142&hellip;\n","protected":false},"author":2,"featured_media":55722,"comment_status":"","ping_status":"","sticky":false,"template":"","format":"standard","meta":{"footnotes":""},"categories":[12],"tags":[25715,32,33,36,37,27,34,35,3343,28,31,48,25,46,42,38,414,40,39,41,1627,47,1389,511,3844,29,30,26,25714,1853,2588],"class_list":{"0":"post-120313","1":"post","2":"type-post","3":"status-publish","4":"format-standard","5":"has-post-thumbnail","7":"category-polska","8":"tag-bhp","9":"tag-breaking-news","10":"tag-breakingnews","11":"tag-featured-news","12":"tag-featurednews","13":"tag-headlines","14":"tag-latest-news","15":"tag-latestnews","16":"tag-lidl","17":"tag-naglowki","18":"tag-najwazniejsze-artykuly","19":"tag-nat_styl","20":"tag-news","21":"tag-omp","22":"tag-pl","23":"tag-poland","24":"tag-policja","25":"tag-polish","26":"tag-polska","27":"tag-polski","28":"tag-prokuratura","29":"tag-screening_general","30":"tag-sledztwo","31":"tag-smierc","32":"tag-smiertelne_wypadki","33":"tag-top-stories","34":"tag-topstories","35":"tag-wiadomosci","36":"tag-wozek_widlowy","37":"tag-wroclaw","38":"tag-wypadek"},"share_on_mastodon":{"url":"https:\/\/pubeurope.com\/@pl\/115619966646060592","error":""},"_links":{"self":[{"href":"https:\/\/www.europesays.com\/pl\/wp-json\/wp\/v2\/posts\/120313","targetHints":{"allow":["GET"]}}],"collection":[{"href":"https:\/\/www.europesays.com\/pl\/wp-json\/wp\/v2\/posts"}],"about":[{"href":"https:\/\/www.europesays.com\/pl\/wp-json\/wp\/v2\/types\/post"}],"author":[{"embeddable":true,"href":"https:\/\/www.europesays.com\/pl\/wp-json\/wp\/v2\/users\/2"}],"replies":[{"embeddable":true,"href":"https:\/\/www.europesays.com\/pl\/wp-json\/wp\/v2\/comments?post=120313"}],"version-history":[{"count":0,"href":"https:\/\/www.europesays.com\/pl\/wp-json\/wp\/v2\/posts\/120313\/revisions"}],"wp:featuredmedia":[{"embeddable":true,"href":"https:\/\/www.europesays.com\/pl\/wp-json\/wp\/v2\/media\/55722"}],"wp:attachment":[{"href":"https:\/\/www.europesays.com\/pl\/wp-json\/wp\/v2\/media?parent=120313"}],"wp:term":[{"taxonomy":"category","embeddable":true,"href":"https:\/\/www.europesays.com\/pl\/wp-json\/wp\/v2\/categories?post=120313"},{"taxonomy":"post_tag","embeddable":true,"href":"https:\/\/www.europesays.com\/pl\/wp-json\/wp\/v2\/tags?post=120313"}],"curies":[{"name":"wp","href":"https:\/\/api.w.org\/{rel}","templated":true}]}}