{"id":120320,"date":"2025-11-27T05:29:12","date_gmt":"2025-11-27T05:29:12","guid":{"rendered":"https:\/\/www.europesays.com\/pl\/120320\/"},"modified":"2025-11-27T05:29:12","modified_gmt":"2025-11-27T05:29:12","slug":"cejrowski-kto-i-dlaczego-odrzuca-plan-trumpa-lisicki-ratunek-dla-kijowa-do-rzeczy","status":"publish","type":"post","link":"https:\/\/www.europesays.com\/pl\/120320\/","title":{"rendered":"Cejrowski: Kto i dlaczego odrzuca plan Trumpa? Lisicki: Ratunek dla Kijowa &#8211; Do Rzeczy"},"content":{"rendered":"<ol>\n<li><a href=\"https:\/\/news.google.com\/rss\/articles\/CBMiuwFBVV95cUxQUElLU3F0SnFUYzV5X1hIUm1uSE5YMWJZR18wREhUaHE5M0Y4dGhoaXdPd3hPZkxkdEJET3ZiY1YyNFI1dmhZdWxNSnFWREdlanJtYWFvOGpCa19yVHNrSS05NlpybDNUZFRjRDc4bkdhdHBmWDMzRG9YOGE2VTBnZEYtSDhEX1FvU0hSZjVUajlwb3JoeEM1Z1g0ZVNrLWwwb09CdkVUVzNWbW56QlJXQjdYblFSM0duQmFZ?oc=5\" target=\"_blank\" rel=\"nofollow noopener\">Cejrowski: Kto i dlaczego odrzuca plan Trumpa? Lisicki: Ratunek dla Kijowa<\/a>&nbsp;&nbsp;Do Rzeczy<\/li>\n<li><a href=\"https:\/\/news.google.com\/rss\/articles\/CBMimwFBVV95cUxQX1FhVFpDWHR2QlRCSGpjWk1OSk1acVB3UmFub3pQV2dGcWMzai1UcEhrRmx3TnNaMTRTOVd1NjNOUUhyNzRYWDJzZm4ycGtmRW9TX2NGc2xZTVNkbHJXNU9fZXJkUDRWT3BfOXJKMTRmVWxtbFhfVHZGcTFXS0xtd3Q4YklhSUt1MTYyUjJEaEpsX3JmRmRTNmxpdw?oc=5\" target=\"_blank\" rel=\"nofollow noopener\">Koalicja ch\u0119tnych z jasnym przekazem w sprawie Ukrainy<\/a>&nbsp;&nbsp;Onet Wiadomo\u015bci<\/li>\n<li><a href=\"https:\/\/news.google.com\/rss\/articles\/CBMizAFBVV95cUxQSjA1WlhvOFZTTzhYdTM2X1dVZDFxYlNET3BwekFiblFDMkd4bXZjU3lGZjVyZ0lLeFI3RzhHMEd6bDhMUnVVcWt1YWZsRjhsUHpFVUtVXzRnb3hNNm5xV0NvZFRDLW1NLVZyeUZXM0xDWDZaaF9UQWpoeXJzeTBsM0pfcC1tVkFHSXE5enY5UXNYRTJnZVVyYmNXMG5fUUVSVG5SdFNMX2NBMzk5R3VkdlpxemZHOVdYTGJheGN4QTAyNTZPWGNITF9VWEU?oc=5\" target=\"_blank\" rel=\"nofollow noopener\">Trwaj\u0105 prace nad pokojem w Ukrainie. I nad nowym uderzeniem finansowym w Rosj\u0119<\/a>&nbsp;&nbsp;Money.pl<\/li>\n<li><a href=\"https:\/\/news.google.com\/rss\/articles\/CBMigwFBVV95cUxONmdPNmN1c2h5bEQweU1laHdxMnJHd2JMVTg1UHNTQVZFcExDalBwNnZacU5XVDdrUTl2TFFYejJlaUZvMHVzY0w5eUQwb3B2M0gtXzVpbHdEVmFxaFUyQUhnbjVwTTlCYzVQTU80YjVNaDhUT1FJOVBaWkxFUnpBQTVwYw?oc=5\" target=\"_blank\" rel=\"nofollow noopener\">&#8222;Ukraina otrzymuje wsparcie wywiadowcze&#8221;. Ambasadorka: b\u0119dziemy dalej go udziela\u0107<\/a>&nbsp;&nbsp;TVN24<\/li>\n<li><a href=\"https:\/\/news.google.com\/rss\/articles\/CBMisgFBVV95cUxQTWxRQkRXMFhwTTduUGhKczJhUGxNci1rQlUyOGJwcWQ1VUVzOEFwZFR5VEMybVpfTFh1Y1BkNG91bWZQd29Mb3AwYzBobEhIdFp1V2NZZnA5SURET242aUExaVlxY3BVZERhcW1sekMzZjQwd3dHak1PanVtSzM0V0JBUnVMNDNNQVN2X1ZlODYyMlB6THNyQnBDamVpa1NCeDlUbVB6b1I0cVhCUXhYNEJR?oc=5\" target=\"_blank\" rel=\"nofollow noopener\">Rozmowy tzw. koalicji ch\u0119tnych. Macron widzi szans\u0119 na &#8222;dobry pok\u00f3j&#8221;, Brytyjczycy szykuj\u0105 rakiety<\/a>&nbsp;&nbsp;Business Insider Polska<\/li>\n<\/ol>\n","protected":false},"excerpt":{"rendered":"Cejrowski: Kto i dlaczego odrzuca plan Trumpa? Lisicki: Ratunek dla Kijowa&nbsp;&nbsp;Do Rzeczy Koalicja ch\u0119tnych z jasnym przekazem w&hellip;\n","protected":false},"author":2,"featured_media":120321,"comment_status":"","ping_status":"","sticky":false,"template":"","format":"standard","meta":{"footnotes":""},"categories":[14],"tags":[2845,32,33,2843,98,27,34,35,2844,28,31,25,102,40,41,87,80,29,30,597,2846,415,26,82,83,84],"class_list":{"0":"post-120320","1":"post","2":"type-post","3":"status-publish","4":"format-standard","5":"has-post-thumbnail","7":"category-swiat","8":"tag-antysystem","9":"tag-breaking-news","10":"tag-breakingnews","11":"tag-cejrowski","12":"tag-dorzeczy","13":"tag-headlines","14":"tag-latest-news","15":"tag-latestnews","16":"tag-lisicki","17":"tag-naglowki","18":"tag-najwazniejsze-artykuly","19":"tag-news","20":"tag-opinie","21":"tag-polish","22":"tag-polski","23":"tag-rosja","24":"tag-swiat","25":"tag-top-stories","26":"tag-topstories","27":"tag-trump","28":"tag-tylko-na-dorzeczy-pl","29":"tag-ukraina","30":"tag-wiadomosci","31":"tag-world","32":"tag-world-news","33":"tag-worldnews"},"share_on_mastodon":{"url":"https:\/\/pubeurope.com\/@pl\/115620017926696172","error":""},"_links":{"self":[{"href":"https:\/\/www.europesays.com\/pl\/wp-json\/wp\/v2\/posts\/120320","targetHints":{"allow":["GET"]}}],"collection":[{"href":"https:\/\/www.europesays.com\/pl\/wp-json\/wp\/v2\/posts"}],"about":[{"href":"https:\/\/www.europesays.com\/pl\/wp-json\/wp\/v2\/types\/post"}],"author":[{"embeddable":true,"href":"https:\/\/www.europesays.com\/pl\/wp-json\/wp\/v2\/users\/2"}],"replies":[{"embeddable":true,"href":"https:\/\/www.europesays.com\/pl\/wp-json\/wp\/v2\/comments?post=120320"}],"version-history":[{"count":0,"href":"https:\/\/www.europesays.com\/pl\/wp-json\/wp\/v2\/posts\/120320\/revisions"}],"wp:featuredmedia":[{"embeddable":true,"href":"https:\/\/www.europesays.com\/pl\/wp-json\/wp\/v2\/media\/120321"}],"wp:attachment":[{"href":"https:\/\/www.europesays.com\/pl\/wp-json\/wp\/v2\/media?parent=120320"}],"wp:term":[{"taxonomy":"category","embeddable":true,"href":"https:\/\/www.europesays.com\/pl\/wp-json\/wp\/v2\/categories?post=120320"},{"taxonomy":"post_tag","embeddable":true,"href":"https:\/\/www.europesays.com\/pl\/wp-json\/wp\/v2\/tags?post=120320"}],"curies":[{"name":"wp","href":"https:\/\/api.w.org\/{rel}","templated":true}]}}