{"id":120336,"date":"2025-11-27T05:44:06","date_gmt":"2025-11-27T05:44:06","guid":{"rendered":"https:\/\/www.europesays.com\/pl\/120336\/"},"modified":"2025-11-27T05:44:06","modified_gmt":"2025-11-27T05:44:06","slug":"zacznie-sie-w-czwartek-w-calej-polsce-policja-zapowiada","status":"publish","type":"post","link":"https:\/\/www.europesays.com\/pl\/120336\/","title":{"rendered":"Zacznie si\u0119 w czwartek w ca\u0142ej Polsce. Policja zapowiada"},"content":{"rendered":"<p>Policja zapowiada dzi\u015b wzmo\u017cone kontrole na drogach ca\u0142ego kraju. Funkcjonariusze maj\u0105 skupi\u0107 si\u0119 na miejscach szczeg\u00f3lnie niebezpiecznych, gdzie przekroczenie pr\u0119dko\u015bci najcz\u0119\u015bciej ko\u0144czy si\u0119 wypadkami. Jak przekaza\u0142 podinsp. Robert Opas z\u00a0Biura Ruchu Drogowego KGP, akcja ma charakter og\u00f3lnopolski i\u00a0obejmuje zar\u00f3wno miasta, jak i\u00a0odcinki dr\u00f3g poza terenem zabudowanym. Informacje o\u00a0dzia\u0142aniach poda\u0142a Polska Agencja Prasowa.<\/p>\n<p>W akcj\u0119 anga\u017cuj\u0105 si\u0119 specjalne grupy Speed, kt\u00f3re na co dzie\u0144 zwalczaj\u0105 najbardziej ryzykowne zachowania kierowc\u00f3w. Funkcjonariusze zapowiadaj\u0105 szczeg\u00f3ln\u0105 obecno\u015b\u0107 tam, gdzie regularnie dochodzi do powa\u017cnych zdarze\u0144 przez nadmiern\u0105 pr\u0119dko\u015b\u0107. To ma zwi\u0119kszy\u0107 efekt prewencyjny i\u00a0ograniczy\u0107 liczb\u0119 ofiar.<\/p>\n<p>My\u015bla\u0142, \u017ce uda mu\u00a0si\u0119 uciec. 23-latek schowa\u0142 si\u0119 na\u00a0klatce schodowej <\/p>\n<p>Biuro Ruchu Drogowego KGP wskazuje, \u017ce do 25 listopada 2025 r. niedostosowanie pr\u0119dko\u015bci do warunk\u00f3w drogi by\u0142o przyczyn\u0105 3\u00a0777 wypadk\u00f3w. Zgin\u0119\u0142o 459 os\u00f3b, a\u00a04\u00a0788 zosta\u0142o rannych. Podinsp. Opas zaznacza jednocze\u015bnie, \u017ce te liczby s\u0105 ni\u017csze ni\u017c w\u00a0ubieg\u0142ych latach, co mo\u017ce \u015bwiadczy\u0107 o\u00a0poprawie dyscypliny na drogach. Spadek rok do roku to 120 wypadk\u00f3w i\u00a0140 ofiar \u015bmiertelnych mniej.<\/p>\n","protected":false},"excerpt":{"rendered":"Policja zapowiada dzi\u015b wzmo\u017cone kontrole na drogach ca\u0142ego kraju. Funkcjonariusze maj\u0105 skupi\u0107 si\u0119 na miejscach szczeg\u00f3lnie niebezpiecznych, gdzie&hellip;\n","protected":false},"author":2,"featured_media":120337,"comment_status":"","ping_status":"","sticky":false,"template":"","format":"standard","meta":{"footnotes":""},"categories":[12],"tags":[32,33,36,37,27,34,35,28,31,25,42,38,40,39,41,29,30,26],"class_list":{"0":"post-120336","1":"post","2":"type-post","3":"status-publish","4":"format-standard","5":"has-post-thumbnail","7":"category-polska","8":"tag-breaking-news","9":"tag-breakingnews","10":"tag-featured-news","11":"tag-featurednews","12":"tag-headlines","13":"tag-latest-news","14":"tag-latestnews","15":"tag-naglowki","16":"tag-najwazniejsze-artykuly","17":"tag-news","18":"tag-pl","19":"tag-poland","20":"tag-polish","21":"tag-polska","22":"tag-polski","23":"tag-top-stories","24":"tag-topstories","25":"tag-wiadomosci"},"share_on_mastodon":{"url":"https:\/\/pubeurope.com\/@pl\/115620076838677270","error":""},"_links":{"self":[{"href":"https:\/\/www.europesays.com\/pl\/wp-json\/wp\/v2\/posts\/120336","targetHints":{"allow":["GET"]}}],"collection":[{"href":"https:\/\/www.europesays.com\/pl\/wp-json\/wp\/v2\/posts"}],"about":[{"href":"https:\/\/www.europesays.com\/pl\/wp-json\/wp\/v2\/types\/post"}],"author":[{"embeddable":true,"href":"https:\/\/www.europesays.com\/pl\/wp-json\/wp\/v2\/users\/2"}],"replies":[{"embeddable":true,"href":"https:\/\/www.europesays.com\/pl\/wp-json\/wp\/v2\/comments?post=120336"}],"version-history":[{"count":0,"href":"https:\/\/www.europesays.com\/pl\/wp-json\/wp\/v2\/posts\/120336\/revisions"}],"wp:featuredmedia":[{"embeddable":true,"href":"https:\/\/www.europesays.com\/pl\/wp-json\/wp\/v2\/media\/120337"}],"wp:attachment":[{"href":"https:\/\/www.europesays.com\/pl\/wp-json\/wp\/v2\/media?parent=120336"}],"wp:term":[{"taxonomy":"category","embeddable":true,"href":"https:\/\/www.europesays.com\/pl\/wp-json\/wp\/v2\/categories?post=120336"},{"taxonomy":"post_tag","embeddable":true,"href":"https:\/\/www.europesays.com\/pl\/wp-json\/wp\/v2\/tags?post=120336"}],"curies":[{"name":"wp","href":"https:\/\/api.w.org\/{rel}","templated":true}]}}