{"id":120338,"date":"2025-11-27T05:45:13","date_gmt":"2025-11-27T05:45:13","guid":{"rendered":"https:\/\/www.europesays.com\/pl\/120338\/"},"modified":"2025-11-27T05:45:13","modified_gmt":"2025-11-27T05:45:13","slug":"policyjny-poscig-ulicami-wroclawia-uciekinierzy-doprowadzili-do-powaznego-wypadku-biezace-informacje","status":"publish","type":"post","link":"https:\/\/www.europesays.com\/pl\/120338\/","title":{"rendered":"Policyjny po\u015bcig ulicami Wroc\u0142awia. Uciekinierzy doprowadzili do powa\u017cnego wypadku &#8211; Bie\u017c\u0105ce informacje"},"content":{"rendered":"<p>&#13;<\/p>\n<p>    Policyjny po\u015bcig ulicami Wroc\u0142awia. Uciekinierzy doprowadzili do powa\u017cnego wypadku<br \/>\n      Data publikacji  26.11.2025<\/p>\n<p class=\"intro\">Dzisiaj tu\u017c po p\u00f3\u0142nocy, wroc\u0142awscy policjanci otrzymali zg\u0142oszenie o mo\u017cliwym pobiciu, a nast\u0119pnie uprowadzeniu m\u0119\u017cczyzny, do kt\u00f3rego mia\u0142o doj\u015b\u0107 na terenie dzia\u0142ania Komisariatu Policji Wroc\u0142aw-Grabiszynek. Z uwagi na powag\u0119 zg\u0142oszenia niezw\u0142ocznie og\u0142oszono alarm dla ca\u0142ego pionu kryminalnego wroc\u0142awskiej komendy miejskiej i dolno\u015bl\u0105skiej komendy wojew\u00f3dzkiej.<\/p>\n<p>   &#13;<\/p>\n<p>Funkcjonariusze, prowadz\u0105c intensywne dzia\u0142ania operacyjne, szybko ustalili pojazd, kt\u00f3rym mieli porusza\u0107 si\u0119 sprawcy. Po godzinie 4:00 policjanci namierzyli poszukiwanego volkswagena. Kieruj\u0105cy zignorowa\u0142 sygna\u0142y do zatrzymania i podj\u0105\u0142 pr\u00f3b\u0119 ucieczki. W\u00a0 jej trakcie samoch\u00f3d uciekinier\u00f3w\u00a0zderzy\u0142 si\u0119 z tramwajem przy skrzy\u017cowaniu ulic Hallera i Gajowickiej.<\/p>\n<p>&#13;<br \/>\n&#13;<\/p>\n<p>Wewn\u0105trz znajdowa\u0142o si\u0119 trzech m\u0119\u017cczyzn, w tym jeden przewo\u017cony w baga\u017cniku volkswagena. Policjanci oraz ratownicy medyczni natychmiast podj\u0119li czynno\u015bci ratownicze wobec wszystkich os\u00f3b. Na miejsce przyby\u0142a tak\u017ce stra\u017c po\u017carna, kt\u00f3ra pomog\u0142a w uwolnieniu poszkodowanych z rozbitego pojazdu.<\/p>\n<p>&#13;<br \/>\n&#13;<\/p>\n<p>Niestety, pomimo udzielonej pomocy, 34-letni m\u0119\u017cczyzna przewo\u017cony w baga\u017cniku, po godzinie 6 rano, zmar\u0142 w szpitalu. Na miejscu pod nadzorem prokuratora pracuj\u0105 policjanci z grupy dochodzeniowo-\u015bledczej.<\/p>\n<p>&#13;<br \/>\n&#13;<\/p>\n<p>Okoliczno\u015bci zdarzenia, w tym w\u0105tek pobicia i uprowadzenia, a w efekcie \u015bmierci 34-letniego m\u0119\u017cczyzny s\u0105 szczeg\u00f3\u0142owo wyja\u015bniane.<\/p>\n<p>&#13;<br \/>\n&#13;<\/p>\n<p>podkomisarz Aleksandra Freus<br \/>&#13;<br \/>\nKomenda Miejska Policji we Wroc\u0142awiu<\/p>\n<p>&#13;<br \/>\n        \t\t\t&#13;<br \/>\n&#13;<br \/>\n  &#13;<br \/>\n  Film Nagranie z monitoringu  &#13;<br \/>\n    &#13;<br \/>\n  <video id=\"player1\" class=\"video-js vjs-16-9 placeholder vjs-big-play-centered\" data-setup=\"{ &quot;language&quot;: &quot;pl&quot;, &quot;controls&quot;: true, &quot;autoplay&quot;: false, &quot;preload&quot;: &quot;auto&quot;, &quot;poster&quot;: &quot;\/dokumenty\/zalaczniki\/412\/412-326411_g.jpg&quot; }\">&#13;<br \/>\n    &#13;<\/p>\n<p class=\"vjs-no-js\">Aby obejrze\u0107 film w\u0142\u0105cz obs\u0142ug\u0119 JavaScript w swojej przel\u0105darce.<\/p>\n<p>&#13;<br \/>\n  <\/video>&#13;<br \/>\n   &#13;<br \/>\n  &#13;<\/p>\n<p> <a href=\"https:\/\/wroclaw.policja.gov.pl\/dokumenty\/zalaczniki\/412\/412-326411.mp4\" download=\"\" rel=\"nofollow noopener\" target=\"_blank\">Pobierz plik Nagranie z monitoringu<\/a> (format mp4 &#8211; rozmiar 22.93 MB)<\/p>\n<p>&#13;<br \/>\n  &#13;<br \/>\n&#13;<br \/>\n&#13;<br \/>\n\t      &#13;<br \/>\n  &#13;<\/p>\n","protected":false},"excerpt":{"rendered":"&#13; Policyjny po\u015bcig ulicami Wroc\u0142awia. Uciekinierzy doprowadzili do powa\u017cnego wypadku Data publikacji 26.11.2025 Dzisiaj tu\u017c po p\u00f3\u0142nocy, wroc\u0142awscy&hellip;\n","protected":false},"author":2,"featured_media":120339,"comment_status":"","ping_status":"","sticky":false,"template":"","format":"standard","meta":{"footnotes":""},"categories":[5],"tags":[32,33,36,37,27,34,35,28,31,25,42,38,40,39,41,29,30,26],"class_list":{"0":"post-120338","1":"post","2":"type-post","3":"status-publish","4":"format-standard","5":"has-post-thumbnail","7":"category-naglowki","8":"tag-breaking-news","9":"tag-breakingnews","10":"tag-featured-news","11":"tag-featurednews","12":"tag-headlines","13":"tag-latest-news","14":"tag-latestnews","15":"tag-naglowki","16":"tag-najwazniejsze-artykuly","17":"tag-news","18":"tag-pl","19":"tag-poland","20":"tag-polish","21":"tag-polska","22":"tag-polski","23":"tag-top-stories","24":"tag-topstories","25":"tag-wiadomosci"},"share_on_mastodon":{"url":"https:\/\/pubeurope.com\/@pl\/115620080821462050","error":""},"_links":{"self":[{"href":"https:\/\/www.europesays.com\/pl\/wp-json\/wp\/v2\/posts\/120338","targetHints":{"allow":["GET"]}}],"collection":[{"href":"https:\/\/www.europesays.com\/pl\/wp-json\/wp\/v2\/posts"}],"about":[{"href":"https:\/\/www.europesays.com\/pl\/wp-json\/wp\/v2\/types\/post"}],"author":[{"embeddable":true,"href":"https:\/\/www.europesays.com\/pl\/wp-json\/wp\/v2\/users\/2"}],"replies":[{"embeddable":true,"href":"https:\/\/www.europesays.com\/pl\/wp-json\/wp\/v2\/comments?post=120338"}],"version-history":[{"count":0,"href":"https:\/\/www.europesays.com\/pl\/wp-json\/wp\/v2\/posts\/120338\/revisions"}],"wp:featuredmedia":[{"embeddable":true,"href":"https:\/\/www.europesays.com\/pl\/wp-json\/wp\/v2\/media\/120339"}],"wp:attachment":[{"href":"https:\/\/www.europesays.com\/pl\/wp-json\/wp\/v2\/media?parent=120338"}],"wp:term":[{"taxonomy":"category","embeddable":true,"href":"https:\/\/www.europesays.com\/pl\/wp-json\/wp\/v2\/categories?post=120338"},{"taxonomy":"post_tag","embeddable":true,"href":"https:\/\/www.europesays.com\/pl\/wp-json\/wp\/v2\/tags?post=120338"}],"curies":[{"name":"wp","href":"https:\/\/api.w.org\/{rel}","templated":true}]}}