{"id":120346,"date":"2025-11-27T05:52:13","date_gmt":"2025-11-27T05:52:13","guid":{"rendered":"https:\/\/www.europesays.com\/pl\/120346\/"},"modified":"2025-11-27T05:52:13","modified_gmt":"2025-11-27T05:52:13","slug":"taka-zima-w-polsce-zdarza-sie-raz-na-dekady-meteorolodzy-juz-ostrzegaja-polska","status":"publish","type":"post","link":"https:\/\/www.europesays.com\/pl\/120346\/","title":{"rendered":"Taka zima w Polsce zdarza si\u0119 raz na dekady. Meteorolodzy ju\u017c ostrzegaj\u0105 &#8211; Polska"},"content":{"rendered":"<p>Prognoza na zim\u0119 2025\/2026. Zamieszaj\u0105 dwa zjawiska<\/p>\n<p>La Ni\u00f1a powoduje okre\u015blone zmiany warunk\u00f3w pogodowych niemal na ca\u0142ym \u015bwiecie. W tym przypadku oznacza wyra\u017anie ch\u0142odniejsz\u0105 zim\u0119 i wi\u0119ksze prawdopodobie\u0144stwo mroz\u00f3w oraz opad\u00f3w \u015bniegu. Dodatkowo wir polarny, kt\u00f3ry na p\u00f3\u0142nocy utrzymuje mas\u0119 ch\u0142odnego, arktycznego powietrza, mo\u017ce si\u0119 os\u0142abi\u0107 lub nawet rozpa\u015b\u0107. Je\u015bli do tego dojdzie, nad Europ\u0119 nadci\u0105gnie <a href=\"https:\/\/polskieradio24.pl\/artykul\/3612561,pomaranczowe-alerty-imgw-meteorolodzy-nawet-40-cm-sniegu\" target=\"_blank\" rel=\"nofollow noopener\">\u015bnie\u017cna zima<\/a>, obfituj\u0105ca w liczne spadki temperatur.<\/p>\n<p>Czytaj tak\u017ce:<\/p>\n<ul class=\"ArticleContent_articleUlList__MbfF_\">&#13;<\/p>\n<li><a href=\"https:\/\/polskieradio24.pl\/artykul\/3612882,tyle-sniegu-jeszcze-nie-bylo-meteorolodzy-zagrozona-wiekszosc-kraju\" target=\"_blank\" rel=\"nofollow noopener\">Tyle \u015bniegu jeszcze nie by\u0142o. Meteorolodzy: zagro\u017cona wi\u0119kszo\u015b\u0107 kraju<\/a><\/li>\n<p>&#13;\n<\/ul>\n<p>Instytut Meteorologii i Gospodarki Wodnej przedstawi\u0142 now\u0105 prognoz\u0119 na zim\u0119 2025\/2026. S\u0105 wi\u0119ksze szanse na ch\u0142\u00f3d w grudniu i styczniu. &#8211; Tegoroczna zima zapowiada si\u0119 ciekawie. Wszystko przez zjawisko La Ni\u00f1a na Pacyfiku i mo\u017cliwy rozpad wiru polarnego &#8211; wyja\u015bni\u0142a Agnieszka Prasek z IMGW.<\/p>\n<p> <img decoding=\"async\" src=\"https:\/\/www.europesays.com\/pl\/wp-content\/uploads\/2025\/11\/80d6cc49-386a-4998-a6b3-41f7eff0886e.jpg\" alt=\"Najnowsze prognozy na zim\u0119 wskazuj\u0105 na wi\u0119ksze ilo\u015bci \u015bniegu, ni\u017c przewidywano (\u017ar\u00f3d\u0142o: severe-weather.eu)\"\/>    Najnowsze prognozy na zim\u0119 wskazuj\u0105 na wi\u0119ksze ilo\u015bci \u015bniegu, ni\u017c przewidywano (\u017ar\u00f3d\u0142o: severe-weather.eu)    <\/p>\n<p>To os\u0142abi wir polarny i otworzy szans\u0119 na prawdziw\u0105 zim\u0119<\/p>\n<p>Modele pogodowe sugeruj\u0105, \u017ce pod koniec listopada dojdzie do <a href=\"https:\/\/polskieradio24.pl\/artykul\/3611498,mozliwe-nagle-ocieplenie-stratosferyczne-meteorolodzy-tlumacza-co-moze-sie-wydarzyc\" target=\"_blank\" rel=\"nofollow noopener\">nag\u0142ego ocieplenia stratosferycznego<\/a>, co mo\u017ce os\u0142abi\u0107 <a href=\"https:\/\/polskieradio24.pl\/artykul\/3608757,wir-polarny-puszcza-meteorolodzy-grudzien-moze-byc-ekstremalny\" target=\"_blank\" rel=\"nofollow noopener\">wir polarny<\/a>. To zwykle oznacza wi\u0119ksze szanse na nap\u0142yw zimnego powietrza w grudniu i styczniu. &#8211; Prognozy \u015bniegu wygl\u0105daj\u0105 obiecuj\u0105co, zw\u0142aszcza na po\u0142udniu, w centrum i wschodzie kraju. Je\u015bli temperatury b\u0119d\u0105 wystarczaj\u0105co niskie, mo\u017ce tam powsta\u0107 trwa\u0142a pokrywa \u015bnie\u017cna &#8211; podkre\u015bli\u0142a synoptyk IMGW.<\/p>\n<p>Sytuacja baryczna nad Europ\u0105 ma sprzyja\u0107 nap\u0142ywowi ch\u0142odu. Wy\u017ce na p\u00f3\u0142nocy i ni\u017ce na po\u0142udniu b\u0119d\u0105 kierowa\u0107 do Polski zimne arktyczne masy powietrza ze wschodu i p\u00f3\u0142nocnego wschodu.<\/p>\n<p> <img decoding=\"async\" src=\"https:\/\/www.europesays.com\/pl\/wp-content\/uploads\/2025\/11\/f62971f6-350b-4157-baf8-4e60c4dd3152.jpg\" alt=\"\u015arednia temperatura minimalna (\u017ar\u00f3d\u0142o: IMGW)\"\/>    \u015arednia temperatura minimalna (\u017ar\u00f3d\u0142o: IMGW)    <\/p>\n<p>W styczniu scenariusz \u015bnie\u017cnej i mro\u017anej zimy powinien si\u0119 utrzyma\u0107. W lutym wir polarny mo\u017ce si\u0119 odbudowa\u0107, co przyniesie \u0142agodniejsz\u0105 zimow\u0105 aur\u0119. Mimo wszystko modele sezonowe wci\u0105\u017c przewiduj\u0105 zim\u0119 cieplejsz\u0105 od normy &#8211; wbrew temu, co sugerowa\u0142aby analiza wzorc\u00f3w pogodowych.<\/p>\n<p> <img decoding=\"async\" src=\"https:\/\/www.europesays.com\/pl\/wp-content\/uploads\/2025\/11\/2ecd7d6c-bea9-419b-bb4b-a4d17adf1620.jpg\" alt=\"Anomalia \u015bredniej temperatury (\u017ar\u00f3d\u0142o: IMGW)\"\/>    Anomalia \u015bredniej temperatury (\u017ar\u00f3d\u0142o: IMGW)    <\/p>\n<p>Podsumowuj\u0105c: je\u015bli dojdzie do na\u0142o\u017cenia si\u0119 i kumulacji obu zjawisk &#8211; La Ni\u00f1y i rozpadu wiru polarnego &#8211; mo\u017cemy mie\u0107 do czynienia z zim\u0105, kt\u00f3rej nie widziano w Polsce od lat. Przynajmniej do ko\u0144ca stycznia.<\/p>\n<p>Czytaj tak\u017ce:<\/p>\n<ul class=\"ArticleContent_articleUlList__MbfF_\">&#13;<\/p>\n<li><a href=\"https:\/\/polskieradio24.pl\/artykul\/3611815,potezna-sniezyca-przejdzie-nad-polska-meteorolodzy-pokazali-animacje\" target=\"_blank\" rel=\"nofollow noopener\">Pot\u0119\u017cna \u015bnie\u017cyca przejdzie nad Polsk\u0105. Meteorolodzy pokazali animacj\u0119<\/a><\/li>\n<p>&#13;\n<\/ul>\n<p>\u0179r\u00f3d\u0142a: IMGW\/PolskieRadio24.pl\/pb<\/p>\n","protected":false},"excerpt":{"rendered":"Prognoza na zim\u0119 2025\/2026. Zamieszaj\u0105 dwa zjawiska La Ni\u00f1a powoduje okre\u015blone zmiany warunk\u00f3w pogodowych niemal na ca\u0142ym \u015bwiecie.&hellip;\n","protected":false},"author":2,"featured_media":120347,"comment_status":"","ping_status":"","sticky":false,"template":"","format":"standard","meta":{"footnotes":""},"categories":[5],"tags":[32,33,36,37,27,34,35,28,31,25,42,38,40,39,41,29,30,26],"class_list":{"0":"post-120346","1":"post","2":"type-post","3":"status-publish","4":"format-standard","5":"has-post-thumbnail","7":"category-naglowki","8":"tag-breaking-news","9":"tag-breakingnews","10":"tag-featured-news","11":"tag-featurednews","12":"tag-headlines","13":"tag-latest-news","14":"tag-latestnews","15":"tag-naglowki","16":"tag-najwazniejsze-artykuly","17":"tag-news","18":"tag-pl","19":"tag-poland","20":"tag-polish","21":"tag-polska","22":"tag-polski","23":"tag-top-stories","24":"tag-topstories","25":"tag-wiadomosci"},"share_on_mastodon":{"url":"https:\/\/pubeurope.com\/@pl\/115620108565679699","error":""},"_links":{"self":[{"href":"https:\/\/www.europesays.com\/pl\/wp-json\/wp\/v2\/posts\/120346","targetHints":{"allow":["GET"]}}],"collection":[{"href":"https:\/\/www.europesays.com\/pl\/wp-json\/wp\/v2\/posts"}],"about":[{"href":"https:\/\/www.europesays.com\/pl\/wp-json\/wp\/v2\/types\/post"}],"author":[{"embeddable":true,"href":"https:\/\/www.europesays.com\/pl\/wp-json\/wp\/v2\/users\/2"}],"replies":[{"embeddable":true,"href":"https:\/\/www.europesays.com\/pl\/wp-json\/wp\/v2\/comments?post=120346"}],"version-history":[{"count":0,"href":"https:\/\/www.europesays.com\/pl\/wp-json\/wp\/v2\/posts\/120346\/revisions"}],"wp:featuredmedia":[{"embeddable":true,"href":"https:\/\/www.europesays.com\/pl\/wp-json\/wp\/v2\/media\/120347"}],"wp:attachment":[{"href":"https:\/\/www.europesays.com\/pl\/wp-json\/wp\/v2\/media?parent=120346"}],"wp:term":[{"taxonomy":"category","embeddable":true,"href":"https:\/\/www.europesays.com\/pl\/wp-json\/wp\/v2\/categories?post=120346"},{"taxonomy":"post_tag","embeddable":true,"href":"https:\/\/www.europesays.com\/pl\/wp-json\/wp\/v2\/tags?post=120346"}],"curies":[{"name":"wp","href":"https:\/\/api.w.org\/{rel}","templated":true}]}}